{"id":28854,"date":"2022-02-15T10:00:49","date_gmt":"2022-02-15T13:00:49","guid":{"rendered":"https:\/\/somdepapo.com.br\/portal\/?p=28854"},"modified":"2022-01-28T11:50:22","modified_gmt":"2022-01-28T14:50:22","slug":"proteja-seu-cabelo-do-sol","status":"publish","type":"post","link":"https:\/\/somdepapo.com.br\/portal\/proteja-seu-cabelo-do-sol\/","title":{"rendered":"Proteja seu cabelo do sol"},"content":{"rendered":"<div dir=\"auto\" style=\"text-align: justify;\"><\/div>\n<div dir=\"auto\">\n<div dir=\"auto\" style=\"text-align: right;\"><em>Por Gilbertinho Cabeleireiro<\/em><\/div>\n<div dir=\"auto\" style=\"text-align: right;\"><\/div>\n<div dir=\"auto\" style=\"text-align: right;\">@gilbertinhocabeleireiro<\/div>\n<\/div>\n<div dir=\"auto\" style=\"text-align: justify;\"><\/div>\n<div dir=\"auto\" style=\"text-align: justify;\"><\/div>\n<div dir=\"auto\" style=\"text-align: justify;\"><\/div>\n<div dir=\"auto\" style=\"text-align: justify;\">O sol \u00e9 um dos agentes externos respons\u00e1veis por tirar a umidade dos nossos fios, tornando os cabelos ressecados e fr\u00e1geis. Durante o ver\u00e3o, ele est\u00e1 ainda mais forte prejudicando ainda mais nossos fios.<\/div>\n<div dir=\"auto\" style=\"text-align: justify;\"><\/div>\n<div dir=\"auto\" style=\"text-align: justify;\"><\/div>\n<div dir=\"auto\" style=\"text-align: justify;\">Al\u00e9m disso, o ver\u00e3o pede piscina e praia, n\u00e3o \u00e9? Por isso, al\u00e9m do sol, o cloro e \u00e1gua salgadas d\u00e3o uma &#8220;m\u00e3ozinha&#8221; para os raios solares, aumentando os danos nos cabelos.<\/div>\n<div dir=\"auto\" style=\"text-align: justify;\"><\/div>\n<div dir=\"auto\" style=\"text-align: justify;\"><\/div>\n<div dir=\"auto\" style=\"text-align: justify;\">Tamb\u00e9m \u00e9 no ver\u00e3o que se prende mais o cabelo, na tentativa de amenizar o calor. Fios fragilizados podem quebrar com mais facilidade pelo atrito com presilhas e el\u00e1sticos, favorecendo o frizz.<\/div>\n<div dir=\"auto\" style=\"text-align: justify;\"><\/div>\n<div dir=\"auto\" style=\"text-align: justify;\"><\/div>\n<div dir=\"auto\" style=\"text-align: justify;\">Assim como a pele, os cabelos no ver\u00e3o tamb\u00e9m precisam dessa prote\u00e7\u00e3o contra os raios solares. A radia\u00e7\u00e3o UVA e UVB causam altera\u00e7\u00e3o na cor dos fios e perda proteica.<\/div>\n<div dir=\"auto\" style=\"text-align: justify;\"><\/div>\n<div dir=\"auto\" style=\"text-align: justify;\"><\/div>\n<div dir=\"auto\" style=\"text-align: justify;\">Mas\u2026 nada de desespero! Para proteg\u00ea-los basta utilizar chap\u00e9us, bon\u00e9s e finalizadores para cabelo com prote\u00e7\u00e3o solar.<\/div>\n<div dir=\"auto\" style=\"text-align: justify;\"><\/div>\n<div dir=\"auto\" style=\"text-align: justify;\"><\/div>\n<div dir=\"auto\" style=\"text-align: justify;\">Hidrata\u00e7\u00e3o redobrada.<\/div>\n<div dir=\"auto\" style=\"text-align: justify;\"><\/div>\n<div dir=\"auto\" style=\"text-align: justify;\">Enx\u00e1gue os cabelos ap\u00f3s sair do mar e piscina.<\/div>\n<div dir=\"auto\" style=\"text-align: justify;\"><\/div>\n<div dir=\"auto\" style=\"text-align: justify;\">Invista em creme de pentear.<\/div>\n<div dir=\"auto\" style=\"text-align: justify;\"><\/div>\n<div dir=\"auto\" style=\"text-align: justify;\">Couro cabeludo sempre limpo.<\/div>\n<div dir=\"auto\" style=\"text-align: justify;\"><\/div>\n<div dir=\"auto\" style=\"text-align: justify;\">Prote\u00e7\u00e3o UV.<\/div>\n<div dir=\"auto\" style=\"text-align: justify;\"><\/div>\n<div dir=\"auto\" style=\"text-align: justify;\"><\/div>\n","protected":false},"excerpt":{"rendered":"<p>Por Gilbertinho Cabeleireiro @gilbertinhocabeleireiro O sol \u00e9 um dos agentes externos respons\u00e1veis por tirar a umidade dos nossos fios, tornando os cabelos ressecados e fr\u00e1geis. Durante o ver\u00e3o, ele est\u00e1 ainda mais forte prejudicando ainda mais nossos fios. Al\u00e9m disso, o ver\u00e3o pede piscina e praia, n\u00e3o \u00e9? Por isso, al\u00e9m do sol, o cloro [&hellip;]<\/p>\n","protected":false},"author":1,"featured_media":28855,"comment_status":"open","ping_status":"open","sticky":false,"template":"","format":"standard","meta":{"ngg_post_thumbnail":0,"footnotes":""},"categories":[2,32,41],"tags":[193],"class_list":["post-28854","post","type-post","status-publish","format-standard","has-post-thumbnail","hentry","category-destaques","category-estetica","category-ultimasnoticias","tag-estetica"],"_links":{"self":[{"href":"https:\/\/somdepapo.com.br\/portal\/wp-json\/wp\/v2\/posts\/28854","targetHints":{"allow":["GET"]}}],"collection":[{"href":"https:\/\/somdepapo.com.br\/portal\/wp-json\/wp\/v2\/posts"}],"about":[{"href":"https:\/\/somdepapo.com.br\/portal\/wp-json\/wp\/v2\/types\/post"}],"author":[{"embeddable":true,"href":"https:\/\/somdepapo.com.br\/portal\/wp-json\/wp\/v2\/users\/1"}],"replies":[{"embeddable":true,"href":"https:\/\/somdepapo.com.br\/portal\/wp-json\/wp\/v2\/comments?post=28854"}],"version-history":[{"count":1,"href":"https:\/\/somdepapo.com.br\/portal\/wp-json\/wp\/v2\/posts\/28854\/revisions"}],"predecessor-version":[{"id":28856,"href":"https:\/\/somdepapo.com.br\/portal\/wp-json\/wp\/v2\/posts\/28854\/revisions\/28856"}],"wp:featuredmedia":[{"embeddable":true,"href":"https:\/\/somdepapo.com.br\/portal\/wp-json\/wp\/v2\/media\/28855"}],"wp:attachment":[{"href":"https:\/\/somdepapo.com.br\/portal\/wp-json\/wp\/v2\/media?parent=28854"}],"wp:term":[{"taxonomy":"category","embeddable":true,"href":"https:\/\/somdepapo.com.br\/portal\/wp-json\/wp\/v2\/categories?post=28854"},{"taxonomy":"post_tag","embeddable":true,"href":"https:\/\/somdepapo.com.br\/portal\/wp-json\/wp\/v2\/tags?post=28854"}],"curies":[{"name":"wp","href":"https:\/\/api.w.org\/{rel}","templated":true}]}}