{"id":29042,"date":"2022-03-10T20:07:35","date_gmt":"2022-03-10T23:07:35","guid":{"rendered":"https:\/\/somdepapo.com.br\/portal\/?p=29042"},"modified":"2022-03-10T20:08:04","modified_gmt":"2022-03-10T23:08:04","slug":"paulinha-abelha-tem-homenagem-na-rede-sdp-tv","status":"publish","type":"post","link":"https:\/\/somdepapo.com.br\/portal\/paulinha-abelha-tem-homenagem-na-rede-sdp-tv\/","title":{"rendered":"Paulinha Abelha tem homenagem na REDE SDP TV"},"content":{"rendered":"<p style=\"text-align: right;\">Por Reda\u00e7\u00e3o<\/p>\n<p style=\"text-align: justify;\">Homenagem em dose dupla na REDE SDP TV pra cantora Paulinha Abelha (ex integrante da Calcinha Preta). A emissora em rede nacional e internacional que passa nas Smarts Tvs do Brasil e do exterior; aplicativos transmite o programa SEXTOU MUSICAL nesta sexta-feira, dia 11 de mar\u00e7o \u00e0s 22h Hor\u00e1rio do Brasil com homenagem \u00e0 Paulinha Abelha relembrando seus grandes sucessos pedidos pelos seus f\u00e3s. A homenagem n\u00e3o para na sexta, no s\u00e1bado dia 12 de mar\u00e7o tamb\u00e9m \u00e0s 22h Hor\u00e1rio do Brasil o programa SOM DE PAPO traz depoimentos de artistas como Ramon Costa (Cavaleiros do Forr\u00f3); Vav\u00e1 Dias (ex Magnificos); depoimentos dos f\u00e3s e o momento da participa\u00e7\u00e3o da banda no Programa.<\/p>\n<p>Programa\u00e7\u00e3o:<\/p>\n<p>Dia 11\/03 \u00e0s 22h (Hor\u00e1rio do Brasil)<\/p>\n<p>Programa Sextou Musical pela\u00a0REDE SDP TV<\/p>\n<p>Apresenta\u00e7\u00e3o: Gilberto Romano<\/p>\n<p>Dia 12\/03 \u00e0s 22h (Hor\u00e1rio do Brasil)<\/p>\n<p>Programa Som de Papo pela REDE SDP TV<\/p>\n<p>Apresenta\u00e7\u00e3o: Gilberto Romano<\/p>\n<p>Como assistir?<\/p>\n<p>Pelas SMARTS TVS<\/p>\n<p>&#8211; na TV Conect (Canal 12)<\/p>\n<p>&#8211; na MOOBI TV CLOUD (Canal 21)<\/p>\n<p>&#8211; na MAX CLOUD TV (Canal 33)<\/p>\n<p>&#8211; na SOUL TV\u00a0 (Canal 95)<\/p>\n<p>&#8211; pela LIMEX TV<\/p>\n<p>&#8211; pela BOX PLAY BRASIL<\/p>\n<p>SIGAM @REDESDPTV<\/p>\n","protected":false},"excerpt":{"rendered":"<p>Por Reda\u00e7\u00e3o Homenagem em dose dupla na REDE SDP TV pra cantora Paulinha Abelha (ex integrante da Calcinha Preta). A emissora em rede nacional e internacional que passa nas Smarts Tvs do Brasil e do exterior; aplicativos transmite o programa SEXTOU MUSICAL nesta sexta-feira, dia 11 de mar\u00e7o \u00e0s 22h Hor\u00e1rio do Brasil com homenagem [&hellip;]<\/p>\n","protected":false},"author":1,"featured_media":29045,"comment_status":"open","ping_status":"open","sticky":false,"template":"","format":"standard","meta":{"ngg_post_thumbnail":0,"footnotes":""},"categories":[140,2,35,216,41],"tags":[],"class_list":["post-29042","post","type-post","status-publish","format-standard","has-post-thumbnail","hentry","category-bastidores","category-destaques","category-o-programa","category-sextou-musical","category-ultimasnoticias"],"_links":{"self":[{"href":"https:\/\/somdepapo.com.br\/portal\/wp-json\/wp\/v2\/posts\/29042","targetHints":{"allow":["GET"]}}],"collection":[{"href":"https:\/\/somdepapo.com.br\/portal\/wp-json\/wp\/v2\/posts"}],"about":[{"href":"https:\/\/somdepapo.com.br\/portal\/wp-json\/wp\/v2\/types\/post"}],"author":[{"embeddable":true,"href":"https:\/\/somdepapo.com.br\/portal\/wp-json\/wp\/v2\/users\/1"}],"replies":[{"embeddable":true,"href":"https:\/\/somdepapo.com.br\/portal\/wp-json\/wp\/v2\/comments?post=29042"}],"version-history":[{"count":2,"href":"https:\/\/somdepapo.com.br\/portal\/wp-json\/wp\/v2\/posts\/29042\/revisions"}],"predecessor-version":[{"id":29047,"href":"https:\/\/somdepapo.com.br\/portal\/wp-json\/wp\/v2\/posts\/29042\/revisions\/29047"}],"wp:featuredmedia":[{"embeddable":true,"href":"https:\/\/somdepapo.com.br\/portal\/wp-json\/wp\/v2\/media\/29045"}],"wp:attachment":[{"href":"https:\/\/somdepapo.com.br\/portal\/wp-json\/wp\/v2\/media?parent=29042"}],"wp:term":[{"taxonomy":"category","embeddable":true,"href":"https:\/\/somdepapo.com.br\/portal\/wp-json\/wp\/v2\/categories?post=29042"},{"taxonomy":"post_tag","embeddable":true,"href":"https:\/\/somdepapo.com.br\/portal\/wp-json\/wp\/v2\/tags?post=29042"}],"curies":[{"name":"wp","href":"https:\/\/api.w.org\/{rel}","templated":true}]}}