{"id":29055,"date":"2022-03-22T10:00:23","date_gmt":"2022-03-22T13:00:23","guid":{"rendered":"https:\/\/somdepapo.com.br\/portal\/?p=29055"},"modified":"2022-03-15T14:33:34","modified_gmt":"2022-03-15T17:33:34","slug":"voce-cuida-do-cabelo-pos-quimica","status":"publish","type":"post","link":"https:\/\/somdepapo.com.br\/portal\/voce-cuida-do-cabelo-pos-quimica\/","title":{"rendered":"Voc\u00ea cuida do cabelo p\u00f3s-qu\u00edmica?"},"content":{"rendered":"<div dir=\"auto\" style=\"text-align: justify;\"><\/div>\n<div dir=\"auto\">\n<div dir=\"auto\" style=\"text-align: right;\"><em>Por Gilbertinho Cabeleireiro<\/em><\/div>\n<div dir=\"auto\" style=\"text-align: right;\"><\/div>\n<div dir=\"auto\" style=\"text-align: right;\">@gilbertinhocabeleireiro<\/div>\n<div dir=\"auto\"><\/div>\n<\/div>\n<div dir=\"auto\" style=\"text-align: justify;\"><\/div>\n<div dir=\"auto\" style=\"text-align: justify;\"><\/div>\n<div dir=\"auto\" style=\"text-align: justify;\">A hidrata\u00e7\u00e3o \u00e9 extremamente importante para os fios capilares, basicamente ela rep\u00f5e a umidade do cabelo. As m\u00e1scaras s\u00e3o essenciais para que voc\u00ea consiga, de forma efetiva, repor os nutrientes e a \u00e1gua perdida nos processos qu\u00edmicos.<\/div>\n<div dir=\"auto\" style=\"text-align: justify;\"><\/div>\n<div dir=\"auto\" style=\"text-align: justify;\"><\/div>\n<div dir=\"auto\" style=\"text-align: justify;\">Por essa raz\u00e3o, seguir um cronograma capilar espec\u00edfico para fios danificados e utilizar regularmente tratamentos de hidrata\u00e7\u00e3o, nutri\u00e7\u00e3o e reconstru\u00e7\u00e3o \u00e9 sucesso na certa.<\/div>\n<div dir=\"auto\" style=\"text-align: justify;\"><\/div>\n<div dir=\"auto\" style=\"text-align: justify;\"><\/div>\n<div dir=\"auto\" style=\"text-align: justify;\">Voc\u00ea j\u00e1 sabe que um cabelo quimicamente tratado necessita de cuidados e que \u00e9 preciso identificar o melhor procedimento para agir diretamente na fibra capilar. A boa not\u00edcia \u00e9 que existe uma diversidade imensa de tratamentos.<\/div>\n<div dir=\"auto\" style=\"text-align: justify;\"><\/div>\n<div dir=\"auto\" style=\"text-align: justify;\">Al\u00e9m disso reposi\u00e7\u00e3o de massa \u00e9 super importante para restaurar os danos, reconstr\u00f3i os fios e promove for\u00e7a, brilho e maciez as madeixas.<\/div>\n<div dir=\"auto\" style=\"text-align: justify;\"><\/div>\n<div dir=\"auto\" style=\"text-align: justify;\"><\/div>\n<div dir=\"auto\" style=\"text-align: justify;\">Da\u00ed a import\u00e2ncia de adotar uma rotina e cuidados para fortalecer o cabelo e consultar um profissional para saber o intervalo ideal ou necess\u00e1rio de receber uma nova qu\u00edmica e tratamentos adequados.<\/div>\n","protected":false},"excerpt":{"rendered":"<p>Por Gilbertinho Cabeleireiro @gilbertinhocabeleireiro A hidrata\u00e7\u00e3o \u00e9 extremamente importante para os fios capilares, basicamente ela rep\u00f5e a umidade do cabelo. As m\u00e1scaras s\u00e3o essenciais para que voc\u00ea consiga, de forma efetiva, repor os nutrientes e a \u00e1gua perdida nos processos qu\u00edmicos. Por essa raz\u00e3o, seguir um cronograma capilar espec\u00edfico para fios danificados e utilizar regularmente [&hellip;]<\/p>\n","protected":false},"author":1,"featured_media":29056,"comment_status":"open","ping_status":"open","sticky":false,"template":"","format":"standard","meta":{"ngg_post_thumbnail":0,"footnotes":""},"categories":[2,32,41],"tags":[193],"class_list":["post-29055","post","type-post","status-publish","format-standard","has-post-thumbnail","hentry","category-destaques","category-estetica","category-ultimasnoticias","tag-estetica"],"_links":{"self":[{"href":"https:\/\/somdepapo.com.br\/portal\/wp-json\/wp\/v2\/posts\/29055","targetHints":{"allow":["GET"]}}],"collection":[{"href":"https:\/\/somdepapo.com.br\/portal\/wp-json\/wp\/v2\/posts"}],"about":[{"href":"https:\/\/somdepapo.com.br\/portal\/wp-json\/wp\/v2\/types\/post"}],"author":[{"embeddable":true,"href":"https:\/\/somdepapo.com.br\/portal\/wp-json\/wp\/v2\/users\/1"}],"replies":[{"embeddable":true,"href":"https:\/\/somdepapo.com.br\/portal\/wp-json\/wp\/v2\/comments?post=29055"}],"version-history":[{"count":1,"href":"https:\/\/somdepapo.com.br\/portal\/wp-json\/wp\/v2\/posts\/29055\/revisions"}],"predecessor-version":[{"id":29057,"href":"https:\/\/somdepapo.com.br\/portal\/wp-json\/wp\/v2\/posts\/29055\/revisions\/29057"}],"wp:featuredmedia":[{"embeddable":true,"href":"https:\/\/somdepapo.com.br\/portal\/wp-json\/wp\/v2\/media\/29056"}],"wp:attachment":[{"href":"https:\/\/somdepapo.com.br\/portal\/wp-json\/wp\/v2\/media?parent=29055"}],"wp:term":[{"taxonomy":"category","embeddable":true,"href":"https:\/\/somdepapo.com.br\/portal\/wp-json\/wp\/v2\/categories?post=29055"},{"taxonomy":"post_tag","embeddable":true,"href":"https:\/\/somdepapo.com.br\/portal\/wp-json\/wp\/v2\/tags?post=29055"}],"curies":[{"name":"wp","href":"https:\/\/api.w.org\/{rel}","templated":true}]}}