{"id":29094,"date":"2022-04-01T09:00:38","date_gmt":"2022-04-01T12:00:38","guid":{"rendered":"https:\/\/somdepapo.com.br\/portal\/?p=29094"},"modified":"2022-03-31T16:02:10","modified_gmt":"2022-03-31T19:02:10","slug":"profissao-de-escritor","status":"publish","type":"post","link":"https:\/\/somdepapo.com.br\/portal\/profissao-de-escritor\/","title":{"rendered":"Profiss\u00e3o de Escritor"},"content":{"rendered":"<p style=\"text-align: right;\">Por Thiago Winner<\/p>\n<p style=\"text-align: justify;\">\nEscritores s\u00e3o profissionais que tem muitas boas ideias, s\u00e3o criativos, com uma vis\u00e3o diferente do mundo e um extenso conhecimento sobre a escrita.<br \/>\n\u00c9 uma atividade que permite um maior campo de atua\u00e7\u00e3o e na \u00e1rea educa\u00e7\u00e3o.<br \/>\nMas, a carreira precisa ser bem definida e constru\u00edda, com bastante estudo, leitura, foco e dedica\u00e7\u00e3o.<br \/>\nTraduzir o universo em palavras \u00e9 a melhor defini\u00e7\u00e3o objetiva para os autores. Escritores s\u00e3o respons\u00e1veis por proporcionar para os leitores, um conhecimento expansivo.<br \/>\nGeralmente todo escritor \u00e9, de um modo, um bom comunicador pessoal e profissional. N\u00e3o d\u00e1 para adquirir uma fluidez textual sem antes de ler muito. Tamb\u00e9m ter muita interpreta\u00e7\u00e3o de texto, muito objetivo e experi\u00eancia na pr\u00e1tica. Ler muito \u00e9 um elemento fundamental para quem quer desenvolver um olhar din\u00e2mico diante de tudo, analisar e questionar o que acontece a sua volta.<\/p>\n<p style=\"text-align: justify;\">Como se tornar um bom escritor?<br \/>\nTornar-se um escritor de \u201cm\u00e3o cheia\u201d n\u00e3o \u00e9 tarefa t\u00e3o simples assim.<br \/>\nTalento \u00e9 fundamental, mas \u00e9 s\u00f3 1%. Os 99% restantes s\u00e3o atrav\u00e9s uma boa forma\u00e7\u00e3o te\u00f3rica, muito conte\u00fado atrav\u00e9s de muita leitura.<br \/>\nTamb\u00e9m \u00e9 necess\u00e1rio para ser um bom escritor, precisa ter muito dom\u00ednio da l\u00edngua em que escreve.<\/p>\n","protected":false},"excerpt":{"rendered":"<p>Por Thiago Winner Escritores s\u00e3o profissionais que tem muitas boas ideias, s\u00e3o criativos, com uma vis\u00e3o diferente do mundo e um extenso conhecimento sobre a escrita. \u00c9 uma atividade que permite um maior campo de atua\u00e7\u00e3o e na \u00e1rea educa\u00e7\u00e3o. Mas, a carreira precisa ser bem definida e constru\u00edda, com bastante estudo, leitura, foco e [&hellip;]<\/p>\n","protected":false},"author":1,"featured_media":29095,"comment_status":"open","ping_status":"open","sticky":false,"template":"","format":"standard","meta":{"ngg_post_thumbnail":0,"footnotes":""},"categories":[2,155,41],"tags":[],"class_list":["post-29094","post","type-post","status-publish","format-standard","has-post-thumbnail","hentry","category-destaques","category-mercado-de-trabalho-2","category-ultimasnoticias"],"_links":{"self":[{"href":"https:\/\/somdepapo.com.br\/portal\/wp-json\/wp\/v2\/posts\/29094","targetHints":{"allow":["GET"]}}],"collection":[{"href":"https:\/\/somdepapo.com.br\/portal\/wp-json\/wp\/v2\/posts"}],"about":[{"href":"https:\/\/somdepapo.com.br\/portal\/wp-json\/wp\/v2\/types\/post"}],"author":[{"embeddable":true,"href":"https:\/\/somdepapo.com.br\/portal\/wp-json\/wp\/v2\/users\/1"}],"replies":[{"embeddable":true,"href":"https:\/\/somdepapo.com.br\/portal\/wp-json\/wp\/v2\/comments?post=29094"}],"version-history":[{"count":1,"href":"https:\/\/somdepapo.com.br\/portal\/wp-json\/wp\/v2\/posts\/29094\/revisions"}],"predecessor-version":[{"id":29096,"href":"https:\/\/somdepapo.com.br\/portal\/wp-json\/wp\/v2\/posts\/29094\/revisions\/29096"}],"wp:featuredmedia":[{"embeddable":true,"href":"https:\/\/somdepapo.com.br\/portal\/wp-json\/wp\/v2\/media\/29095"}],"wp:attachment":[{"href":"https:\/\/somdepapo.com.br\/portal\/wp-json\/wp\/v2\/media?parent=29094"}],"wp:term":[{"taxonomy":"category","embeddable":true,"href":"https:\/\/somdepapo.com.br\/portal\/wp-json\/wp\/v2\/categories?post=29094"},{"taxonomy":"post_tag","embeddable":true,"href":"https:\/\/somdepapo.com.br\/portal\/wp-json\/wp\/v2\/tags?post=29094"}],"curies":[{"name":"wp","href":"https:\/\/api.w.org\/{rel}","templated":true}]}}