{"id":29110,"date":"2022-04-06T07:57:48","date_gmt":"2022-04-06T10:57:48","guid":{"rendered":"https:\/\/somdepapo.com.br\/portal\/?p=29110"},"modified":"2022-04-06T07:57:48","modified_gmt":"2022-04-06T10:57:48","slug":"abril-laranja-mes-de-prevencao-contra-a-crueldade-animal","status":"publish","type":"post","link":"https:\/\/somdepapo.com.br\/portal\/abril-laranja-mes-de-prevencao-contra-a-crueldade-animal\/","title":{"rendered":"Abril Laranja: m\u00eas de preven\u00e7\u00e3o contra a crueldade animal"},"content":{"rendered":"<p style=\"text-align: right;\">Por Ana Karoline Carvalho<\/p>\n<p style=\"text-align: justify;\">A campanha Abril Laranja \u00e9 para prevenir e conscientizar a popula\u00e7\u00e3o sobre o seu papel de combater a crueldade contra todos os animais.<br \/>\n\u00c9 inaceit\u00e1vel a crueldade contra os animais e, no intuito de contribuir com a mudan\u00e7a dessa realidade, o m\u00eas de abril teve como objetivo sensibilizar, prevenir e promover a\u00e7\u00f5es de conscientiza\u00e7\u00e3o sobre os maus tratos aos animais. Nunca vamos ter um mundo mais humano achando que a viol\u00eancia contra os animais \u00e9 uma banalidade. No Brasil, maltratar um animal \u00e9 crime previsto em lei. A pena para quem for condenado vai de 2 a 5 anos de pris\u00e3o, al\u00e9m do pagamento de multa e inclus\u00e3o do nome no registro de antecedente criminal. A den\u00fancia pode ser feita nas delegacias comuns ou nas especializadas em meio-ambiente ou animais. Tamb\u00e9m se pode denunciar diretamente no Minist\u00e9rio P\u00fablico ou no IBAMA.<br \/>\nOs animais merecem cuidado, aten\u00e7\u00e3o e respeito diariamente, mas infelizmente essa n\u00e3o \u00e9 a realidade de muitos, adotados ou n\u00e3o.\u00a0 A viol\u00eancia contra os animais faz parte de uma triste estat\u00edstica no mundo animal<br \/>\n\u201cLutar contra o crime de viol\u00eancia\u00a0aos animais \u00e9 exercer sua cidadania!\u201d<br \/>\nColunista Veterin\u00e1ria Ana Karoline Carvalho &#8211; @Anakaroline.vet<br \/>\nFonte do texto e da foto: www.animaliafarma.com.br\/posts\/abril-laranja-um-mes-de-reforco-a-protecao-dos-animais\/<\/p>\n","protected":false},"excerpt":{"rendered":"<p>Por Ana Karoline Carvalho A campanha Abril Laranja \u00e9 para prevenir e conscientizar a popula\u00e7\u00e3o sobre o seu papel de combater a crueldade contra todos os animais. \u00c9 inaceit\u00e1vel a crueldade contra os animais e, no intuito de contribuir com a mudan\u00e7a dessa realidade, o m\u00eas de abril teve como objetivo sensibilizar, prevenir e promover [&hellip;]<\/p>\n","protected":false},"author":1,"featured_media":29111,"comment_status":"open","ping_status":"open","sticky":false,"template":"","format":"standard","meta":{"ngg_post_thumbnail":0,"footnotes":""},"categories":[2,153,41],"tags":[],"class_list":["post-29110","post","type-post","status-publish","format-standard","has-post-thumbnail","hentry","category-destaques","category-pet","category-ultimasnoticias"],"_links":{"self":[{"href":"https:\/\/somdepapo.com.br\/portal\/wp-json\/wp\/v2\/posts\/29110","targetHints":{"allow":["GET"]}}],"collection":[{"href":"https:\/\/somdepapo.com.br\/portal\/wp-json\/wp\/v2\/posts"}],"about":[{"href":"https:\/\/somdepapo.com.br\/portal\/wp-json\/wp\/v2\/types\/post"}],"author":[{"embeddable":true,"href":"https:\/\/somdepapo.com.br\/portal\/wp-json\/wp\/v2\/users\/1"}],"replies":[{"embeddable":true,"href":"https:\/\/somdepapo.com.br\/portal\/wp-json\/wp\/v2\/comments?post=29110"}],"version-history":[{"count":1,"href":"https:\/\/somdepapo.com.br\/portal\/wp-json\/wp\/v2\/posts\/29110\/revisions"}],"predecessor-version":[{"id":29112,"href":"https:\/\/somdepapo.com.br\/portal\/wp-json\/wp\/v2\/posts\/29110\/revisions\/29112"}],"wp:featuredmedia":[{"embeddable":true,"href":"https:\/\/somdepapo.com.br\/portal\/wp-json\/wp\/v2\/media\/29111"}],"wp:attachment":[{"href":"https:\/\/somdepapo.com.br\/portal\/wp-json\/wp\/v2\/media?parent=29110"}],"wp:term":[{"taxonomy":"category","embeddable":true,"href":"https:\/\/somdepapo.com.br\/portal\/wp-json\/wp\/v2\/categories?post=29110"},{"taxonomy":"post_tag","embeddable":true,"href":"https:\/\/somdepapo.com.br\/portal\/wp-json\/wp\/v2\/tags?post=29110"}],"curies":[{"name":"wp","href":"https:\/\/api.w.org\/{rel}","templated":true}]}}