{"id":29160,"date":"2022-04-13T09:30:40","date_gmt":"2022-04-13T12:30:40","guid":{"rendered":"https:\/\/somdepapo.com.br\/portal\/?p=29160"},"modified":"2022-04-13T09:30:40","modified_gmt":"2022-04-13T12:30:40","slug":"cabelos-fashion-pro-seu-feriado","status":"publish","type":"post","link":"https:\/\/somdepapo.com.br\/portal\/cabelos-fashion-pro-seu-feriado\/","title":{"rendered":"Cabelos Fashion pro seu feriado"},"content":{"rendered":"<div id=\"m#msg-f:1729831633148311782\" class=\"mail-message expanded\">\n<div class=\"mail-message-header spacer\" style=\"text-align: right;\">Por Gilbertinho Cabelereiro<\/div>\n<div class=\"mail-message-content collapsible zoom-normal mail-show-images \">\n<div class=\"clear\">\n<div dir=\"auto\">\n<div dir=\"auto\"><\/div>\n<div dir=\"auto\"><\/div>\n<div dir=\"auto\" style=\"text-align: justify;\">Geralmente, em dias frios, o cabelo demora naturalmente para secar, o que fragiliza os fios, aumenta as chances deles ficarem quebradi\u00e7os, surgir caspa, t\u00ednea capilar e dermatite seborreica.<\/div>\n<div dir=\"auto\"><\/div>\n<div dir=\"auto\" style=\"text-align: justify;\">Por isso \u00e9 importante secar bem os cabelos. Se for usar secador, aplique antes o protetor t\u00e9rmico e sempre na temperatura fria ou morna, a uma dist\u00e2ncia de aproximadamente 30 cent\u00edmetros da cabe\u00e7a.<\/div>\n<div dir=\"auto\"><\/div>\n<div dir=\"auto\" style=\"text-align: justify;\">Se poss\u00edvel, deixe os fios secarem naturalmente, tirando o excesso de \u00e1gua com a toalha em movimentos suaves para n\u00e3o quebr\u00e1-los. Opte tamb\u00e9m por um finalizador \u00e0 base de \u00f3leos vegetais para dar mais for\u00e7a, maciez e brilho.<\/div>\n<div dir=\"auto\"><img fetchpriority=\"high\" decoding=\"async\" class=\"alignnone size-full wp-image-29162 aligncenter\" src=\"https:\/\/somdepapo.com.br\/portal\/wp-content\/uploads\/2022\/04\/IMG-20210419-WA0038-scaled.jpeg\" alt=\"\" width=\"1440\" height=\"2560\" srcset=\"https:\/\/somdepapo.com.br\/portal\/wp-content\/uploads\/2022\/04\/IMG-20210419-WA0038-scaled.jpeg 1440w, https:\/\/somdepapo.com.br\/portal\/wp-content\/uploads\/2022\/04\/IMG-20210419-WA0038-169x300.jpeg 169w, https:\/\/somdepapo.com.br\/portal\/wp-content\/uploads\/2022\/04\/IMG-20210419-WA0038-576x1024.jpeg 576w, https:\/\/somdepapo.com.br\/portal\/wp-content\/uploads\/2022\/04\/IMG-20210419-WA0038-768x1365.jpeg 768w, https:\/\/somdepapo.com.br\/portal\/wp-content\/uploads\/2022\/04\/IMG-20210419-WA0038-864x1536.jpeg 864w, https:\/\/somdepapo.com.br\/portal\/wp-content\/uploads\/2022\/04\/IMG-20210419-WA0038-1152x2048.jpeg 1152w, https:\/\/somdepapo.com.br\/portal\/wp-content\/uploads\/2022\/04\/IMG-20210419-WA0038-696x1237.jpeg 696w, https:\/\/somdepapo.com.br\/portal\/wp-content\/uploads\/2022\/04\/IMG-20210419-WA0038-1068x1899.jpeg 1068w, https:\/\/somdepapo.com.br\/portal\/wp-content\/uploads\/2022\/04\/IMG-20210419-WA0038-236x420.jpeg 236w\" sizes=\"(max-width: 1440px) 100vw, 1440px\" \/><\/div>\n<div dir=\"auto\"><\/div>\n<div dir=\"auto\" style=\"text-align: justify;\">Al\u00e9m disso, em hip\u00f3tese alguma, durma com o cabelo molhado, evite uso de toucas, gorros, chap\u00e9us, bon\u00e9s, entre outros acess\u00f3rios para a cabe\u00e7a.<\/div>\n<div dir=\"auto\"><\/div>\n<div dir=\"auto\">Eles podem esquentar a cabe\u00e7a, fazer voc\u00ea suar e reter a umidade, impedindo que os fios \u201crespirem\u201d.<\/div>\n<div dir=\"auto\"><\/div>\n<div dir=\"auto\" style=\"text-align: justify;\">Por isso, evite esses acess\u00f3rios se os cabelos estiverem molhados, muito sujos e ainda us\u00e1-los por muitas horas seguidas.<\/div>\n<div dir=\"auto\" style=\"text-align: justify;\">Agora que voc\u00ea j\u00e1 sabe como cuidar dos seus cabelos em tempos frios, aplique todas as dicas e garanta fios saud\u00e1veis e bonitos em todas as esta\u00e7\u00f5es do ano.<\/div>\n<div dir=\"auto\"><\/div>\n<div dir=\"auto\"><\/div>\n<div dir=\"auto\">Att: Gilbertinho Cabeleireiro\ud83d\udc87\u200d\u2640\ufe0f<\/div>\n<div dir=\"auto\"><\/div>\n<div dir=\"auto\">Instagram @gilbertinhocabeleireiro \ud83d\udc86\u200d\u2640\ufe0f<\/div>\n<div dir=\"auto\"><\/div>\n<div dir=\"auto\">Sigam<\/div>\n<\/div>\n<\/div>\n<div dir=\"auto\">@PORTASOMDEPAPO<\/div>\n<\/div>\n<div class=\"mail-message-footer spacer collapsible\"><\/div>\n<\/div>\n","protected":false},"excerpt":{"rendered":"<p>Por Gilbertinho Cabelereiro Geralmente, em dias frios, o cabelo demora naturalmente para secar, o que fragiliza os fios, aumenta as chances deles ficarem quebradi\u00e7os, surgir caspa, t\u00ednea capilar e dermatite seborreica. Por isso \u00e9 importante secar bem os cabelos. Se for usar secador, aplique antes o protetor t\u00e9rmico e sempre na temperatura fria ou morna, [&hellip;]<\/p>\n","protected":false},"author":1,"featured_media":29161,"comment_status":"open","ping_status":"open","sticky":false,"template":"","format":"standard","meta":{"ngg_post_thumbnail":0,"footnotes":""},"categories":[2,32,31,41],"tags":[],"class_list":["post-29160","post","type-post","status-publish","format-standard","has-post-thumbnail","hentry","category-destaques","category-estetica","category-noticias","category-ultimasnoticias"],"_links":{"self":[{"href":"https:\/\/somdepapo.com.br\/portal\/wp-json\/wp\/v2\/posts\/29160","targetHints":{"allow":["GET"]}}],"collection":[{"href":"https:\/\/somdepapo.com.br\/portal\/wp-json\/wp\/v2\/posts"}],"about":[{"href":"https:\/\/somdepapo.com.br\/portal\/wp-json\/wp\/v2\/types\/post"}],"author":[{"embeddable":true,"href":"https:\/\/somdepapo.com.br\/portal\/wp-json\/wp\/v2\/users\/1"}],"replies":[{"embeddable":true,"href":"https:\/\/somdepapo.com.br\/portal\/wp-json\/wp\/v2\/comments?post=29160"}],"version-history":[{"count":1,"href":"https:\/\/somdepapo.com.br\/portal\/wp-json\/wp\/v2\/posts\/29160\/revisions"}],"predecessor-version":[{"id":29163,"href":"https:\/\/somdepapo.com.br\/portal\/wp-json\/wp\/v2\/posts\/29160\/revisions\/29163"}],"wp:featuredmedia":[{"embeddable":true,"href":"https:\/\/somdepapo.com.br\/portal\/wp-json\/wp\/v2\/media\/29161"}],"wp:attachment":[{"href":"https:\/\/somdepapo.com.br\/portal\/wp-json\/wp\/v2\/media?parent=29160"}],"wp:term":[{"taxonomy":"category","embeddable":true,"href":"https:\/\/somdepapo.com.br\/portal\/wp-json\/wp\/v2\/categories?post=29160"},{"taxonomy":"post_tag","embeddable":true,"href":"https:\/\/somdepapo.com.br\/portal\/wp-json\/wp\/v2\/tags?post=29160"}],"curies":[{"name":"wp","href":"https:\/\/api.w.org\/{rel}","templated":true}]}}