{"id":29609,"date":"2022-06-17T14:18:30","date_gmt":"2022-06-17T17:18:30","guid":{"rendered":"https:\/\/somdepapo.com.br\/portal\/?p=29609"},"modified":"2022-06-17T14:18:30","modified_gmt":"2022-06-17T17:18:30","slug":"voce-sabe-se-seu-cabelo-e-seco-misto-ou-oleoso","status":"publish","type":"post","link":"https:\/\/somdepapo.com.br\/portal\/voce-sabe-se-seu-cabelo-e-seco-misto-ou-oleoso\/","title":{"rendered":"Voc\u00ea sabe se seu cabelo \u00e9 seco, misto ou oleoso?"},"content":{"rendered":"<div id=\"m#msg-f:1735062589513021071\" class=\"mail-message expanded\">\n<div class=\"mail-message-header spacer\" style=\"text-align: right;\">Por Gilbertinho Cabelereiro<\/div>\n<div class=\"mail-message-content collapsible zoom-normal mail-show-images \">\n<div class=\"clear\">\n<div dir=\"auto\">\n<div dir=\"auto\"><\/div>\n<div dir=\"auto\"><\/div>\n<div dir=\"auto\">Fios diferentes exigem cuidados diferentes. Aprenda a cuidar do seu tipo de cabelo.<\/div>\n<div dir=\"auto\" style=\"text-align: justify;\">Cada tipo de fio tem as suas particularidades e isso n\u00e3o muda para os homens e mulheres.<\/div>\n<div dir=\"auto\"><\/div>\n<div dir=\"auto\" style=\"text-align: justify;\">Saber se seu cabelo \u00e9 seco, misto ou oleoso \u00e9 importante para ajudar na escolha do melhor tratamento. Assim, voc\u00ea atinge bons resultados e mant\u00e9m os fios sempre bonitos e saud\u00e1veis.<\/div>\n<div dir=\"auto\"><\/div>\n<div dir=\"auto\" style=\"text-align: justify;\">Embora seja simples, muitos homens e mulheres na maioria das vezes n\u00e3o sabem em qual desses grupos os seus fios se encaixam.<\/div>\n<div dir=\"auto\">As principais caracter\u00edsticas de cada tipo de cabelo para te ajudar a cuidar melhor.<\/div>\n<div dir=\"auto\"><\/div>\n<div dir=\"auto\" style=\"text-align: justify;\">Os cabelos possuem rea\u00e7\u00f5es diferentes aos efeitos do dia a dia, como clima e umidade, e aos produtos utilizados nos tratamentos di\u00e1rios. Saber de se seu cabelo \u00e9 seco, misto ou oleoso te ajuda a fazer melhores escolhas e a lidar melhor com seus fios.<\/div>\n<div dir=\"auto\"><\/div>\n<div dir=\"auto\">O QUE \u00c9 CABELO OLEOSO?<\/div>\n<div dir=\"auto\"><\/div>\n<div dir=\"auto\" style=\"text-align: justify;\">Cabelo oleoso \u00e9 aquele que produz excesso de sebo na raiz do cabelo, principalmente. Isso faz com que os fios tenham maior tend\u00eancia ao ac\u00famulo de sujeira. Normalmente, pessoas com cabelos lisos costumam ter mais problemas com oleosidade.<\/div>\n<div dir=\"auto\"><\/div>\n<div dir=\"auto\">O QUE \u00c9 CABELO SECO?<\/div>\n<div dir=\"auto\"><\/div>\n<div dir=\"auto\" style=\"text-align: justify;\">Com fios mais porosos, o cabelo seco sofre justamente com a aus\u00eancia de oleosidade. Portanto, se os seus fios tem uma apar\u00eancia mais opaca e uma textura \u00e1spera, \u00e9 porque est\u00e3o secos. Homens com cabelos cacheados e crespos costumam ser mais afetados por esse tipo de fio, j\u00e1 que o formato dos cachos dificulta a passagem de oleosidade da raiz para as pontas.<\/div>\n<div dir=\"auto\"><\/div>\n<div dir=\"auto\">O QUE SIGNIFICADA CABELO MISTO?<\/div>\n<div dir=\"auto\"><\/div>\n<div dir=\"auto\" style=\"text-align: justify;\">O cabelo misto \u00e9 basicamente uma mistura \u2013 como o pr\u00f3prio nome j\u00e1 diz \u2013 do cabelo oleoso com o seco. Nesse tipo, a raiz \u00e9 mais oleosa, enquanto o comprimento e pontas tendem a ser mais ressecados.<\/div>\n<div dir=\"auto\"><\/div>\n<div dir=\"auto\">COMO CUIDAR DE CADA TIPO DE CABELO ?<\/div>\n<div dir=\"auto\"><\/div>\n<div dir=\"auto\" style=\"text-align: justify;\">Para manter os fios saud\u00e1veis \u00e9 preciso ter cuidados que correspondam ao tipo dele. Mas isso \u00e9 simples, basta investir nos produtos certos para a sua rotina.<\/div>\n<div dir=\"auto\"><\/div>\n<div dir=\"auto\">O QUE \u00c9 BOM PARA CABELO OLEOSO?<\/div>\n<div dir=\"auto\"><\/div>\n<div dir=\"auto\" style=\"text-align: justify;\">Para os fios oleosos, o ideal \u00e9 investir em produtos que limpem profundamente o couro cabeludo, mas sem esquecer dos cuidados com o comprimento tamb\u00e9m.<\/div>\n<div dir=\"auto\" style=\"text-align: justify;\">Para evitar o ac\u00famulo de oleosidade e de sujeira, pode ser recomend\u00e1vel que voc\u00ea lave os fios todos os dias. Outra dica importante \u00e9 n\u00e3o usar por muito tempo acess\u00f3rios na cabe\u00e7a, como bon\u00e9s e chap\u00e9us, j\u00e1 que o couro cabeludo abafado tende a produzir mais sebo o que vai deixar o seu cabelo mais oleoso.<\/div>\n<div dir=\"auto\" style=\"text-align: justify;\">Ah! Use shampoo seco tamb\u00e9m. Esse produto \u00e9 legal para disfar\u00e7ar a oleosidade que fica mais intensa ao longo do dia .<\/div>\n<div dir=\"auto\"><\/div>\n<div dir=\"auto\"><\/div>\n<div dir=\"auto\">COMO HIDRATAR O CABELO SECO?<\/div>\n<div dir=\"auto\"><\/div>\n<div dir=\"auto\" style=\"text-align: justify;\">J\u00e1 que o grande problema do cabelo seco \u00e9 a falta de hidrata\u00e7\u00e3o, ent\u00e3o a minha dica \u00e9 investir em produtos que colaborem justamente para hidratar bem os fios.<\/div>\n<div dir=\"auto\" style=\"text-align: justify;\">Primeiro, invista em um shampoo que limpe o couro cabeludo, mas que tamb\u00e9m colabore na hidrata\u00e7\u00e3o dos fios. A dica \u00e9, se voc\u00ea puder, lavar os cabelos dia sim, dia n\u00e3o. Tamb\u00e9m n\u00e3o deixe de usar condicionador no comprimento mesmo se os seus cabelos forem mais curtos.<\/div>\n<div dir=\"auto\" style=\"text-align: justify;\">O creme de pentear pode ser um aliado para garantir que os cabelos estejam realmente hidratados. Use depois de lavar, nos fios ainda \u00famidos e apenas no comprimento.<\/div>\n<div dir=\"auto\"><\/div>\n<div dir=\"auto\"><\/div>\n<div dir=\"auto\">COMO TRATAR CABELO MISTO?<\/div>\n<div dir=\"auto\"><\/div>\n<div dir=\"auto\" style=\"text-align: justify;\">O cabelo misto precisa de produtos que controlem a oleosidade do couro cabeludo, mas que mantenham o comprimento hidratado. Ent\u00e3o aposte em um shampoo que remova a oleosidade da raiz de forma eficaz, mas que n\u00e3o resseque o comprimento. Para isso, aposte em um condicionador tamb\u00e9m.<\/div>\n<div dir=\"auto\"><\/div>\n<div dir=\"auto\"><\/div>\n<div dir=\"auto\"><\/div>\n<div dir=\"auto\"><\/div>\n<div dir=\"auto\"><\/div>\n<div dir=\"auto\"><\/div>\n<div dir=\"auto\">Instagram @gilbertinhocabeleireiro<\/div>\n<div dir=\"auto\"><\/div>\n<div dir=\"auto\"><\/div>\n<div dir=\"auto\"><\/div>\n<div dir=\"auto\"><\/div>\n<div dir=\"auto\"><\/div>\n<\/div>\n<\/div>\n<\/div>\n<div class=\"mail-message-footer spacer collapsible\"><\/div>\n<\/div>\n","protected":false},"excerpt":{"rendered":"<p>Por Gilbertinho Cabelereiro Fios diferentes exigem cuidados diferentes. Aprenda a cuidar do seu tipo de cabelo. Cada tipo de fio tem as suas particularidades e isso n\u00e3o muda para os homens e mulheres. Saber se seu cabelo \u00e9 seco, misto ou oleoso \u00e9 importante para ajudar na escolha do melhor tratamento. Assim, voc\u00ea atinge bons [&hellip;]<\/p>\n","protected":false},"author":1,"featured_media":29610,"comment_status":"open","ping_status":"open","sticky":false,"template":"","format":"standard","meta":{"ngg_post_thumbnail":0,"footnotes":""},"categories":[2,32,41],"tags":[],"class_list":["post-29609","post","type-post","status-publish","format-standard","has-post-thumbnail","hentry","category-destaques","category-estetica","category-ultimasnoticias"],"_links":{"self":[{"href":"https:\/\/somdepapo.com.br\/portal\/wp-json\/wp\/v2\/posts\/29609","targetHints":{"allow":["GET"]}}],"collection":[{"href":"https:\/\/somdepapo.com.br\/portal\/wp-json\/wp\/v2\/posts"}],"about":[{"href":"https:\/\/somdepapo.com.br\/portal\/wp-json\/wp\/v2\/types\/post"}],"author":[{"embeddable":true,"href":"https:\/\/somdepapo.com.br\/portal\/wp-json\/wp\/v2\/users\/1"}],"replies":[{"embeddable":true,"href":"https:\/\/somdepapo.com.br\/portal\/wp-json\/wp\/v2\/comments?post=29609"}],"version-history":[{"count":1,"href":"https:\/\/somdepapo.com.br\/portal\/wp-json\/wp\/v2\/posts\/29609\/revisions"}],"predecessor-version":[{"id":29611,"href":"https:\/\/somdepapo.com.br\/portal\/wp-json\/wp\/v2\/posts\/29609\/revisions\/29611"}],"wp:featuredmedia":[{"embeddable":true,"href":"https:\/\/somdepapo.com.br\/portal\/wp-json\/wp\/v2\/media\/29610"}],"wp:attachment":[{"href":"https:\/\/somdepapo.com.br\/portal\/wp-json\/wp\/v2\/media?parent=29609"}],"wp:term":[{"taxonomy":"category","embeddable":true,"href":"https:\/\/somdepapo.com.br\/portal\/wp-json\/wp\/v2\/categories?post=29609"},{"taxonomy":"post_tag","embeddable":true,"href":"https:\/\/somdepapo.com.br\/portal\/wp-json\/wp\/v2\/tags?post=29609"}],"curies":[{"name":"wp","href":"https:\/\/api.w.org\/{rel}","templated":true}]}}