{"id":29641,"date":"2022-06-22T16:11:39","date_gmt":"2022-06-22T19:11:39","guid":{"rendered":"https:\/\/somdepapo.com.br\/portal\/?p=29641"},"modified":"2022-06-22T16:11:39","modified_gmt":"2022-06-22T19:11:39","slug":"como-esta-seu-cabelo-pro-sao-joao-ressecado-ou-elastico","status":"publish","type":"post","link":"https:\/\/somdepapo.com.br\/portal\/como-esta-seu-cabelo-pro-sao-joao-ressecado-ou-elastico\/","title":{"rendered":"Como est\u00e1 seu cabelo pro S\u00e3o Jo\u00e3o? Ressecado ou el\u00e1stico?"},"content":{"rendered":"<div id=\"m#msg-f:1735063061995710158\" class=\"mail-message expanded\">\n<div class=\"mail-message-header spacer\" style=\"text-align: right;\">Por Gilbertinho Cabelereiro<\/div>\n<div class=\"mail-message-content collapsible zoom-normal mail-show-images \">\n<div class=\"clear\">\n<div dir=\"auto\">\n<div dir=\"auto\"><\/div>\n<div dir=\"auto\"><\/div>\n<div dir=\"auto\" style=\"text-align: justify;\">Cabelo el\u00e1stico,\u00a0 p\u00f3s-qu\u00edmica, tem sido o pesadelo de muitas mulheres ao longo dos anos. Esse efeito acontece quando abusa\u00a0 de qu\u00edmicas no cabelo sem tomar os devidos cuidados, p\u00f3s-procedimentos, quando o intervalo de tempo entre um procedimento e outro \u00e9 muito curto ou quando h\u00e1 uma mistura de qu\u00edmicas incompat\u00edveis. Na maioria das vezes aplicam produtos sem o conhecimento de um profissional, isso acaba interferindo em todos os cuidados orientado.<\/div>\n<div dir=\"auto\"><\/div>\n<div dir=\"auto\" style=\"text-align: justify;\">Os fios ressecados s\u00e3o apenas fios que est\u00e3o com as cut\u00edculas abertas, escamosos, ficam com um aspecto opaco e podem at\u00e9 ser levemente quebradi\u00e7os, por\u00e9m s\u00e3o mais comuns de acontecer e mais f\u00e1ceis de resolver, pois a estrutura dos fios ainda est\u00e1 intacta.<\/div>\n<div dir=\"auto\"><img fetchpriority=\"high\" decoding=\"async\" class=\"alignnone size-full wp-image-29645\" src=\"https:\/\/somdepapo.com.br\/portal\/wp-content\/uploads\/2022\/06\/Screenshot_20220622-160856_Photos.jpg\" alt=\"\" width=\"1520\" height=\"720\" srcset=\"https:\/\/somdepapo.com.br\/portal\/wp-content\/uploads\/2022\/06\/Screenshot_20220622-160856_Photos.jpg 1520w, https:\/\/somdepapo.com.br\/portal\/wp-content\/uploads\/2022\/06\/Screenshot_20220622-160856_Photos-300x142.jpg 300w, https:\/\/somdepapo.com.br\/portal\/wp-content\/uploads\/2022\/06\/Screenshot_20220622-160856_Photos-1024x485.jpg 1024w, https:\/\/somdepapo.com.br\/portal\/wp-content\/uploads\/2022\/06\/Screenshot_20220622-160856_Photos-768x364.jpg 768w, https:\/\/somdepapo.com.br\/portal\/wp-content\/uploads\/2022\/06\/Screenshot_20220622-160856_Photos-696x330.jpg 696w, https:\/\/somdepapo.com.br\/portal\/wp-content\/uploads\/2022\/06\/Screenshot_20220622-160856_Photos-1068x506.jpg 1068w, https:\/\/somdepapo.com.br\/portal\/wp-content\/uploads\/2022\/06\/Screenshot_20220622-160856_Photos-887x420.jpg 887w\" sizes=\"(max-width: 1520px) 100vw, 1520px\" \/><\/div>\n<div dir=\"auto\"><\/div>\n<div dir=\"auto\"><\/div>\n<div dir=\"auto\" style=\"text-align: justify;\">J\u00e1 os fios el\u00e1sticos tiveram sua estrutura alterada, perderam muita massa e nutrientes e necessitam de um cuidado mais intensivo.<\/div>\n<div dir=\"auto\"><\/div>\n<div dir=\"auto\" style=\"text-align: justify;\">Os cabelos el\u00e1sticos podem ser tratados e recuperados, mas necessitam de tratamento intensivo e constante. \u201cDentre as recomenda\u00e7\u00f5es para lidar com cabelo el\u00e1stico o principal \u00e9 n\u00e3o ter medo de investir em um cronograma capilar.<\/div>\n<div dir=\"auto\"><\/div>\n<div dir=\"auto\" style=\"text-align: justify;\">Tamb\u00e9m \u00e9 indicado evitar chapinha todos os dias, secador, \u00e1gua quente, ou qualquer coisa que possa danificar mais os fios. Procure pentear seus fios da forma mais delicada poss\u00edvel para evitar a quebra e espere pelo menos tr\u00eas meses antes de fazer uma nova qu\u00edmica no cabelo.<\/div>\n<div dir=\"auto\"><\/div>\n<div dir=\"auto\" style=\"text-align: justify;\">O cabelo pode sim voltar ao normal ap\u00f3s os danos que levam \u00e0 elasticidade. A primeira coisa a se fazer \u00e9 interromper todos os procedimentos qu\u00edmicos. Em seguida, \u00e9 imprescind\u00edvel fazer um cronograma capilar com hidrata\u00e7\u00f5es e nutri\u00e7\u00f5es constantes. O cronograma vai recuperar os nutrientes perdidos do seu cabelo, como a queratina, os lip\u00eddios e a \u00e1gua.<\/div>\n<div dir=\"auto\"><\/div>\n<div dir=\"auto\">\u00c9 ideal que seja feita uma reconstru\u00e7\u00e3o e uma reposi\u00e7\u00e3o de massa capilar. Para garantir a efetividade do seu ciclo de reconstru\u00e7\u00e3o,\u00a0 Ele vai abrir as cut\u00edculas do cabelo para fazer uma hidrata\u00e7\u00e3o e nutri\u00e7\u00e3o de forma profunda.<\/div>\n<div dir=\"auto\"><\/div>\n<div dir=\"auto\"><\/div>\n<div dir=\"auto\" style=\"text-align: justify;\">O cronograma capilar vai depender da intensidade do seu dano. Se seus fios estiverem em estado cr\u00edtico, a recomenda\u00e7\u00e3o \u00e9 que a reconstru\u00e7\u00e3o seja feita uma vez por semana, juntamente com hidrata\u00e7\u00e3o e nutri\u00e7\u00e3o. Conforme o cabelo vai se recuperando, voc\u00ea pode diminuir a reconstru\u00e7\u00e3o para uma vez a cada quinze dias, mantendo a hidrata\u00e7\u00e3o e a nutri\u00e7\u00e3o semanal.<\/div>\n<div dir=\"auto\"><\/div>\n<div dir=\"auto\"><\/div>\n<div dir=\"auto\"><\/div>\n<div dir=\"auto\">Att: Gilbertinho Cabeleireiro \ud83d\udc87\u200d\u2640\ufe0f<\/div>\n<div dir=\"auto\"><\/div>\n<div dir=\"auto\">Instagram @gilbertinhocabeleireiro \ud83d\udc86\ud83c\udffd\u200d\u2640\ufe0f<\/div>\n<div dir=\"auto\"><\/div>\n<div dir=\"auto\"><\/div>\n<div dir=\"auto\"><\/div>\n<\/div>\n<\/div>\n<\/div>\n<div class=\"mail-message-footer spacer collapsible\"><\/div>\n<\/div>\n","protected":false},"excerpt":{"rendered":"<p>Por Gilbertinho Cabelereiro Cabelo el\u00e1stico,\u00a0 p\u00f3s-qu\u00edmica, tem sido o pesadelo de muitas mulheres ao longo dos anos. Esse efeito acontece quando abusa\u00a0 de qu\u00edmicas no cabelo sem tomar os devidos cuidados, p\u00f3s-procedimentos, quando o intervalo de tempo entre um procedimento e outro \u00e9 muito curto ou quando h\u00e1 uma mistura de qu\u00edmicas incompat\u00edveis. Na maioria [&hellip;]<\/p>\n","protected":false},"author":1,"featured_media":29644,"comment_status":"open","ping_status":"open","sticky":false,"template":"","format":"standard","meta":{"ngg_post_thumbnail":0,"footnotes":""},"categories":[2,32,31,41],"tags":[],"class_list":["post-29641","post","type-post","status-publish","format-standard","has-post-thumbnail","hentry","category-destaques","category-estetica","category-noticias","category-ultimasnoticias"],"_links":{"self":[{"href":"https:\/\/somdepapo.com.br\/portal\/wp-json\/wp\/v2\/posts\/29641","targetHints":{"allow":["GET"]}}],"collection":[{"href":"https:\/\/somdepapo.com.br\/portal\/wp-json\/wp\/v2\/posts"}],"about":[{"href":"https:\/\/somdepapo.com.br\/portal\/wp-json\/wp\/v2\/types\/post"}],"author":[{"embeddable":true,"href":"https:\/\/somdepapo.com.br\/portal\/wp-json\/wp\/v2\/users\/1"}],"replies":[{"embeddable":true,"href":"https:\/\/somdepapo.com.br\/portal\/wp-json\/wp\/v2\/comments?post=29641"}],"version-history":[{"count":1,"href":"https:\/\/somdepapo.com.br\/portal\/wp-json\/wp\/v2\/posts\/29641\/revisions"}],"predecessor-version":[{"id":29646,"href":"https:\/\/somdepapo.com.br\/portal\/wp-json\/wp\/v2\/posts\/29641\/revisions\/29646"}],"wp:featuredmedia":[{"embeddable":true,"href":"https:\/\/somdepapo.com.br\/portal\/wp-json\/wp\/v2\/media\/29644"}],"wp:attachment":[{"href":"https:\/\/somdepapo.com.br\/portal\/wp-json\/wp\/v2\/media?parent=29641"}],"wp:term":[{"taxonomy":"category","embeddable":true,"href":"https:\/\/somdepapo.com.br\/portal\/wp-json\/wp\/v2\/categories?post=29641"},{"taxonomy":"post_tag","embeddable":true,"href":"https:\/\/somdepapo.com.br\/portal\/wp-json\/wp\/v2\/tags?post=29641"}],"curies":[{"name":"wp","href":"https:\/\/api.w.org\/{rel}","templated":true}]}}