{"id":29754,"date":"2022-07-03T09:52:40","date_gmt":"2022-07-03T12:52:40","guid":{"rendered":"https:\/\/somdepapo.com.br\/portal\/?p=29754"},"modified":"2022-07-03T09:52:40","modified_gmt":"2022-07-03T12:52:40","slug":"a-causa-animal-uma-responsabilidade-de-todos","status":"publish","type":"post","link":"https:\/\/somdepapo.com.br\/portal\/a-causa-animal-uma-responsabilidade-de-todos\/","title":{"rendered":"A causa animal: uma responsabilidade de todos"},"content":{"rendered":"<p style=\"text-align: right;\">Por Omar Silva<\/p>\n<p>&nbsp;<\/p>\n<p style=\"text-align: justify;\"><em>Cuidar dos animais em situa\u00e7\u00e3o de vulnerabilidade, bem como dos que est\u00e3o dentro de fam\u00edlias carentes, tamb\u00e9m \u00e9 um tema de sa\u00fade p\u00fablica, afirma Jos\u00e9 Dilson das Chagas, pr\u00e9-candidato a Deputado Estadual por S\u00e3o Paulo.<\/em><\/p>\n<p style=\"text-align: justify;\">Com uma agenda repleta de compromissos com entidades religiosas, profissionais liberais e de classes diversas, Jos\u00e9 Dilson separou a manh\u00e3 da ultima quarta-feira (29), para conhecer como \u00e9 o trabalho de pessoas que atuam na causa animal pelo estado de S\u00e3o Paulo.<\/p>\n<p style=\"text-align: justify;\">\u00c0 convite da comunicadora Claudia Ramos, Jos\u00e9 Dilson e o agente p\u00fablico Manuel Orleilson, estiveram na ONG Instituto Amor que Mia, localizado em Santo Andr\u00e9 e presidida por Monize Minatti, que h\u00e1 anos ajuda protetores, pessoas que resgatam e outros abrigos, em uma rede de aten\u00e7\u00e3o \u00e0s necessidades de animais de todo o estado de S\u00e3o Paulo.<\/p>\n<p><img fetchpriority=\"high\" decoding=\"async\" class=\"alignnone size-full wp-image-29755\" src=\"https:\/\/somdepapo.com.br\/portal\/wp-content\/uploads\/2022\/07\/ReuniaoInstituto.jpg\" alt=\"\" width=\"320\" height=\"240\" srcset=\"https:\/\/somdepapo.com.br\/portal\/wp-content\/uploads\/2022\/07\/ReuniaoInstituto.jpg 320w, https:\/\/somdepapo.com.br\/portal\/wp-content\/uploads\/2022\/07\/ReuniaoInstituto-300x225.jpg 300w, https:\/\/somdepapo.com.br\/portal\/wp-content\/uploads\/2022\/07\/ReuniaoInstituto-80x60.jpg 80w, https:\/\/somdepapo.com.br\/portal\/wp-content\/uploads\/2022\/07\/ReuniaoInstituto-265x198.jpg 265w\" sizes=\"(max-width: 320px) 100vw, 320px\" \/><\/p>\n<p style=\"text-align: justify;\">\u201cPedidos de resgate, envio de alimentos e solicita\u00e7\u00f5es de procedimentos, tanto exames como cirurgias, principalmente de castra\u00e7\u00e3o, \u00e9 o que mais temos. A organiza\u00e7\u00e3o de eventos para potencializar ado\u00e7\u00f5es \u00e9 uma crescente, mas a quest\u00e3o de sa\u00fade e alimenta\u00e7\u00e3o ainda \u00e9 a prioridade maior\u201d, explica Monize que deu n\u00fameros expressivos e de alerta quanto \u00e0 sa\u00fade animal pelo estado.<\/p>\n<p><img decoding=\"async\" class=\"alignnone size-full wp-image-29756\" src=\"https:\/\/somdepapo.com.br\/portal\/wp-content\/uploads\/2022\/07\/CapaDilsonMonize.jpg\" alt=\"\" width=\"380\" height=\"328\" srcset=\"https:\/\/somdepapo.com.br\/portal\/wp-content\/uploads\/2022\/07\/CapaDilsonMonize.jpg 380w, https:\/\/somdepapo.com.br\/portal\/wp-content\/uploads\/2022\/07\/CapaDilsonMonize-300x259.jpg 300w\" sizes=\"(max-width: 380px) 100vw, 380px\" \/><\/p>\n<p style=\"text-align: justify;\">\u201cHoje, uma pessoa que venha a ser infectada com raiva animal, pode custar R$200 mil reais para o Estado em tratamentos caso evolua para uma interna\u00e7\u00e3o, por exemplo. Vale ressaltar que estamos falando de um tratamento de at\u00e9 dois anos. A possibilidade de sequelas no ser humano \u00e9 enorme, e o animal segue para o sacrif\u00edcio j\u00e1 que n\u00e3o h\u00e1 tratamento. Tudo poderia ser evitado com vacinas que custam R$5,00. Al\u00e9m disso, existem doen\u00e7as perigosas que s\u00e3o encaminhadas para o Em\u00edlio Ribas, e a popula\u00e7\u00e3o n\u00e3o tem informa\u00e7\u00e3o\u201d, alerta Monize.<\/p>\n<p style=\"text-align: justify;\">Segundo a OMS (Organiza\u00e7\u00e3o Mundial de Sa\u00fade), mais de 60% das doen\u00e7as infecciosas humanas prov\u00e9m de origem animal (zoonoses) dentre elas o pr\u00f3prio Covid 19, sendo que, algumas dessas doen\u00e7as tem potencial para provocar pandemias globais. Um recente relat\u00f3rio da ONU (Organiza\u00e7\u00e3o das Na\u00e7\u00f5es Unidas) sobre biodiversidade assinado por 22 especialistas de todo o mundo, ressalta que o custo de evitar as zoonoses pode ser 100 vezes menor do que os gastos com o tratamento.<\/p>\n<p style=\"text-align: justify;\">Em conversa com Jos\u00e9 Dilson, Monize relatou que, h\u00e1 algumas semanas uma senhora se dirigiu at\u00e9 o Instituto Amor que Mia, com fotos de um gato todo machucado, j\u00e1 com mi\u00edase (larvas de moscas na pele &#8211; bicheira), que apresentou um diagn\u00f3stico de esporotricose. \u201cImediatamente a orientamos sobre o perigo da contamina\u00e7\u00e3o da doen\u00e7a em humanos. Todavia, essa senhora me mostrou feridas pelo corpo dela, e relatou que o gato dormia com seu filho, que tamb\u00e9m apresentava feridas\u201d.<\/p>\n<p style=\"text-align: justify;\">Monize relatou que orientou a senhora a ir ao Em\u00edlio Ribas, juntamente com o filho, onde ambos iniciaram o tratamento j\u00e1 que estavam contaminados. A crian\u00e7a de apenas cinco anos, j\u00e1 estava cheia de feridas pelo corpo.<\/p>\n<p style=\"text-align: justify;\">\u201cEm resumo, em nenhum momento essa senhora foi orientada sobre a preven\u00e7\u00e3o de doen\u00e7as transmitidas por animais dom\u00e9sticos, nem pelo sistema de sa\u00fade p\u00fablica, nem por centros de Zoonoses que deveriam funcionar, tamb\u00e9m, neste sentido\u201d, finaliza Monize.<\/p>\n<p style=\"text-align: justify;\">Jos\u00e9 Dilson das Chagas, que est\u00e1 em franca campanha como pr\u00e9-candidato a Deputado Estadual por S\u00e3o Paulo, v\u00ea como imperativa a necessidade de capacitar as pessoas que atuam verdadeiramente na causa animal, com o resgate, abrigo e processo de ado\u00e7\u00e3o, bem como dar aten\u00e7\u00e3o ao tutor.<\/p>\n<p style=\"text-align: justify;\">\u201cCapacita\u00e7\u00e3o, regulariza\u00e7\u00e3o de entidades, cria\u00e7\u00e3o de uma rede eficaz de cl\u00ednicas para exames e procedimentos com pre\u00e7o popular e at\u00e9 gratuito, Centros de Zoonoses pelo estado cumprindo seu verdadeiro papel, cremat\u00f3rios p\u00fablicos para animais de pequeno porte, s\u00e3o essenciais por que, estamos falando de propaga\u00e7\u00e3o de doen\u00e7as quando h\u00e1 o abandono de animais mortos em lix\u00f5es, c\u00f3rregos ou o sepultamento em solo. Se isso n\u00e3o \u00e9 considerado sa\u00fade p\u00fablica, n\u00e3o sei o que seria\u201d, afirma Jos\u00e9 Dilson.<\/p>\n<p style=\"text-align: justify;\">Jos\u00e9 Dilson das Chagas, que \u00e9 tutor h\u00e1 mais de uma d\u00e9cada de uma cadelinha, tem especial aten\u00e7\u00e3o \u00e0 sa\u00fade p\u00fablica, moradia popular e educa\u00e7\u00e3o. Ao tomar conhecimento de como os mais de 3 mil protetores pelo estado de S\u00e3o Paulo est\u00e3o em situa\u00e7\u00f5es prec\u00e1rias, sem suporte e ajuda do Estado e Munic\u00edpios, se prontificou a j\u00e1 iniciar projetos de ajuda, como o apoio na Feira de Ado\u00e7\u00e3o da Faculdade Anhanguera, que acontecer\u00e1 dia 30 de julho, das 10 \u00e0s 15h., na Rua Atl\u00e2ntica, 731 em S\u00e3o Bernardo do Campo.<\/p>\n<p style=\"text-align: justify;\">\u201cN\u00e3o adianta resgatar os animais em situa\u00e7\u00e3o de abandono, de rua ou maus tratos, deixar nos abrigos que j\u00e1 est\u00e3o abarrotados e em situa\u00e7\u00e3o prec\u00e1ria, sem ajuda alguma, postar o resgate nas redes sociais e ganhar fama. Temos que fazer de verdade. Ir atr\u00e1s de regulamenta\u00e7\u00e3o, de leis, de incentivo, de orienta\u00e7\u00e3o aos tutores e a sociedade como um todo\u201d, afirma Jos\u00e9 Dilson.<\/p>\n<p><img decoding=\"async\" class=\"alignnone size-full wp-image-29757\" src=\"https:\/\/somdepapo.com.br\/portal\/wp-content\/uploads\/2022\/07\/ManuelPretinha.jpg\" alt=\"\" width=\"461\" height=\"576\" srcset=\"https:\/\/somdepapo.com.br\/portal\/wp-content\/uploads\/2022\/07\/ManuelPretinha.jpg 461w, https:\/\/somdepapo.com.br\/portal\/wp-content\/uploads\/2022\/07\/ManuelPretinha-240x300.jpg 240w, https:\/\/somdepapo.com.br\/portal\/wp-content\/uploads\/2022\/07\/ManuelPretinha-336x420.jpg 336w\" sizes=\"(max-width: 461px) 100vw, 461px\" \/><\/p>\n<p style=\"text-align: justify;\">Monize Minatti que est\u00e1 em Santo Andr\u00e9, possui gatos para ado\u00e7\u00e3o, mas na tarde da quarta-feira, j\u00e1 receberia oito c\u00e3es e se prepara para a feira de ado\u00e7\u00e3o na Faculdade Anhanguera S\u00e3o Bernardo do Campo, ciente que at\u00e9 a data, estar\u00e1 com muitos outros animaizinhos em situa\u00e7\u00e3o de ado\u00e7\u00e3o. \u201cO animal de estima\u00e7\u00e3o faz parte da fam\u00edlia e, assim como o ser humano necessita de aten\u00e7\u00e3o, cuidado, carinho e dignidade para viver, seja em um lar com tutores, ou em abrigos\u201d, afirma Manuel Orleilson que foi o colo escolhido por \u201cPretinha\u201d, apelido carinhoso que essa gatinha em situa\u00e7\u00e3o de ado\u00e7\u00e3o recebeu na ONG.<\/p>\n<p>&nbsp;<\/p>\n<p>&nbsp;<\/p>\n","protected":false},"excerpt":{"rendered":"<p>Por Omar Silva &nbsp; Cuidar dos animais em situa\u00e7\u00e3o de vulnerabilidade, bem como dos que est\u00e3o dentro de fam\u00edlias carentes, tamb\u00e9m \u00e9 um tema de sa\u00fade p\u00fablica, afirma Jos\u00e9 Dilson das Chagas, pr\u00e9-candidato a Deputado Estadual por S\u00e3o Paulo. Com uma agenda repleta de compromissos com entidades religiosas, profissionais liberais e de classes diversas, Jos\u00e9 [&hellip;]<\/p>\n","protected":false},"author":1,"featured_media":29758,"comment_status":"open","ping_status":"open","sticky":false,"template":"","format":"standard","meta":{"ngg_post_thumbnail":0,"footnotes":""},"categories":[2,31,153,41],"tags":[],"class_list":["post-29754","post","type-post","status-publish","format-standard","has-post-thumbnail","hentry","category-destaques","category-noticias","category-pet","category-ultimasnoticias"],"_links":{"self":[{"href":"https:\/\/somdepapo.com.br\/portal\/wp-json\/wp\/v2\/posts\/29754","targetHints":{"allow":["GET"]}}],"collection":[{"href":"https:\/\/somdepapo.com.br\/portal\/wp-json\/wp\/v2\/posts"}],"about":[{"href":"https:\/\/somdepapo.com.br\/portal\/wp-json\/wp\/v2\/types\/post"}],"author":[{"embeddable":true,"href":"https:\/\/somdepapo.com.br\/portal\/wp-json\/wp\/v2\/users\/1"}],"replies":[{"embeddable":true,"href":"https:\/\/somdepapo.com.br\/portal\/wp-json\/wp\/v2\/comments?post=29754"}],"version-history":[{"count":1,"href":"https:\/\/somdepapo.com.br\/portal\/wp-json\/wp\/v2\/posts\/29754\/revisions"}],"predecessor-version":[{"id":29759,"href":"https:\/\/somdepapo.com.br\/portal\/wp-json\/wp\/v2\/posts\/29754\/revisions\/29759"}],"wp:featuredmedia":[{"embeddable":true,"href":"https:\/\/somdepapo.com.br\/portal\/wp-json\/wp\/v2\/media\/29758"}],"wp:attachment":[{"href":"https:\/\/somdepapo.com.br\/portal\/wp-json\/wp\/v2\/media?parent=29754"}],"wp:term":[{"taxonomy":"category","embeddable":true,"href":"https:\/\/somdepapo.com.br\/portal\/wp-json\/wp\/v2\/categories?post=29754"},{"taxonomy":"post_tag","embeddable":true,"href":"https:\/\/somdepapo.com.br\/portal\/wp-json\/wp\/v2\/tags?post=29754"}],"curies":[{"name":"wp","href":"https:\/\/api.w.org\/{rel}","templated":true}]}}