{"id":29852,"date":"2022-07-15T18:43:42","date_gmt":"2022-07-15T21:43:42","guid":{"rendered":"https:\/\/somdepapo.com.br\/portal\/?p=29852"},"modified":"2022-07-15T18:43:42","modified_gmt":"2022-07-15T21:43:42","slug":"avancos-na-estetica-com-reciclagem-em-fios-de-pdo","status":"publish","type":"post","link":"https:\/\/somdepapo.com.br\/portal\/avancos-na-estetica-com-reciclagem-em-fios-de-pdo\/","title":{"rendered":"Avan\u00e7os na Est\u00e9tica com reciclagem em fios de PDO"},"content":{"rendered":"<p style=\"text-align: right;\">Por Omar Silva<\/p>\n<p style=\"text-align: justify;\">Considerado uma das grandes revela\u00e7\u00f5es da nova gera\u00e7\u00e3o da medicina est\u00e9tica no Brasil, o m\u00e9dico Ivan Rollemberg esteve na \u00faltima semana do outro lado do planeta, mais precisamente em Seul, capital da Coreia do Sul.<\/p>\n<p style=\"text-align: justify;\">No local, Dr. Ivan, CEO e propriet\u00e1rio da conceituada Human Clinic, em S\u00e3o Paulo, realizou uma imers\u00e3o nas t\u00e9cnicas de aplica\u00e7\u00e3o dos fios de PDO, um dos procedimentos est\u00e9ticos mais procurados nos \u00faltimos tempos e que garantem resultados incr\u00edveis e imediatos, promovendo uma reposicionamento da pele e, consequentemente, o rejuvenescimento t\u00e3o buscado pelos pacientes.<\/p>\n<p style=\"text-align: justify;\">O Dr. Ivan \u00e9 um dos precursores dessa t\u00e9cnica no Brasil, al\u00e9m de ser um dos recordistas mundiais na realiza\u00e7\u00e3o desse tipo de procedimento, levando nosso pa\u00eds a figurar em primeiro lugar no uso de fios de PDO em tratamentos est\u00e9ticos.<\/p>\n<p style=\"text-align: justify;\"><strong>\u00a0<\/strong>\u201cEscolhi a Coreia do Sul para fazer essa reciclagem porque o pa\u00eds \u00e9 pioneiro em toxinas e preenchedores no mundo.\u00a0 Eles s\u00e3o os maiores produtores mundiais de fios, a maioria das marcas est\u00e3o l\u00e1, al\u00e9m de terem criado uma tecnologia extremamente moderna\u201d, conta Ivan.<\/p>\n<p style=\"text-align: justify;\">O m\u00e9dico, junto com outros profissionais da \u00e1rea, integrou a primeira turma de brasileiros a participarem de uma reciclagem em terras coreanas. L\u00e1 eles tiveram a oportunidade de se atualizarem e aprenderem ainda mais com os papas dos fios de PDO, inclusive com o criador da t\u00e9cnica, Kwon Han Jin.<\/p>\n<p style=\"text-align: justify;\">\u201cOs fios de PDO surgiram na Cor\u00e9ia. L\u00e1 tivemos aulas com o criador do m\u00e9todo, al\u00e9m de uma boa troca de experi\u00eancias de pr\u00e1ticas com outros grandes nomes do setor. Hoje em dia existem v\u00e1rios tipos de fios e \u00e9 importante essa reciclagem para podermos atender os pacientes em nossa cl\u00ednica com ainda mais qualidade\u201d, pontua especialista em dermatologia.<\/p>\n<p style=\"text-align: justify;\">Al\u00e9m de aprender muito e se atualizar, o Dr. Ivan trouxe muitas novidades da Cor\u00e9ia. \u201cH\u00e1 um novo tipo de fio, o Matrix, uma esp\u00e9cie de stent, que faz um espa\u00e7o onde \u00e9 colocado e nesse espa\u00e7o \u00e9 criado, ent\u00e3o, um cord\u00e3o de col\u00e1geno novo. \u00c9 um fio absorv\u00edvel e totalmente seguro. Outra novidade boa \u00e9 a ultrassonografia m\u00f3vel que agora estar\u00e1 ao nosso alcance. Dessa forma, o paciente n\u00e3o precisa mais ir para o hospital ou ambulat\u00f3rio. O procedimento pode ser realizado na cl\u00ednica, o que d\u00e1 seguran\u00e7a para o pr\u00e9 e p\u00f3s-operat\u00f3rio nos tratamentos. Uma tecnologia muito legal\u201d, explica o m\u00e9dico.<\/p>\n<p style=\"text-align: justify;\">Ainda segundo o especialista, o Brasil executa mais procedimentos de coloca\u00e7\u00e3o de fios de PDO do que a pr\u00f3pria Coreia, onde a t\u00e9cnica surgiu. Por isso os profissionais brasileiros tamb\u00e9m t\u00eam muito a ensinar aos coreanos e essa troca durante os dias de curso foi enriquecedora para ambas as partes.<\/p>\n<p style=\"text-align: justify;\">\u201cNa Human Clinic, executamos cerca de mil fios de tra\u00e7\u00e3o por m\u00eas, o que \u00e9 um n\u00famero bem significativo. Cerca de 80 a 100 pacientes recebem os fios de PDO mensalmente nos procedimentos que realizo\u201d, pontua o Dr. Ivan Rollemberg, ressaltando a import\u00e2ncia brasileira no setor que n\u00e3o para de crescer e evoluir.<\/p>\n<p>&nbsp;<\/p>\n<p><strong>(Dr. Ivan Rollemberg)<\/strong><\/p>\n<p>\u2014<\/p>\n","protected":false},"excerpt":{"rendered":"<p>Por Omar Silva Considerado uma das grandes revela\u00e7\u00f5es da nova gera\u00e7\u00e3o da medicina est\u00e9tica no Brasil, o m\u00e9dico Ivan Rollemberg esteve na \u00faltima semana do outro lado do planeta, mais precisamente em Seul, capital da Coreia do Sul. No local, Dr. Ivan, CEO e propriet\u00e1rio da conceituada Human Clinic, em S\u00e3o Paulo, realizou uma imers\u00e3o [&hellip;]<\/p>\n","protected":false},"author":1,"featured_media":29853,"comment_status":"open","ping_status":"open","sticky":false,"template":"","format":"standard","meta":{"ngg_post_thumbnail":0,"footnotes":""},"categories":[2,32,41],"tags":[],"class_list":["post-29852","post","type-post","status-publish","format-standard","has-post-thumbnail","hentry","category-destaques","category-estetica","category-ultimasnoticias"],"_links":{"self":[{"href":"https:\/\/somdepapo.com.br\/portal\/wp-json\/wp\/v2\/posts\/29852","targetHints":{"allow":["GET"]}}],"collection":[{"href":"https:\/\/somdepapo.com.br\/portal\/wp-json\/wp\/v2\/posts"}],"about":[{"href":"https:\/\/somdepapo.com.br\/portal\/wp-json\/wp\/v2\/types\/post"}],"author":[{"embeddable":true,"href":"https:\/\/somdepapo.com.br\/portal\/wp-json\/wp\/v2\/users\/1"}],"replies":[{"embeddable":true,"href":"https:\/\/somdepapo.com.br\/portal\/wp-json\/wp\/v2\/comments?post=29852"}],"version-history":[{"count":1,"href":"https:\/\/somdepapo.com.br\/portal\/wp-json\/wp\/v2\/posts\/29852\/revisions"}],"predecessor-version":[{"id":29854,"href":"https:\/\/somdepapo.com.br\/portal\/wp-json\/wp\/v2\/posts\/29852\/revisions\/29854"}],"wp:featuredmedia":[{"embeddable":true,"href":"https:\/\/somdepapo.com.br\/portal\/wp-json\/wp\/v2\/media\/29853"}],"wp:attachment":[{"href":"https:\/\/somdepapo.com.br\/portal\/wp-json\/wp\/v2\/media?parent=29852"}],"wp:term":[{"taxonomy":"category","embeddable":true,"href":"https:\/\/somdepapo.com.br\/portal\/wp-json\/wp\/v2\/categories?post=29852"},{"taxonomy":"post_tag","embeddable":true,"href":"https:\/\/somdepapo.com.br\/portal\/wp-json\/wp\/v2\/tags?post=29852"}],"curies":[{"name":"wp","href":"https:\/\/api.w.org\/{rel}","templated":true}]}}