{"id":30043,"date":"2022-08-18T10:00:05","date_gmt":"2022-08-18T13:00:05","guid":{"rendered":"https:\/\/somdepapo.com.br\/portal\/?p=30043"},"modified":"2022-08-16T16:47:10","modified_gmt":"2022-08-16T19:47:10","slug":"a-importancia-da-escovacao-dos-dentes-dos-pets","status":"publish","type":"post","link":"https:\/\/somdepapo.com.br\/portal\/a-importancia-da-escovacao-dos-dentes-dos-pets\/","title":{"rendered":"A import\u00e2ncia da escova\u00e7\u00e3o dos dentes dos pets"},"content":{"rendered":"<p style=\"text-align: justify;\">A escova\u00e7\u00e3o dos dentes \u00e9 de suma importante na fase inicial da vida. \u00c9 desde<br \/>\npequeno que devemos criar o habito, a rotina de escovar. A dica que eu dou \u00e9<br \/>\nescolher um hor\u00e1rio em que eles estejam calmos e bem relaxados. Pode ser<br \/>\ndepois de brincar ou at\u00e9 no final do dia, quando j\u00e1 realizaram todas as<br \/>\nrefei\u00e7\u00f5es e come\u00e7am a ficar cansados.<br \/>\nEssa pratica precisa ser diariamente. Assim voc\u00ea previne t\u00e1rtaro, mau h\u00e1lito,<br \/>\ndoen\u00e7as na gengiva, entre outros problemas. Al\u00e9m disso, garante que o pet<br \/>\nn\u00e3o sinta dores na regi\u00e3o da boca.<\/p>\n<p style=\"text-align: justify;\">Existem no mercado pet alguns modelos e tamanhos de escovas para cada<br \/>\nfase de vida e tamanho do animal. A escolha da pasta de dente tamb\u00e9m \u00e9<br \/>\nimportante. Lembrando que jamais deve se usar a pasta que n\u00f3s humanos<br \/>\nutilizamos, existem pastas de dentes especificas para os pets.<\/p>\n<p style=\"text-align: justify;\">Tem alguns brinquedos, ossos e petiscos que facilitam e ajudam na hora da<br \/>\nescova\u00e7\u00e3o. Tudo para que este momento seja tranquilo e menos estressante<br \/>\npara eles.<\/p>\n<p style=\"text-align: justify;\">Qualquer duvida, estou \u00e0 disposi\u00e7\u00e3o!<\/p>\n<p style=\"text-align: justify;\">Autora: Ana Karoline Carvalho<br \/>\nInstagram: @anakaroline.vet<br \/>\nFonte da imagem: https:\/\/www.petz.com.br\/blog\/dicas\/como-escovar-dente-de-<br \/>\ncachorro\/<\/p>\n","protected":false},"excerpt":{"rendered":"<p>A escova\u00e7\u00e3o dos dentes \u00e9 de suma importante na fase inicial da vida. \u00c9 desde pequeno que devemos criar o habito, a rotina de escovar. A dica que eu dou \u00e9 escolher um hor\u00e1rio em que eles estejam calmos e bem relaxados. Pode ser depois de brincar ou at\u00e9 no final do dia, quando j\u00e1 [&hellip;]<\/p>\n","protected":false},"author":1,"featured_media":30044,"comment_status":"open","ping_status":"open","sticky":false,"template":"","format":"standard","meta":{"ngg_post_thumbnail":0,"footnotes":""},"categories":[2,153,41],"tags":[],"class_list":["post-30043","post","type-post","status-publish","format-standard","has-post-thumbnail","hentry","category-destaques","category-pet","category-ultimasnoticias"],"_links":{"self":[{"href":"https:\/\/somdepapo.com.br\/portal\/wp-json\/wp\/v2\/posts\/30043","targetHints":{"allow":["GET"]}}],"collection":[{"href":"https:\/\/somdepapo.com.br\/portal\/wp-json\/wp\/v2\/posts"}],"about":[{"href":"https:\/\/somdepapo.com.br\/portal\/wp-json\/wp\/v2\/types\/post"}],"author":[{"embeddable":true,"href":"https:\/\/somdepapo.com.br\/portal\/wp-json\/wp\/v2\/users\/1"}],"replies":[{"embeddable":true,"href":"https:\/\/somdepapo.com.br\/portal\/wp-json\/wp\/v2\/comments?post=30043"}],"version-history":[{"count":1,"href":"https:\/\/somdepapo.com.br\/portal\/wp-json\/wp\/v2\/posts\/30043\/revisions"}],"predecessor-version":[{"id":30045,"href":"https:\/\/somdepapo.com.br\/portal\/wp-json\/wp\/v2\/posts\/30043\/revisions\/30045"}],"wp:featuredmedia":[{"embeddable":true,"href":"https:\/\/somdepapo.com.br\/portal\/wp-json\/wp\/v2\/media\/30044"}],"wp:attachment":[{"href":"https:\/\/somdepapo.com.br\/portal\/wp-json\/wp\/v2\/media?parent=30043"}],"wp:term":[{"taxonomy":"category","embeddable":true,"href":"https:\/\/somdepapo.com.br\/portal\/wp-json\/wp\/v2\/categories?post=30043"},{"taxonomy":"post_tag","embeddable":true,"href":"https:\/\/somdepapo.com.br\/portal\/wp-json\/wp\/v2\/tags?post=30043"}],"curies":[{"name":"wp","href":"https:\/\/api.w.org\/{rel}","templated":true}]}}