{"id":30069,"date":"2022-08-23T15:00:58","date_gmt":"2022-08-23T18:00:58","guid":{"rendered":"https:\/\/somdepapo.com.br\/portal\/?p=30069"},"modified":"2022-08-22T10:51:02","modified_gmt":"2022-08-22T13:51:02","slug":"super-dicas-para-fazer-o-cabelo-crescer-mais-rapido-e-forte","status":"publish","type":"post","link":"https:\/\/somdepapo.com.br\/portal\/super-dicas-para-fazer-o-cabelo-crescer-mais-rapido-e-forte\/","title":{"rendered":"SUPER DICAS PARA FAZER O CABELO CRESCER MAIS R\u00c1PIDO E FORTE\u00a0"},"content":{"rendered":"<div dir=\"auto\">O ciclo de vida do nosso cabelo ocorre no fol\u00edculo piloso. \u00c9 dentro dessa estrutura que nosso cabelo \u00e9 produzido. No fundo dela h\u00e1 a raiz, repleta de c\u00e9lulas que se multiplicam constantemente.<\/div>\n<div dir=\"auto\">Quando essas c\u00e9lulas se multiplicam, empurram o fio de cabelo para fora, fazendo, assim, com que ele cres\u00e7a.<\/div>\n<div dir=\"auto\"><\/div>\n<div dir=\"auto\">A fase de crescimento \u00e9 seguida pela de transi\u00e7\u00e3o e regress\u00e3o e, ent\u00e3o, vem a etapa de repouso, que \u00e9 a fase em que o fio de cabelo cair\u00e1 e o crescimento ir\u00e1 reiniciar.<\/div>\n<div dir=\"auto\">A m\u00e9dia de crescimento capilar \u00e9 de 1,5 cm por m\u00eas.<\/div>\n<div dir=\"auto\"><\/div>\n<div dir=\"auto\">Por\u00e9m existem alguns truques e dicas que podem faz\u00ea-los crescer mais r\u00e1pido, como garantir todos os nutrientes que o corpo precisa para formar os fios e melhorar a circula\u00e7\u00e3o sangu\u00ednea local.<\/div>\n<div dir=\"auto\"><img fetchpriority=\"high\" decoding=\"async\" class=\"alignnone size-full wp-image-30071\" src=\"https:\/\/somdepapo.com.br\/portal\/wp-content\/uploads\/2022\/08\/IMG-20220514-WA0119.jpg\" alt=\"\" width=\"720\" height=\"1600\" srcset=\"https:\/\/somdepapo.com.br\/portal\/wp-content\/uploads\/2022\/08\/IMG-20220514-WA0119.jpg 720w, https:\/\/somdepapo.com.br\/portal\/wp-content\/uploads\/2022\/08\/IMG-20220514-WA0119-135x300.jpg 135w, https:\/\/somdepapo.com.br\/portal\/wp-content\/uploads\/2022\/08\/IMG-20220514-WA0119-461x1024.jpg 461w, https:\/\/somdepapo.com.br\/portal\/wp-content\/uploads\/2022\/08\/IMG-20220514-WA0119-691x1536.jpg 691w, https:\/\/somdepapo.com.br\/portal\/wp-content\/uploads\/2022\/08\/IMG-20220514-WA0119-696x1547.jpg 696w, https:\/\/somdepapo.com.br\/portal\/wp-content\/uploads\/2022\/08\/IMG-20220514-WA0119-189x420.jpg 189w\" sizes=\"(max-width: 720px) 100vw, 720px\" \/><\/div>\n<div dir=\"auto\">Cortar o cabelo<\/div>\n<div dir=\"auto\">Essa dica provavelmente soa muito estranha, n\u00e3o \u00e9 mesmo? Se o objetivo \u00e9 fazer o cabelo crescer, como cort\u00e1-lo ir\u00e1 ajudar?<\/div>\n<div dir=\"auto\">O importante \u00e9 fazer o corte certo para retirar as pontas duplas sem alterar o comprimento do cabelo. Isso porque as pontas duplas s\u00e3o grandes respons\u00e1veis pela quebra da fibra capilar, o que torna mais dif\u00edcil perceber seu crescimento.<\/div>\n<div dir=\"auto\"><\/div>\n<div dir=\"auto\">Massagear o couro cabeludo por alguns minutos \u00e9 um simples m\u00e9todo para estimular a regi\u00e3o e fazer o cabelo crescer. Alem disso a massagem aumentar\u00e1 o fluxo sangu\u00edneo na regi\u00e3o da raiz, fazendo com que ela receba mais oxig\u00eanio, fator que ajudar\u00e1 a fazer com que o fio cres\u00e7a rapidamente.<\/div>\n<div dir=\"auto\"><\/div>\n<div dir=\"auto\"><\/div>\n<div dir=\"auto\"><\/div>\n<div dir=\"auto\">Att: Gilbertinho Cabeleireiro<\/div>\n<div dir=\"auto\"><\/div>\n<div dir=\"auto\">Instagram @gilbertinhocabeleireiro<\/div>\n<div class=\"yj6qo\"><\/div>\n<div class=\"adL\" dir=\"auto\"><\/div>\n","protected":false},"excerpt":{"rendered":"<p>O ciclo de vida do nosso cabelo ocorre no fol\u00edculo piloso. \u00c9 dentro dessa estrutura que nosso cabelo \u00e9 produzido. No fundo dela h\u00e1 a raiz, repleta de c\u00e9lulas que se multiplicam constantemente. Quando essas c\u00e9lulas se multiplicam, empurram o fio de cabelo para fora, fazendo, assim, com que ele cres\u00e7a. A fase de crescimento [&hellip;]<\/p>\n","protected":false},"author":1,"featured_media":30070,"comment_status":"open","ping_status":"open","sticky":false,"template":"","format":"standard","meta":{"ngg_post_thumbnail":0,"footnotes":""},"categories":[2,32,41],"tags":[],"class_list":["post-30069","post","type-post","status-publish","format-standard","has-post-thumbnail","hentry","category-destaques","category-estetica","category-ultimasnoticias"],"_links":{"self":[{"href":"https:\/\/somdepapo.com.br\/portal\/wp-json\/wp\/v2\/posts\/30069","targetHints":{"allow":["GET"]}}],"collection":[{"href":"https:\/\/somdepapo.com.br\/portal\/wp-json\/wp\/v2\/posts"}],"about":[{"href":"https:\/\/somdepapo.com.br\/portal\/wp-json\/wp\/v2\/types\/post"}],"author":[{"embeddable":true,"href":"https:\/\/somdepapo.com.br\/portal\/wp-json\/wp\/v2\/users\/1"}],"replies":[{"embeddable":true,"href":"https:\/\/somdepapo.com.br\/portal\/wp-json\/wp\/v2\/comments?post=30069"}],"version-history":[{"count":1,"href":"https:\/\/somdepapo.com.br\/portal\/wp-json\/wp\/v2\/posts\/30069\/revisions"}],"predecessor-version":[{"id":30072,"href":"https:\/\/somdepapo.com.br\/portal\/wp-json\/wp\/v2\/posts\/30069\/revisions\/30072"}],"wp:featuredmedia":[{"embeddable":true,"href":"https:\/\/somdepapo.com.br\/portal\/wp-json\/wp\/v2\/media\/30070"}],"wp:attachment":[{"href":"https:\/\/somdepapo.com.br\/portal\/wp-json\/wp\/v2\/media?parent=30069"}],"wp:term":[{"taxonomy":"category","embeddable":true,"href":"https:\/\/somdepapo.com.br\/portal\/wp-json\/wp\/v2\/categories?post=30069"},{"taxonomy":"post_tag","embeddable":true,"href":"https:\/\/somdepapo.com.br\/portal\/wp-json\/wp\/v2\/tags?post=30069"}],"curies":[{"name":"wp","href":"https:\/\/api.w.org\/{rel}","templated":true}]}}