{"id":30184,"date":"2022-09-09T07:37:24","date_gmt":"2022-09-09T10:37:24","guid":{"rendered":"https:\/\/somdepapo.com.br\/portal\/?p=30184"},"modified":"2022-09-09T07:48:52","modified_gmt":"2022-09-09T10:48:52","slug":"porque-o-cabelo-fica-muito-embaracado","status":"publish","type":"post","link":"https:\/\/somdepapo.com.br\/portal\/porque-o-cabelo-fica-muito-embaracado\/","title":{"rendered":"Porque o cabelo fica muito embara\u00e7ado ?"},"content":{"rendered":"<div id=\"m#msg-f:1743457647825584362\" class=\"mail-message expanded\">\n<div class=\"mail-message-header spacer\" style=\"text-align: right;\">Por Gilbertinho Cabelereiro<\/div>\n<div class=\"mail-message-content collapsible zoom-normal mail-show-images \">\n<div class=\"clear\">\n<div dir=\"auto\">\n<div dir=\"auto\"><\/div>\n<div dir=\"auto\"><\/div>\n<div dir=\"auto\" style=\"text-align: justify;\">O cabelo ressecado \u00e9 o que fica embara\u00e7ado mais facilmente. Quando est\u00e1 carente de nutrientes e hidrata\u00e7\u00e3o, o fio fica mais \u00e1spero, com cut\u00edculas desalinhadas, e por isso \u00e9 mais suscet\u00edvel a ficar arrepiado e embolado em cabelos curtos ou finos, voc\u00ea pode diminuir a quantidade de acordo com a necessidade.<\/div>\n<div dir=\"auto\"><\/div>\n<div dir=\"auto\" style=\"text-align: justify;\">Antes de dormir, prenda os cabelos com um el\u00e1stico ou xuxinha bem no topo da cabe\u00e7a fazendo o famoso coque abacaxi. Para garantir mais conforto, n\u00e3o provocar a quebra dos fios nem deixar\u00a0 esticados, essa amarra\u00e7\u00e3o n\u00e3o pode ficar muito apertada.<\/div>\n<div dir=\"auto\"><\/div>\n<div dir=\"auto\" style=\"text-align: justify;\">Outra op\u00e7\u00e3o bacana \u00e9 fazer tran\u00e7as folgadas antes de dormir e desfaz\u00ea-las no dia seguinte. Se o coque abacaxi ou a tran\u00e7a n\u00e3o funcionarem pra voc\u00ea, outra ideia \u00e9 usar a fronha de cetim no travesseiro ou dormir com uma touca de cetim. Ao acordar pela manh\u00e3 basta soltar o cabelo e aplicar um \u00f3leo reparador de pontas.<\/div>\n<div dir=\"auto\"><\/div>\n<div dir=\"auto\"><\/div>\n<div dir=\"auto\"><\/div>\n<div dir=\"auto\">Att: Gilbertinho Cabeleireiro\ud83d\udc86\u200d\u2640\ufe0f<\/div>\n<div dir=\"auto\"><\/div>\n<div dir=\"auto\">Instagram @gilbertinhocabeleireiro \ud83d\udc87\u200d\u2640\ufe0f<\/div>\n<div dir=\"auto\"><\/div>\n<div dir=\"auto\"><\/div>\n<div dir=\"auto\"><\/div>\n<div dir=\"auto\"><\/div>\n<div dir=\"auto\"><\/div>\n<\/div>\n<\/div>\n<\/div>\n<div class=\"mail-message-footer spacer collapsible\" style=\"text-align: justify;\"><\/div>\n<\/div>\n","protected":false},"excerpt":{"rendered":"<p>Por Gilbertinho Cabelereiro O cabelo ressecado \u00e9 o que fica embara\u00e7ado mais facilmente. Quando est\u00e1 carente de nutrientes e hidrata\u00e7\u00e3o, o fio fica mais \u00e1spero, com cut\u00edculas desalinhadas, e por isso \u00e9 mais suscet\u00edvel a ficar arrepiado e embolado em cabelos curtos ou finos, voc\u00ea pode diminuir a quantidade de acordo com a necessidade. Antes [&hellip;]<\/p>\n","protected":false},"author":1,"featured_media":30187,"comment_status":"open","ping_status":"open","sticky":false,"template":"","format":"standard","meta":{"ngg_post_thumbnail":0,"footnotes":""},"categories":[2,32,41],"tags":[],"class_list":["post-30184","post","type-post","status-publish","format-standard","has-post-thumbnail","hentry","category-destaques","category-estetica","category-ultimasnoticias"],"_links":{"self":[{"href":"https:\/\/somdepapo.com.br\/portal\/wp-json\/wp\/v2\/posts\/30184","targetHints":{"allow":["GET"]}}],"collection":[{"href":"https:\/\/somdepapo.com.br\/portal\/wp-json\/wp\/v2\/posts"}],"about":[{"href":"https:\/\/somdepapo.com.br\/portal\/wp-json\/wp\/v2\/types\/post"}],"author":[{"embeddable":true,"href":"https:\/\/somdepapo.com.br\/portal\/wp-json\/wp\/v2\/users\/1"}],"replies":[{"embeddable":true,"href":"https:\/\/somdepapo.com.br\/portal\/wp-json\/wp\/v2\/comments?post=30184"}],"version-history":[{"count":3,"href":"https:\/\/somdepapo.com.br\/portal\/wp-json\/wp\/v2\/posts\/30184\/revisions"}],"predecessor-version":[{"id":30188,"href":"https:\/\/somdepapo.com.br\/portal\/wp-json\/wp\/v2\/posts\/30184\/revisions\/30188"}],"wp:featuredmedia":[{"embeddable":true,"href":"https:\/\/somdepapo.com.br\/portal\/wp-json\/wp\/v2\/media\/30187"}],"wp:attachment":[{"href":"https:\/\/somdepapo.com.br\/portal\/wp-json\/wp\/v2\/media?parent=30184"}],"wp:term":[{"taxonomy":"category","embeddable":true,"href":"https:\/\/somdepapo.com.br\/portal\/wp-json\/wp\/v2\/categories?post=30184"},{"taxonomy":"post_tag","embeddable":true,"href":"https:\/\/somdepapo.com.br\/portal\/wp-json\/wp\/v2\/tags?post=30184"}],"curies":[{"name":"wp","href":"https:\/\/api.w.org\/{rel}","templated":true}]}}