{"id":30241,"date":"2022-09-17T11:59:50","date_gmt":"2022-09-17T14:59:50","guid":{"rendered":"https:\/\/somdepapo.com.br\/portal\/?p=30241"},"modified":"2022-09-17T12:02:22","modified_gmt":"2022-09-17T15:02:22","slug":"oxidacao-no-bulbo-capilar-como-tratar","status":"publish","type":"post","link":"https:\/\/somdepapo.com.br\/portal\/oxidacao-no-bulbo-capilar-como-tratar\/","title":{"rendered":"Oxida\u00e7\u00e3o no Bulbo Capilar: como tratar?"},"content":{"rendered":"<div id=\"m#msg-f:1743456691219743145\" class=\"mail-message expanded\">\n<div class=\"mail-message-header spacer\" style=\"text-align: right;\">Por Gilbertinho Cabelereiro<\/div>\n<div class=\"mail-message-content collapsible zoom-normal mail-show-images \">\n<div class=\"clear\">\n<div dir=\"auto\">\n<div dir=\"auto\"><\/div>\n<div dir=\"auto\"><\/div>\n<div dir=\"auto\" style=\"text-align: justify;\">Quando o assunto \u00e9 a sa\u00fade dos cabelos em tons loiros, escuros, castanhos, muito se fala em combate \u00e0 oxida\u00e7\u00e3o e aos radicais livres.<\/div>\n<div dir=\"auto\"><\/div>\n<div dir=\"auto\"><\/div>\n<div dir=\"auto\" style=\"text-align: justify;\">A oxida\u00e7\u00e3o \u00e9 uma rea\u00e7\u00e3o qu\u00edmica que acontece na regi\u00e3o do c\u00f3rtex, a camada interna da estrutura do fio de cabelo. Ela \u00e9 causada por agress\u00f5es externas, como exposi\u00e7\u00e3o ao sol e \u00e0 polui\u00e7\u00e3o, procedimentos qu\u00edmicos execivamente, e a falta de nutrientes, al\u00e9m disso o uso de aparelhos t\u00e9rmicos e \u00e1guas quentes a todo momento.<\/div>\n<div dir=\"auto\"><\/div>\n<div dir=\"auto\" style=\"text-align: justify;\">Nessa rea\u00e7\u00e3o, o oxig\u00eanio se combina com outras mol\u00e9culas presentes nos fios e forma os temidos radicais livres, que trazem efeitos prejudiciais aos cabelos, como enfraquecimento, opacidade, envelhecimento e despigmenta\u00e7\u00e3o.<\/div>\n<div dir=\"auto\"><\/div>\n<div dir=\"auto\"><\/div>\n<div dir=\"auto\" style=\"text-align: justify;\">Apesar de todos os tipos de cabelo sofrerem com a oxida\u00e7\u00e3o, os tons loiros naturais e coloridos s\u00e3o os mais afetados pela rea\u00e7\u00e3o e est\u00e3o mais vulner\u00e1veis ao desbotamento da cor.<\/div>\n<div dir=\"auto\"><\/div>\n<div dir=\"auto\" style=\"text-align: justify;\">\u00a0Isso acontece porque os fios naturais claros possuem pouca melanina, o que os deixa mais suscet\u00edveis aos efeitos da radia\u00e7\u00e3o solar, enquanto os fios coloridos ficam com a fibra capilar fragilizada depois da aplica\u00e7\u00e3o de produtos qu\u00edmicos para a tintura, como a am\u00f4nia. Para corrigir o amarelamento dos fios, e desbotamento de cor \u00e9 recomendado fazer uso de produtos reconstrutores sem parabeno, matizadores e desamarelantes com pigmentos roxos, que t\u00eam propriedades antioxidantes e ajudam a preservar a cor dos loiros e mechados.<\/div>\n<div dir=\"auto\"><\/div>\n<div dir=\"auto\"><\/div>\n<div dir=\"auto\">Att : Gilbertinho Cabeleireiro<\/div>\n<div dir=\"auto\"><\/div>\n<div dir=\"auto\">Instagram @gilbertinhocabeleireiro<\/div>\n<div dir=\"auto\"><\/div>\n<div dir=\"auto\"><\/div>\n<div dir=\"auto\"><\/div>\n<\/div>\n<\/div>\n<\/div>\n<div class=\"mail-message-footer spacer collapsible\"><\/div>\n<\/div>\n","protected":false},"excerpt":{"rendered":"<p>Por Gilbertinho Cabelereiro Quando o assunto \u00e9 a sa\u00fade dos cabelos em tons loiros, escuros, castanhos, muito se fala em combate \u00e0 oxida\u00e7\u00e3o e aos radicais livres. A oxida\u00e7\u00e3o \u00e9 uma rea\u00e7\u00e3o qu\u00edmica que acontece na regi\u00e3o do c\u00f3rtex, a camada interna da estrutura do fio de cabelo. Ela \u00e9 causada por agress\u00f5es externas, como [&hellip;]<\/p>\n","protected":false},"author":1,"featured_media":30244,"comment_status":"open","ping_status":"open","sticky":false,"template":"","format":"standard","meta":{"ngg_post_thumbnail":0,"footnotes":""},"categories":[2,32,41],"tags":[],"class_list":["post-30241","post","type-post","status-publish","format-standard","has-post-thumbnail","hentry","category-destaques","category-estetica","category-ultimasnoticias"],"_links":{"self":[{"href":"https:\/\/somdepapo.com.br\/portal\/wp-json\/wp\/v2\/posts\/30241","targetHints":{"allow":["GET"]}}],"collection":[{"href":"https:\/\/somdepapo.com.br\/portal\/wp-json\/wp\/v2\/posts"}],"about":[{"href":"https:\/\/somdepapo.com.br\/portal\/wp-json\/wp\/v2\/types\/post"}],"author":[{"embeddable":true,"href":"https:\/\/somdepapo.com.br\/portal\/wp-json\/wp\/v2\/users\/1"}],"replies":[{"embeddable":true,"href":"https:\/\/somdepapo.com.br\/portal\/wp-json\/wp\/v2\/comments?post=30241"}],"version-history":[{"count":1,"href":"https:\/\/somdepapo.com.br\/portal\/wp-json\/wp\/v2\/posts\/30241\/revisions"}],"predecessor-version":[{"id":30242,"href":"https:\/\/somdepapo.com.br\/portal\/wp-json\/wp\/v2\/posts\/30241\/revisions\/30242"}],"wp:featuredmedia":[{"embeddable":true,"href":"https:\/\/somdepapo.com.br\/portal\/wp-json\/wp\/v2\/media\/30244"}],"wp:attachment":[{"href":"https:\/\/somdepapo.com.br\/portal\/wp-json\/wp\/v2\/media?parent=30241"}],"wp:term":[{"taxonomy":"category","embeddable":true,"href":"https:\/\/somdepapo.com.br\/portal\/wp-json\/wp\/v2\/categories?post=30241"},{"taxonomy":"post_tag","embeddable":true,"href":"https:\/\/somdepapo.com.br\/portal\/wp-json\/wp\/v2\/tags?post=30241"}],"curies":[{"name":"wp","href":"https:\/\/api.w.org\/{rel}","templated":true}]}}