{"id":30692,"date":"2022-11-22T09:06:35","date_gmt":"2022-11-22T12:06:35","guid":{"rendered":"https:\/\/somdepapo.com.br\/portal\/?p=30692"},"modified":"2022-11-22T09:06:35","modified_gmt":"2022-11-22T12:06:35","slug":"selagem-estraga-o-cabelo","status":"publish","type":"post","link":"https:\/\/somdepapo.com.br\/portal\/selagem-estraga-o-cabelo\/","title":{"rendered":"Selagem estraga o cabelo?"},"content":{"rendered":"<div id=\"m#msg-f:1749794627388444879\" class=\"mail-message expanded\">\n<div class=\"mail-message-header spacer\" style=\"text-align: right;\">Por Gilbertinho Cabelereiro<\/div>\n<div class=\"mail-message-content collapsible zoom-normal mail-show-images \">\n<div class=\"clear\">\n<div dir=\"auto\">\n<div dir=\"auto\"><\/div>\n<div dir=\"auto\"><\/div>\n<div dir=\"auto\" style=\"text-align: justify;\">Assim como muitas pessoas, voc\u00ea j\u00e1 deve ter e perguntado se a selagem estraga o cabelo. Logo de cara, j\u00e1 respondo: n\u00e3o. O que acontece \u00e9 que, assim como o botox capilar, o tratamento pode ser vendido por a\u00ed como alisamento, mas o procedimento verdadeiro n\u00e3o tem essa inten\u00e7\u00e3o. A selagem capilar serve para recuperar a sa\u00fade dos fios, principalmente os mais danificados. Verdadeiramente n\u00e3o estraga os fios e tamb\u00e9m n\u00e3o tem subst\u00e2ncia de formol.<\/div>\n<div dir=\"auto\"><\/div>\n<div dir=\"auto\" style=\"text-align: justify;\">O tratamento, como o pr\u00f3prio nome sugere, serve para selar as cut\u00edculas, restaurar fios danificados, repondo a queratina e os nutrientes perdidos. O resultado \u00e9 um cabelo saud\u00e1vel, mais hidratado, macio e alinhado. Entretanto, alguns lugares vendem o procedimento como uma t\u00e9cnica alisadora, um tipo de escova progressiva, o que n\u00e3o \u00e9 verdade.<\/div>\n<div dir=\"auto\"><\/div>\n<div dir=\"auto\"><\/div>\n<div dir=\"auto\">SELAGEM X PROGRESSIVA<\/div>\n<div dir=\"auto\"><\/div>\n<div dir=\"auto\" style=\"text-align: justify;\">Uma das diferen\u00e7as entre a selagem e a progressiva, por exemplo, \u00e9 a de que a selagem n\u00e3o altera a estrutura dos fios e o tratamento sai do cabelo conforme voc\u00ea lava.<\/div>\n<div dir=\"auto\" style=\"text-align: justify;\">J\u00e1 a progressiva \u00e9 um procedimento qu\u00edmico que altera a estrutura capilar e s\u00f3 vai sair dos cabelos se voc\u00ea cort\u00e1-los.<\/div>\n<div dir=\"auto\" style=\"text-align: justify;\">Por isso informo: A selagem capilar deve ser feita por um cabeleireiro de confian\u00e7a e com o produto certo, para evitar problemas futuros.<\/div>\n<div dir=\"auto\"><\/div>\n<div dir=\"auto\">Enquanto estiverem recuperando os seus cabelos com a selagem capilar e outros tratamentos, deixe seus fios descansarem das qu\u00edmicas. Sen\u00e3o voc\u00ea n\u00e3o vai conseguir devolver a sa\u00fade a eles.<\/div>\n<div dir=\"auto\" style=\"text-align: justify;\">E quando os seus fios voltarem ao normal, n\u00e3o se esque\u00e7a: continue fazendo a hidrata\u00e7\u00e3o uma vez por semana e, quando for usar qualquer aparelho de calor, aplique antes, nos fios ainda \u00famidos.<\/div>\n<div dir=\"auto\"><\/div>\n<div dir=\"auto\"><\/div>\n<div dir=\"auto\">Att: Gilbertinho Cabeleireiro<\/div>\n<div dir=\"auto\"><\/div>\n<div dir=\"auto\">Instagram @gilbertinhocabeleireiro \ud83d\udc86\ud83c\udffd\u200d\u2640\ufe0f<\/div>\n<div dir=\"auto\"><\/div>\n<div dir=\"auto\"><\/div>\n<div dir=\"auto\"><\/div>\n<\/div>\n<\/div>\n<\/div>\n<div class=\"mail-message-footer spacer collapsible\"><\/div>\n<\/div>\n","protected":false},"excerpt":{"rendered":"<p>Por Gilbertinho Cabelereiro Assim como muitas pessoas, voc\u00ea j\u00e1 deve ter e perguntado se a selagem estraga o cabelo. Logo de cara, j\u00e1 respondo: n\u00e3o. O que acontece \u00e9 que, assim como o botox capilar, o tratamento pode ser vendido por a\u00ed como alisamento, mas o procedimento verdadeiro n\u00e3o tem essa inten\u00e7\u00e3o. A selagem capilar [&hellip;]<\/p>\n","protected":false},"author":1,"featured_media":30693,"comment_status":"open","ping_status":"open","sticky":false,"template":"","format":"standard","meta":{"ngg_post_thumbnail":0,"footnotes":""},"categories":[2,32,41],"tags":[],"class_list":["post-30692","post","type-post","status-publish","format-standard","has-post-thumbnail","hentry","category-destaques","category-estetica","category-ultimasnoticias"],"_links":{"self":[{"href":"https:\/\/somdepapo.com.br\/portal\/wp-json\/wp\/v2\/posts\/30692","targetHints":{"allow":["GET"]}}],"collection":[{"href":"https:\/\/somdepapo.com.br\/portal\/wp-json\/wp\/v2\/posts"}],"about":[{"href":"https:\/\/somdepapo.com.br\/portal\/wp-json\/wp\/v2\/types\/post"}],"author":[{"embeddable":true,"href":"https:\/\/somdepapo.com.br\/portal\/wp-json\/wp\/v2\/users\/1"}],"replies":[{"embeddable":true,"href":"https:\/\/somdepapo.com.br\/portal\/wp-json\/wp\/v2\/comments?post=30692"}],"version-history":[{"count":1,"href":"https:\/\/somdepapo.com.br\/portal\/wp-json\/wp\/v2\/posts\/30692\/revisions"}],"predecessor-version":[{"id":30694,"href":"https:\/\/somdepapo.com.br\/portal\/wp-json\/wp\/v2\/posts\/30692\/revisions\/30694"}],"wp:featuredmedia":[{"embeddable":true,"href":"https:\/\/somdepapo.com.br\/portal\/wp-json\/wp\/v2\/media\/30693"}],"wp:attachment":[{"href":"https:\/\/somdepapo.com.br\/portal\/wp-json\/wp\/v2\/media?parent=30692"}],"wp:term":[{"taxonomy":"category","embeddable":true,"href":"https:\/\/somdepapo.com.br\/portal\/wp-json\/wp\/v2\/categories?post=30692"},{"taxonomy":"post_tag","embeddable":true,"href":"https:\/\/somdepapo.com.br\/portal\/wp-json\/wp\/v2\/tags?post=30692"}],"curies":[{"name":"wp","href":"https:\/\/api.w.org\/{rel}","templated":true}]}}