{"id":30808,"date":"2022-12-07T14:43:58","date_gmt":"2022-12-07T17:43:58","guid":{"rendered":"https:\/\/somdepapo.com.br\/portal\/?p=30808"},"modified":"2022-12-07T14:47:22","modified_gmt":"2022-12-07T17:47:22","slug":"porque-cuidar-dos-cabelos-e-tao-importante","status":"publish","type":"post","link":"https:\/\/somdepapo.com.br\/portal\/porque-cuidar-dos-cabelos-e-tao-importante\/","title":{"rendered":"Porque cuidar dos cabelos \u00e9 t\u00e3o importante?"},"content":{"rendered":"<div id=\"m#msg-f:1750642315740846786\" class=\"mail-message expanded\">\n<div class=\"mail-message-header spacer\" style=\"text-align: right;\">Por Gilbertinho Cabelereiro<\/div>\n<div><\/div>\n<div class=\"mail-message-content collapsible zoom-normal mail-show-images \">\n<div class=\"clear\">\n<div dir=\"auto\">\n<div dir=\"auto\" style=\"text-align: justify;\">N\u00e3o \u00e9 apenas pela beleza e pela sua auto-estima. Cuidar bem dos cabelos tem uma import\u00e2ncia vital, que vai muito al\u00e9m de uma boa apar\u00eancia. Lembre-se que os cabelos fazem parte do nosso organismo e, portanto, precisam ter sua sa\u00fade bem cuidada.\u00a0 O cabelo tem um ciclo capilar, que consiste em fase de repouso, crescimento e queda.<\/div>\n<div dir=\"auto\"><img fetchpriority=\"high\" decoding=\"async\" class=\"alignnone size-full wp-image-30809\" src=\"https:\/\/somdepapo.com.br\/portal\/wp-content\/uploads\/2022\/12\/IMG-20220206-WA0042.jpg\" alt=\"\" width=\"960\" height=\"1280\" srcset=\"https:\/\/somdepapo.com.br\/portal\/wp-content\/uploads\/2022\/12\/IMG-20220206-WA0042.jpg 960w, https:\/\/somdepapo.com.br\/portal\/wp-content\/uploads\/2022\/12\/IMG-20220206-WA0042-225x300.jpg 225w, https:\/\/somdepapo.com.br\/portal\/wp-content\/uploads\/2022\/12\/IMG-20220206-WA0042-768x1024.jpg 768w, https:\/\/somdepapo.com.br\/portal\/wp-content\/uploads\/2022\/12\/IMG-20220206-WA0042-696x928.jpg 696w, https:\/\/somdepapo.com.br\/portal\/wp-content\/uploads\/2022\/12\/IMG-20220206-WA0042-315x420.jpg 315w\" sizes=\"(max-width: 960px) 100vw, 960px\" \/><\/div>\n<div dir=\"auto\"><\/div>\n<div dir=\"auto\" style=\"text-align: justify;\">Para diagnosticar a raiz do problema, \u00e9 preciso identificar se o problema \u00e9 por estresse emocional, menopausa, p\u00f3s-parto ou mesmo defici\u00eancias nutricionais. \u201cAliados a esses cuidados, \u00e9 necess\u00e1rio cuidar da sa\u00fade mental: lazer, exerc\u00edcios f\u00edsicos, intera\u00e7\u00e3o com as pessoas, pois tudo isso vai fazer com que amenize a situa\u00e7\u00e3o de estresse.<\/div>\n<div dir=\"auto\"><\/div>\n<div dir=\"auto\" style=\"text-align: justify;\">A mudan\u00e7a dos h\u00e1bitos de vida como uma boa alimenta\u00e7\u00e3o tamb\u00e9m colabora para um maior bem-estar, mantenha os cabelos e couro cabeludo sempre limpos. Um dos cuidados mais b\u00e1sicos que devemos ter com os cabelos \u00e9 cuidar da sua limpeza.<\/div>\n<div dir=\"auto\"><\/div>\n<div dir=\"auto\" style=\"text-align: justify;\">\u00a0Ela \u00e9 essencial para remover res\u00edduos de poeira, p\u00f3, suor, etc. Assim voc\u00ea manter\u00e1 os seus fios limpos, cheirosos e saud\u00e1veis. De nada adianta cuidar muito bem dos fios e descuidar de medidas b\u00e1sicas para que o couro cabeludo mantenha firmes e sempre saud\u00e1vel.<\/div>\n<div dir=\"auto\"><\/div>\n<div dir=\"auto\"><\/div>\n<div dir=\"auto\"><\/div>\n<div dir=\"auto\"><\/div>\n<div dir=\"auto\">Att: Gilbertinho Cabeleireiro\ud83d\udc87\ud83c\udffc\u200d\u2640\ufe0f\ud83d\udc86\ud83c\udffd\u200d\u2640\ufe0f<\/div>\n<div dir=\"auto\"><\/div>\n<div dir=\"auto\">Instagram @gilbertinhocabeleireiro\ud83d\udc87\ud83c\udffc\u200d\u2640\ufe0f<\/div>\n<div dir=\"auto\"><\/div>\n<div dir=\"auto\"><\/div>\n<div dir=\"auto\"><\/div>\n<div dir=\"auto\"><\/div>\n<\/div>\n<\/div>\n<\/div>\n<div class=\"mail-message-footer spacer collapsible\"><\/div>\n<\/div>\n","protected":false},"excerpt":{"rendered":"<p>Por Gilbertinho Cabelereiro N\u00e3o \u00e9 apenas pela beleza e pela sua auto-estima. Cuidar bem dos cabelos tem uma import\u00e2ncia vital, que vai muito al\u00e9m de uma boa apar\u00eancia. Lembre-se que os cabelos fazem parte do nosso organismo e, portanto, precisam ter sua sa\u00fade bem cuidada.\u00a0 O cabelo tem um ciclo capilar, que consiste em fase [&hellip;]<\/p>\n","protected":false},"author":1,"featured_media":30812,"comment_status":"open","ping_status":"open","sticky":false,"template":"","format":"standard","meta":{"ngg_post_thumbnail":0,"footnotes":""},"categories":[2,32,41],"tags":[],"class_list":["post-30808","post","type-post","status-publish","format-standard","has-post-thumbnail","hentry","category-destaques","category-estetica","category-ultimasnoticias"],"_links":{"self":[{"href":"https:\/\/somdepapo.com.br\/portal\/wp-json\/wp\/v2\/posts\/30808","targetHints":{"allow":["GET"]}}],"collection":[{"href":"https:\/\/somdepapo.com.br\/portal\/wp-json\/wp\/v2\/posts"}],"about":[{"href":"https:\/\/somdepapo.com.br\/portal\/wp-json\/wp\/v2\/types\/post"}],"author":[{"embeddable":true,"href":"https:\/\/somdepapo.com.br\/portal\/wp-json\/wp\/v2\/users\/1"}],"replies":[{"embeddable":true,"href":"https:\/\/somdepapo.com.br\/portal\/wp-json\/wp\/v2\/comments?post=30808"}],"version-history":[{"count":1,"href":"https:\/\/somdepapo.com.br\/portal\/wp-json\/wp\/v2\/posts\/30808\/revisions"}],"predecessor-version":[{"id":30810,"href":"https:\/\/somdepapo.com.br\/portal\/wp-json\/wp\/v2\/posts\/30808\/revisions\/30810"}],"wp:featuredmedia":[{"embeddable":true,"href":"https:\/\/somdepapo.com.br\/portal\/wp-json\/wp\/v2\/media\/30812"}],"wp:attachment":[{"href":"https:\/\/somdepapo.com.br\/portal\/wp-json\/wp\/v2\/media?parent=30808"}],"wp:term":[{"taxonomy":"category","embeddable":true,"href":"https:\/\/somdepapo.com.br\/portal\/wp-json\/wp\/v2\/categories?post=30808"},{"taxonomy":"post_tag","embeddable":true,"href":"https:\/\/somdepapo.com.br\/portal\/wp-json\/wp\/v2\/tags?post=30808"}],"curies":[{"name":"wp","href":"https:\/\/api.w.org\/{rel}","templated":true}]}}