{"id":31033,"date":"2023-01-18T17:37:32","date_gmt":"2023-01-18T20:37:32","guid":{"rendered":"https:\/\/somdepapo.com.br\/portal\/?p=31033"},"modified":"2023-01-18T17:39:30","modified_gmt":"2023-01-18T20:39:30","slug":"voces-sabem-o-que-significa-plus-size","status":"publish","type":"post","link":"https:\/\/somdepapo.com.br\/portal\/voces-sabem-o-que-significa-plus-size\/","title":{"rendered":"Voc\u00eas sabem o que significa Plus Size?"},"content":{"rendered":"<p style=\"text-align: right;\">Por Luana Barreto<\/p>\n<p>&nbsp;<\/p>\n<p style=\"text-align: justify;\">O que \u00e9 Plus Size? Uma introdu\u00e7\u00e3o ao termo. Em sua tradu\u00e7\u00e3o literal, o termo plus size significa tamanho grande. No contexto da moda, refere-se \u00e0s numera\u00e7\u00f5es mais amplas de pe\u00e7as de roupas, feitas para mulheres gordas.<\/p>\n<p style=\"text-align: justify;\">Contudo, a relev\u00e2ncia dessa palavra vai al\u00e9m do mundo fashion. Por muito tempo, manequins maiores que 36 eram severamente julgados, o que afetou \u2014 e afeta \u2014 a auto aceita\u00e7\u00e3o de pessoas que fogem desse crit\u00e9rio.<\/p>\n<p style=\"text-align: justify;\">N\u00e3o \u00e9 segredo que o padr\u00e3o de beleza da atualidade \u00e9 focado em corpos magros, mas a presen\u00e7a de roupas maiores em um n\u00famero crescente de lojas e ve\u00edculos midi\u00e1ticos mostra que isso est\u00e1 mudando.<\/p>\n<p>Todos os corpos s\u00e3o v\u00e1lidos, independente de seu tamanho, cor ou tipo!<\/p>\n","protected":false},"excerpt":{"rendered":"<p>Por Luana Barreto &nbsp; O que \u00e9 Plus Size? Uma introdu\u00e7\u00e3o ao termo. Em sua tradu\u00e7\u00e3o literal, o termo plus size significa tamanho grande. No contexto da moda, refere-se \u00e0s numera\u00e7\u00f5es mais amplas de pe\u00e7as de roupas, feitas para mulheres gordas. Contudo, a relev\u00e2ncia dessa palavra vai al\u00e9m do mundo fashion. Por muito tempo, manequins [&hellip;]<\/p>\n","protected":false},"author":1,"featured_media":31035,"comment_status":"open","ping_status":"open","sticky":false,"template":"","format":"standard","meta":{"ngg_post_thumbnail":0,"footnotes":""},"categories":[2,158,41],"tags":[],"class_list":["post-31033","post","type-post","status-publish","format-standard","has-post-thumbnail","hentry","category-destaques","category-plus-size","category-ultimasnoticias"],"_links":{"self":[{"href":"https:\/\/somdepapo.com.br\/portal\/wp-json\/wp\/v2\/posts\/31033","targetHints":{"allow":["GET"]}}],"collection":[{"href":"https:\/\/somdepapo.com.br\/portal\/wp-json\/wp\/v2\/posts"}],"about":[{"href":"https:\/\/somdepapo.com.br\/portal\/wp-json\/wp\/v2\/types\/post"}],"author":[{"embeddable":true,"href":"https:\/\/somdepapo.com.br\/portal\/wp-json\/wp\/v2\/users\/1"}],"replies":[{"embeddable":true,"href":"https:\/\/somdepapo.com.br\/portal\/wp-json\/wp\/v2\/comments?post=31033"}],"version-history":[{"count":1,"href":"https:\/\/somdepapo.com.br\/portal\/wp-json\/wp\/v2\/posts\/31033\/revisions"}],"predecessor-version":[{"id":31034,"href":"https:\/\/somdepapo.com.br\/portal\/wp-json\/wp\/v2\/posts\/31033\/revisions\/31034"}],"wp:featuredmedia":[{"embeddable":true,"href":"https:\/\/somdepapo.com.br\/portal\/wp-json\/wp\/v2\/media\/31035"}],"wp:attachment":[{"href":"https:\/\/somdepapo.com.br\/portal\/wp-json\/wp\/v2\/media?parent=31033"}],"wp:term":[{"taxonomy":"category","embeddable":true,"href":"https:\/\/somdepapo.com.br\/portal\/wp-json\/wp\/v2\/categories?post=31033"},{"taxonomy":"post_tag","embeddable":true,"href":"https:\/\/somdepapo.com.br\/portal\/wp-json\/wp\/v2\/tags?post=31033"}],"curies":[{"name":"wp","href":"https:\/\/api.w.org\/{rel}","templated":true}]}}