{"id":31387,"date":"2023-03-05T09:56:51","date_gmt":"2023-03-05T12:56:51","guid":{"rendered":"https:\/\/somdepapo.com.br\/portal\/?p=31387"},"modified":"2023-03-05T10:00:04","modified_gmt":"2023-03-05T13:00:04","slug":"o-seu-cabelo-sofreu-depois-do-carnaval","status":"publish","type":"post","link":"https:\/\/somdepapo.com.br\/portal\/o-seu-cabelo-sofreu-depois-do-carnaval\/","title":{"rendered":"O seu cabelo sofreu depois do Carnaval?"},"content":{"rendered":"<div id=\"m#msg-f:1759459129163335571\" class=\"mail-message expanded\">\n<div class=\"mail-message-header spacer\" style=\"text-align: right;\">Por Gilbertinho Cabelereiro&nbsp;<\/div>\n<div class=\"mail-message-content collapsible zoom-normal mail-show-images \">\n<div class=\"clear\">\n<div dir=\"auto\">\n<div dir=\"auto\">&nbsp;<\/div>\n<div dir=\"auto\" style=\"text-align: justify;\">Cair na folia \u00e9 tudo de bom! data mais esperada do ano move milhares de brasileiros que, de uma forma ou de outra, tentam curtir o feriado. Independentemente do local onde voc\u00ea passou esses dias incr\u00edveis \u2013 at\u00e9 mesmo dentro de casa, assistindo Netflix \u2013, seu cabelo merece um pouquinho de aten\u00e7\u00e3o a partir da quarta-feira de cinzas.<\/div>\n<div dir=\"auto\">&nbsp;<\/div>\n<div dir=\"auto\" style=\"text-align: justify;\">Muitos fatores contribuem para danificar os fios no carnaval: \u00e1gua do mar, sol, polui\u00e7\u00e3o, glitter, \u00e1lcool, tabaco e tamb\u00e9m a m\u00e1 alimenta\u00e7\u00e3o, que pode ter sido a realidade de muita gente. Afinal, quem segue dieta no carnaval? Se existir algu\u00e9m, meus parab\u00e9ns!<\/div>\n<div dir=\"auto\">&nbsp;<\/div>\n<div dir=\"auto\" style=\"text-align: justify;\">Enfim, todos esses aspectos causam danos \u00e0s madeixas, deixando-as ressecadas, sem vida, quebradi\u00e7as e espigadas. Por isso, se voc\u00ea relaxou demais no feriado e deixou de lado a rotina de cuidado capilar, reverta isso antes da P\u00e1scoa.<\/div>\n<div dir=\"auto\">&nbsp;<\/div>\n<div dir=\"auto\" style=\"text-align: justify;\">Ent\u00e3o \u00e9 hora de restabelecer a sa\u00fade dos fios utilizando produtos com autopoder de tratamento que rep\u00f5e massa, restaura os fios, combate as agress\u00f5es externas e fortalece a fibra, promovendo uma manuten\u00e7\u00e3o capilar di\u00e1ria de alta performance.<\/div>\n<\/div>\n<\/div>\n<\/div>\n<\/div>\n<div dir=\"auto\">&nbsp;<\/div>\n<div dir=\"auto\">&nbsp;<\/div>\n<div dir=\"auto\">Fonte da Imagem:<\/div>\n<div dir=\"auto\">todecacho.com.br\/cabelo-danificado\/<\/div>\n<div id=\"m#msg-f:1759459129163335571\" class=\"mail-message expanded\">\n<div class=\"mail-message-content collapsible zoom-normal mail-show-images \">\n<div class=\"clear\">\n<div dir=\"auto\">\n<div dir=\"auto\">&nbsp;<\/div>\n<div dir=\"auto\">&nbsp;<\/div>\n<div dir=\"auto\">&nbsp;<\/div>\n<div dir=\"auto\">&nbsp;<\/div>\n<div dir=\"auto\">Att,&nbsp;<\/div>\n<div dir=\"auto\">&nbsp;<\/div>\n<div dir=\"auto\">Gilbertinho Cabeleireiro \ud83d\udc87\u200d\u2640\ufe0f\ud83d\udc86\u200d\u2640\ufe0f<\/div>\n<div dir=\"auto\">&nbsp;<\/div>\n<div dir=\"auto\">Instagram @gilbertinhocabeleireiro \ud83d\udc86\u200d\u2640\ufe0f<\/div>\n<div dir=\"auto\">&nbsp;<\/div>\n<div dir=\"auto\">&nbsp;<\/div>\n<div dir=\"auto\">&nbsp;<\/div>\n<\/div>\n<\/div>\n<\/div>\n<div class=\"mail-message-footer spacer collapsible\">&nbsp;<\/div>\n<\/div>\n","protected":false},"excerpt":{"rendered":"<p>Por Gilbertinho Cabelereiro&nbsp; &nbsp; Cair na folia \u00e9 tudo de bom! data mais esperada do ano move milhares de brasileiros que, de uma forma ou de outra, tentam curtir o feriado. Independentemente do local onde voc\u00ea passou esses dias incr\u00edveis \u2013 at\u00e9 mesmo dentro de casa, assistindo Netflix \u2013, seu cabelo merece um pouquinho de [&hellip;]<\/p>\n","protected":false},"author":1,"featured_media":31390,"comment_status":"open","ping_status":"open","sticky":false,"template":"","format":"standard","meta":{"ngg_post_thumbnail":0,"footnotes":""},"categories":[2,32,41],"tags":[],"class_list":["post-31387","post","type-post","status-publish","format-standard","has-post-thumbnail","hentry","category-destaques","category-estetica","category-ultimasnoticias"],"_links":{"self":[{"href":"https:\/\/somdepapo.com.br\/portal\/wp-json\/wp\/v2\/posts\/31387","targetHints":{"allow":["GET"]}}],"collection":[{"href":"https:\/\/somdepapo.com.br\/portal\/wp-json\/wp\/v2\/posts"}],"about":[{"href":"https:\/\/somdepapo.com.br\/portal\/wp-json\/wp\/v2\/types\/post"}],"author":[{"embeddable":true,"href":"https:\/\/somdepapo.com.br\/portal\/wp-json\/wp\/v2\/users\/1"}],"replies":[{"embeddable":true,"href":"https:\/\/somdepapo.com.br\/portal\/wp-json\/wp\/v2\/comments?post=31387"}],"version-history":[{"count":3,"href":"https:\/\/somdepapo.com.br\/portal\/wp-json\/wp\/v2\/posts\/31387\/revisions"}],"predecessor-version":[{"id":31391,"href":"https:\/\/somdepapo.com.br\/portal\/wp-json\/wp\/v2\/posts\/31387\/revisions\/31391"}],"wp:featuredmedia":[{"embeddable":true,"href":"https:\/\/somdepapo.com.br\/portal\/wp-json\/wp\/v2\/media\/31390"}],"wp:attachment":[{"href":"https:\/\/somdepapo.com.br\/portal\/wp-json\/wp\/v2\/media?parent=31387"}],"wp:term":[{"taxonomy":"category","embeddable":true,"href":"https:\/\/somdepapo.com.br\/portal\/wp-json\/wp\/v2\/categories?post=31387"},{"taxonomy":"post_tag","embeddable":true,"href":"https:\/\/somdepapo.com.br\/portal\/wp-json\/wp\/v2\/tags?post=31387"}],"curies":[{"name":"wp","href":"https:\/\/api.w.org\/{rel}","templated":true}]}}