{"id":31484,"date":"2023-03-15T09:22:39","date_gmt":"2023-03-15T12:22:39","guid":{"rendered":"https:\/\/somdepapo.com.br\/portal\/?p=31484"},"modified":"2023-03-15T09:22:39","modified_gmt":"2023-03-15T12:22:39","slug":"a-agenda-2030-e-de-todos-nos","status":"publish","type":"post","link":"https:\/\/somdepapo.com.br\/portal\/a-agenda-2030-e-de-todos-nos\/","title":{"rendered":"A Agenda 2030 \u00e9 de todos n\u00f3s"},"content":{"rendered":"<p style=\"text-align: right;\"><span style=\"font-weight: 400;\">Por Aur\u00e9lio Munhoz<\/span><\/p>\n<p>&nbsp;<\/p>\n<p style=\"text-align: justify;\"><span style=\"font-weight: 400;\">Fa\u00e7a uma pesquisa r\u00e1pida, na sua fam\u00edlia ou no seu local de trabalho: \u00e9 bem prov\u00e1vel que 80% dos parentes e colegas de trabalho aos quais voc\u00ea perguntar se conhecem a Agenda 2030 e os 17 ODS (Objetivos de Desenvolvimento Sustent\u00e1vel), definidos pela&nbsp; ONU (Organiza\u00e7\u00e3o das Na\u00e7\u00f5es Unidas), responder\u00e3o um sonoro n\u00e3o ao seu questionamento.&nbsp;<\/span><\/p>\n<p style=\"text-align: justify;\"><span style=\"font-weight: 400;\">N\u00e3o e exatamente culpa deles. \u00c9 que o debate sobre este tema t\u00e3o importante normalmente est\u00e1 restrito \u00e0s esferas governamentais (municipais, estaduais e federal), a iniciativas isoladas de organiza\u00e7\u00f5es privadas e a poucos espa\u00e7os cedidos por setores da grande m\u00eddia. Ou seja: a grande maioria da popula\u00e7\u00e3o mal sabe o que s\u00e3o a Agenda 2030 e os 17 ODS porque as informa\u00e7\u00f5es sobre este tema simplesmente n\u00e3o chegam ao conjunto da sociedade.&nbsp;&nbsp;<\/span><\/p>\n<p style=\"text-align: justify;\"><span style=\"font-weight: 400;\">O Planeta Brasil Sustent\u00e1vel, projeto que lan\u00e7amos em fevereiro deste ano e que est\u00e1 sendo veiculado na SDP TV em rede nacional, objetiva exatamente preencher esta lacuna. Queremos que n\u00e3o apenas os grandes atores sociais dos setores p\u00fablicos e privados, mas o conjunto da sociedade, conhe\u00e7am a Agenda 2030 e os 17 ODS. Mas queremos ir al\u00e9m disso: queremos que as pessoas se envolvam nesta discuss\u00e3o e fa\u00e7am a sua parte na constru\u00e7\u00e3o do planeta sustent\u00e1vel que queremos, conhecendo pessoas e iniciativas p\u00fablicas e privadas que est\u00e3o transformando o mundo.&nbsp; E n\u00e3o apenas em 2030, mas j\u00e1.&nbsp;<\/span><\/p>\n<p style=\"text-align: justify;\"><span style=\"font-weight: 400;\">Era isso o que a ONU tinha em mente quando, em 2015, definiu metas mundiais para o desenvolvimento sustent\u00e1vel do planeta, a partir de quatro aspectos principais: social, ambiental, econ\u00f4mica e institucional. Foram definidos, ent\u00e3o, 17 objetivos e 169 metas a serem atingidos at\u00e9 2030 &#8211; a Agenda 2030.&nbsp;&nbsp;&nbsp;<\/span><\/p>\n<p style=\"text-align: justify;\"><span style=\"font-weight: 400;\">A pauta \u00e9 extensa. Inclui a erradica\u00e7\u00e3o da pobreza, sa\u00fade e educa\u00e7\u00e3o de qualidade para todos e todas, igualdade de g\u00eanero e o fim de todas as formas de preconceito, a redu\u00e7\u00e3o das desigualdades sociais e econ\u00f4micas e at\u00e9 o aprimoramento da transpar\u00eancia e a melhoria da qualidade da governan\u00e7a p\u00fablica.&nbsp;<\/span><\/p>\n<p style=\"text-align: justify;\"><span style=\"font-weight: 400;\">O importante \u00e9 entendermos que estas a\u00e7\u00f5es n\u00e3o exigem compromisso apenas do governantes e dos empres\u00e1rios. Exigem que a pr\u00f3pria sociedade assuma esta causa como sua e fa\u00e7a a diferen\u00e7a, com pequenas a\u00e7\u00f5es que podem mudar o rumo do planeta. Desde a reciclagem do lixo em sua casa, por exemplo, at\u00e9 o respeito a todas as pessoas e a todas as formas de vida.&nbsp;<\/span><\/p>\n<p style=\"text-align: justify;\"><span style=\"font-weight: 400;\">N\u00e3o \u00e9 uma quest\u00e3o de escolha, ali\u00e1s. Ou fazemos isso ou o planeta simplesmente n\u00e3o sobreviver\u00e1, dado o extremo grau de deteriora\u00e7\u00e3o que impusemos \u00e0 vida na Terra. Este \u00e9 o desafio que o Planeta Brasil Sustent\u00e1vel busca: conscientizar as pessoas, todas elas, que o mundo que queremos depende de n\u00f3s. S\u00f3 de n\u00f3s. \u201cN\u00e3o s\u00f3 somos respons\u00e1veis pelo que fazemos, mas tamb\u00e9m pelo que n\u00e3o fazemos\u201d (J\u00e9an Moli\u00e8re). Fa\u00e7amos nossa parte. Porque as for\u00e7as vivas do planeta, com certeza, est\u00e3o fazendo a sua.<\/span><\/p>\n<p>&nbsp;<\/p>\n<p style=\"text-align: justify;\"><span style=\"font-weight: 400;\">*Aur\u00e9lio Munhoz \u00e9 graduado em Jornalismo em Ci\u00eancias Sociais, p\u00f3s-graduado em Sociologia Pol\u00edtica e em Comunica\u00e7\u00e3o Organizacional. Criador do Projeto Planeta Brasil Sustent\u00e1vel, \u00e9 integrante do Coped\/PR (Conselho dos Direitos Humanos do Paran\u00e1), assessor de Rela\u00e7\u00f5es Governamentais de v\u00e1rias organiza\u00e7\u00f5es privadas e empreendedor social.&nbsp;&nbsp;&nbsp;&nbsp;<\/span><\/p>\n<p>&nbsp;<\/p>\n","protected":false},"excerpt":{"rendered":"<p>Por Aur\u00e9lio Munhoz &nbsp; Fa\u00e7a uma pesquisa r\u00e1pida, na sua fam\u00edlia ou no seu local de trabalho: \u00e9 bem prov\u00e1vel que 80% dos parentes e colegas de trabalho aos quais voc\u00ea perguntar se conhecem a Agenda 2030 e os 17 ODS (Objetivos de Desenvolvimento Sustent\u00e1vel), definidos pela&nbsp; ONU (Organiza\u00e7\u00e3o das Na\u00e7\u00f5es Unidas), responder\u00e3o um sonoro [&hellip;]<\/p>\n","protected":false},"author":1,"featured_media":31485,"comment_status":"open","ping_status":"open","sticky":false,"template":"","format":"standard","meta":{"ngg_post_thumbnail":0,"footnotes":""},"categories":[2,227,41],"tags":[],"class_list":["post-31484","post","type-post","status-publish","format-standard","has-post-thumbnail","hentry","category-destaques","category-sustentabilidade","category-ultimasnoticias"],"_links":{"self":[{"href":"https:\/\/somdepapo.com.br\/portal\/wp-json\/wp\/v2\/posts\/31484","targetHints":{"allow":["GET"]}}],"collection":[{"href":"https:\/\/somdepapo.com.br\/portal\/wp-json\/wp\/v2\/posts"}],"about":[{"href":"https:\/\/somdepapo.com.br\/portal\/wp-json\/wp\/v2\/types\/post"}],"author":[{"embeddable":true,"href":"https:\/\/somdepapo.com.br\/portal\/wp-json\/wp\/v2\/users\/1"}],"replies":[{"embeddable":true,"href":"https:\/\/somdepapo.com.br\/portal\/wp-json\/wp\/v2\/comments?post=31484"}],"version-history":[{"count":1,"href":"https:\/\/somdepapo.com.br\/portal\/wp-json\/wp\/v2\/posts\/31484\/revisions"}],"predecessor-version":[{"id":31486,"href":"https:\/\/somdepapo.com.br\/portal\/wp-json\/wp\/v2\/posts\/31484\/revisions\/31486"}],"wp:featuredmedia":[{"embeddable":true,"href":"https:\/\/somdepapo.com.br\/portal\/wp-json\/wp\/v2\/media\/31485"}],"wp:attachment":[{"href":"https:\/\/somdepapo.com.br\/portal\/wp-json\/wp\/v2\/media?parent=31484"}],"wp:term":[{"taxonomy":"category","embeddable":true,"href":"https:\/\/somdepapo.com.br\/portal\/wp-json\/wp\/v2\/categories?post=31484"},{"taxonomy":"post_tag","embeddable":true,"href":"https:\/\/somdepapo.com.br\/portal\/wp-json\/wp\/v2\/tags?post=31484"}],"curies":[{"name":"wp","href":"https:\/\/api.w.org\/{rel}","templated":true}]}}