{"id":31561,"date":"2023-03-23T13:15:26","date_gmt":"2023-03-23T16:15:26","guid":{"rendered":"https:\/\/somdepapo.com.br\/portal\/?p=31561"},"modified":"2023-03-23T13:15:26","modified_gmt":"2023-03-23T16:15:26","slug":"devo-usar-a-mascara-antes-ou-depois-do-condicionador","status":"publish","type":"post","link":"https:\/\/somdepapo.com.br\/portal\/devo-usar-a-mascara-antes-ou-depois-do-condicionador\/","title":{"rendered":"Devo usar a m\u00e1scara antes ou depois do condicionador?"},"content":{"rendered":"<div id=\"m#msg-f:1760626636477322187\" class=\"mail-message expanded\">\n<div class=\"mail-message-header spacer\" style=\"text-align: right;\">Por Gilbertinho Cabelereiro&nbsp;<\/div>\n<div class=\"mail-message-content collapsible zoom-normal mail-show-images \">\n<div class=\"clear\">\n<div dir=\"auto\">\n<div dir=\"auto\">&nbsp;<\/div>\n<div dir=\"auto\">&nbsp;<\/div>\n<div dir=\"auto\">A resposta \u00e9 a minha preferida: Depende.<\/div>\n<div dir=\"auto\">&nbsp;<\/div>\n<div dir=\"auto\">&nbsp;<\/div>\n<div dir=\"auto\" style=\"text-align: justify;\">Levando em considera\u00e7\u00e3o apenas o aspecto da acidez dos produtos, podemos concluir o seguinte:<\/div>\n<div dir=\"auto\">&nbsp;<\/div>\n<div dir=\"auto\" style=\"text-align: justify;\">Se uma m\u00e1scara de tratamento tem pH mais \u00e1cido (mais baixo) que o seu condicionador, n\u00e3o \u00e9 necess\u00e1rio usar o condicionador ap\u00f3s o tratamento com a m\u00e1scara. A ideia \u00e9 que o \u00faltimo produto usado seja aquele cujo pH \u00e9 mais baixo \u00e1cido.<\/div>\n<div dir=\"auto\">&nbsp;<\/div>\n<div dir=\"auto\" style=\"text-align: justify;\">O pH da m\u00e1scara \u00e9 alcalino, isso quer dizer que ela \u00e9 ruim?<\/div>\n<div dir=\"auto\">&nbsp;<\/div>\n<div dir=\"auto\">N\u00e3o necessariamente.<\/div>\n<div dir=\"auto\">&nbsp;<\/div>\n<div dir=\"auto\" style=\"text-align: justify;\">Se o creme de tratamento tem um pH mais alto alcalino, n\u00e3o quer dizer que ela seja ruim.<\/div>\n<div dir=\"auto\">&nbsp;<\/div>\n<div dir=\"auto\" style=\"text-align: justify;\">Mas, nestes casos, o ideal \u00e9 que, ap\u00f3s o uso deste produto menos \u00e1cido, os fios sejam presenteados com um condicionador (ou acidificante) ap\u00f3s o enx\u00e1gue daquele produto cujo pH \u00e9 mais alto e alcalino.<\/div>\n<div dir=\"auto\">&nbsp;<\/div>\n<div dir=\"auto\">&nbsp;<\/div>\n<div dir=\"auto\">Att,<\/div>\n<div dir=\"auto\">&nbsp;<\/div>\n<div dir=\"auto\">Gilbertinho Cabeleireiro\ud83d\udc86\ud83c\udffd\u200d\u2640\ufe0f<\/div>\n<div dir=\"auto\">&nbsp;<\/div>\n<div dir=\"auto\">Instagram @gilbertinhocabeleireiro\ud83d\udc86\ud83c\udffd\u200d\u2640\ufe0f\ud83d\udc87\ud83c\udffc\u200d\u2640\ufe0f<\/div>\n<\/div>\n<\/div>\n<\/div>\n<div class=\"mail-message-footer spacer collapsible\">&nbsp;<\/div>\n<\/div>\n","protected":false},"excerpt":{"rendered":"<p>Por Gilbertinho Cabelereiro&nbsp; &nbsp; &nbsp; A resposta \u00e9 a minha preferida: Depende. &nbsp; &nbsp; Levando em considera\u00e7\u00e3o apenas o aspecto da acidez dos produtos, podemos concluir o seguinte: &nbsp; Se uma m\u00e1scara de tratamento tem pH mais \u00e1cido (mais baixo) que o seu condicionador, n\u00e3o \u00e9 necess\u00e1rio usar o condicionador ap\u00f3s o tratamento com a [&hellip;]<\/p>\n","protected":false},"author":1,"featured_media":31562,"comment_status":"open","ping_status":"open","sticky":false,"template":"","format":"standard","meta":{"ngg_post_thumbnail":0,"footnotes":""},"categories":[2,32,41],"tags":[],"class_list":["post-31561","post","type-post","status-publish","format-standard","has-post-thumbnail","hentry","category-destaques","category-estetica","category-ultimasnoticias"],"_links":{"self":[{"href":"https:\/\/somdepapo.com.br\/portal\/wp-json\/wp\/v2\/posts\/31561","targetHints":{"allow":["GET"]}}],"collection":[{"href":"https:\/\/somdepapo.com.br\/portal\/wp-json\/wp\/v2\/posts"}],"about":[{"href":"https:\/\/somdepapo.com.br\/portal\/wp-json\/wp\/v2\/types\/post"}],"author":[{"embeddable":true,"href":"https:\/\/somdepapo.com.br\/portal\/wp-json\/wp\/v2\/users\/1"}],"replies":[{"embeddable":true,"href":"https:\/\/somdepapo.com.br\/portal\/wp-json\/wp\/v2\/comments?post=31561"}],"version-history":[{"count":1,"href":"https:\/\/somdepapo.com.br\/portal\/wp-json\/wp\/v2\/posts\/31561\/revisions"}],"predecessor-version":[{"id":31563,"href":"https:\/\/somdepapo.com.br\/portal\/wp-json\/wp\/v2\/posts\/31561\/revisions\/31563"}],"wp:featuredmedia":[{"embeddable":true,"href":"https:\/\/somdepapo.com.br\/portal\/wp-json\/wp\/v2\/media\/31562"}],"wp:attachment":[{"href":"https:\/\/somdepapo.com.br\/portal\/wp-json\/wp\/v2\/media?parent=31561"}],"wp:term":[{"taxonomy":"category","embeddable":true,"href":"https:\/\/somdepapo.com.br\/portal\/wp-json\/wp\/v2\/categories?post=31561"},{"taxonomy":"post_tag","embeddable":true,"href":"https:\/\/somdepapo.com.br\/portal\/wp-json\/wp\/v2\/tags?post=31561"}],"curies":[{"name":"wp","href":"https:\/\/api.w.org\/{rel}","templated":true}]}}