{"id":31870,"date":"2023-04-28T14:43:24","date_gmt":"2023-04-28T17:43:24","guid":{"rendered":"https:\/\/somdepapo.com.br\/portal\/?p=31870"},"modified":"2023-04-28T14:43:24","modified_gmt":"2023-04-28T17:43:24","slug":"o-que-sao-pontas-duplas-e-o-frizz-de-cabelo","status":"publish","type":"post","link":"https:\/\/somdepapo.com.br\/portal\/o-que-sao-pontas-duplas-e-o-frizz-de-cabelo\/","title":{"rendered":"O que s\u00e3o pontas duplas e o frizz de cabelo?"},"content":{"rendered":"<p style=\"text-align: right;\">Por Gilbertinho Cabelereiro&nbsp;<\/p>\n<p style=\"text-align: justify;\">As pontas duplas acontecem por conta da fragmenta\u00e7\u00e3o das cut\u00edculas dos cabelos &#8211; a parte mais externa do fio que, por sua vez, pode acontecer por causa do ressecamento. A ponta do fio acaba ficando dividida, muitas vezes em mais de duas partes, deixando um aspecto seco e esbranqui\u00e7ado na base do cabelo.<\/p>\n<p style=\"text-align: justify;\">J\u00e1 o frizz acontece quando as cut\u00edculas dos fios ficam abertas, na maioria das vezes, por conta da falta de hidrata\u00e7\u00e3o profunda. Al\u00e9m disso \u00e9 frequente para disfar\u00e7ar e prevenir o aparecimento de pontas duplas, \u00e9 necess\u00e1rio aparar as pontas mensalmente. Dessa forma, o cabelo ficar\u00e1 \u00edntegro, forte, e livre do aspecto ressecado.<\/p>\n<p style=\"text-align: justify;\">Vale usar s\u00e9runs espec\u00edficos \u00e0 base de silicone, que selam as cut\u00edculas dos fios, evitando o frizz e a sua fragmenta\u00e7\u00e3o.<\/p>\n<p>Instagram @gilbertinhocabeleireiro<\/p>\n<p>&nbsp;<\/p>\n","protected":false},"excerpt":{"rendered":"<p>Por Gilbertinho Cabelereiro&nbsp; As pontas duplas acontecem por conta da fragmenta\u00e7\u00e3o das cut\u00edculas dos cabelos &#8211; a parte mais externa do fio que, por sua vez, pode acontecer por causa do ressecamento. A ponta do fio acaba ficando dividida, muitas vezes em mais de duas partes, deixando um aspecto seco e esbranqui\u00e7ado na base do [&hellip;]<\/p>\n","protected":false},"author":1,"featured_media":31871,"comment_status":"open","ping_status":"open","sticky":false,"template":"","format":"standard","meta":{"ngg_post_thumbnail":0,"footnotes":""},"categories":[2,32,41],"tags":[],"class_list":["post-31870","post","type-post","status-publish","format-standard","has-post-thumbnail","hentry","category-destaques","category-estetica","category-ultimasnoticias"],"_links":{"self":[{"href":"https:\/\/somdepapo.com.br\/portal\/wp-json\/wp\/v2\/posts\/31870","targetHints":{"allow":["GET"]}}],"collection":[{"href":"https:\/\/somdepapo.com.br\/portal\/wp-json\/wp\/v2\/posts"}],"about":[{"href":"https:\/\/somdepapo.com.br\/portal\/wp-json\/wp\/v2\/types\/post"}],"author":[{"embeddable":true,"href":"https:\/\/somdepapo.com.br\/portal\/wp-json\/wp\/v2\/users\/1"}],"replies":[{"embeddable":true,"href":"https:\/\/somdepapo.com.br\/portal\/wp-json\/wp\/v2\/comments?post=31870"}],"version-history":[{"count":1,"href":"https:\/\/somdepapo.com.br\/portal\/wp-json\/wp\/v2\/posts\/31870\/revisions"}],"predecessor-version":[{"id":31872,"href":"https:\/\/somdepapo.com.br\/portal\/wp-json\/wp\/v2\/posts\/31870\/revisions\/31872"}],"wp:featuredmedia":[{"embeddable":true,"href":"https:\/\/somdepapo.com.br\/portal\/wp-json\/wp\/v2\/media\/31871"}],"wp:attachment":[{"href":"https:\/\/somdepapo.com.br\/portal\/wp-json\/wp\/v2\/media?parent=31870"}],"wp:term":[{"taxonomy":"category","embeddable":true,"href":"https:\/\/somdepapo.com.br\/portal\/wp-json\/wp\/v2\/categories?post=31870"},{"taxonomy":"post_tag","embeddable":true,"href":"https:\/\/somdepapo.com.br\/portal\/wp-json\/wp\/v2\/tags?post=31870"}],"curies":[{"name":"wp","href":"https:\/\/api.w.org\/{rel}","templated":true}]}}