{"id":32625,"date":"2023-07-14T13:05:59","date_gmt":"2023-07-14T16:05:59","guid":{"rendered":"https:\/\/somdepapo.com.br\/portal\/?p=32625"},"modified":"2023-07-14T13:05:59","modified_gmt":"2023-07-14T16:05:59","slug":"como-acabar-com-o-frizz-do-cabelo-no-inverno-saiba-como-evitar-fios-arrepiados","status":"publish","type":"post","link":"https:\/\/somdepapo.com.br\/portal\/como-acabar-com-o-frizz-do-cabelo-no-inverno-saiba-como-evitar-fios-arrepiados\/","title":{"rendered":"Como acabar com o &#8220;Frizz&#8221; do cabelo, no inverno? Saiba como evitar fios arrepiados."},"content":{"rendered":"<p style=\"text-align: right;\">Por: Gilbertinho Cabeleireiro<\/p>\n<div dir=\"auto\" style=\"text-align: justify;\">Dias frios e chuvosos de inverno costumam trazer um problema para o cabelo: os fios arrepiados. No entanto, mesmo que o t\u00e3o famoso e temido frizz nos cabelos seja ainda mais comum nessa esta\u00e7\u00e3o, a boa not\u00edcia \u00e9 que as madeixas rebeldes podem ser controladas com a ajuda do leave-in, o aliado perfeito para selar as mechas e devolver o aspecto arrumado ao look.<\/div>\n<div dir=\"auto\" style=\"text-align: justify;\">&nbsp;<\/div>\n<div dir=\"auto\" style=\"text-align: justify;\">Para quem usam o visual natural e costumam preferir sair de casa com os cabelos molhados mesmo no inverno, o leave-in tamb\u00e9m pode ser inserido na rotina sem medo. A fun\u00e7\u00e3o dele ser\u00e1 ajudar na hora de desembara\u00e7ar os fios sem provocar quebra e, al\u00e9m disso, prevenir que eles sequem com frizz por conta da a\u00e7\u00e3o do vento e da umidade. Para que isso aconte\u00e7a, o ideal \u00e9 procurar produtos que tenham ceramidas na f\u00f3rmula, pois elas ajudam a nutrir e reparar as madeixas com mais efici\u00eancia especialmente na hora de ajeitar os cabelos ap\u00f3s a lavagem, outro fator que influencia no frizz \u00e9 o tipo de pente usado. D\u00ea prefer\u00eancia aos feitos de madeira, pois eles n\u00e3o produzem eletricidade, ao contr\u00e1rio dos de pl\u00e1stico ou metal.<\/div>\n","protected":false},"excerpt":{"rendered":"<p>Por: Gilbertinho Cabeleireiro Dias frios e chuvosos de inverno costumam trazer um problema para o cabelo: os fios arrepiados. No entanto, mesmo que o t\u00e3o famoso e temido frizz nos cabelos seja ainda mais comum nessa esta\u00e7\u00e3o, a boa not\u00edcia \u00e9 que as madeixas rebeldes podem ser controladas com a ajuda do leave-in, o aliado [&hellip;]<\/p>\n","protected":false},"author":1,"featured_media":32626,"comment_status":"open","ping_status":"open","sticky":false,"template":"","format":"standard","meta":{"ngg_post_thumbnail":0,"footnotes":""},"categories":[2,32,41],"tags":[],"class_list":["post-32625","post","type-post","status-publish","format-standard","has-post-thumbnail","hentry","category-destaques","category-estetica","category-ultimasnoticias"],"_links":{"self":[{"href":"https:\/\/somdepapo.com.br\/portal\/wp-json\/wp\/v2\/posts\/32625","targetHints":{"allow":["GET"]}}],"collection":[{"href":"https:\/\/somdepapo.com.br\/portal\/wp-json\/wp\/v2\/posts"}],"about":[{"href":"https:\/\/somdepapo.com.br\/portal\/wp-json\/wp\/v2\/types\/post"}],"author":[{"embeddable":true,"href":"https:\/\/somdepapo.com.br\/portal\/wp-json\/wp\/v2\/users\/1"}],"replies":[{"embeddable":true,"href":"https:\/\/somdepapo.com.br\/portal\/wp-json\/wp\/v2\/comments?post=32625"}],"version-history":[{"count":1,"href":"https:\/\/somdepapo.com.br\/portal\/wp-json\/wp\/v2\/posts\/32625\/revisions"}],"predecessor-version":[{"id":32627,"href":"https:\/\/somdepapo.com.br\/portal\/wp-json\/wp\/v2\/posts\/32625\/revisions\/32627"}],"wp:featuredmedia":[{"embeddable":true,"href":"https:\/\/somdepapo.com.br\/portal\/wp-json\/wp\/v2\/media\/32626"}],"wp:attachment":[{"href":"https:\/\/somdepapo.com.br\/portal\/wp-json\/wp\/v2\/media?parent=32625"}],"wp:term":[{"taxonomy":"category","embeddable":true,"href":"https:\/\/somdepapo.com.br\/portal\/wp-json\/wp\/v2\/categories?post=32625"},{"taxonomy":"post_tag","embeddable":true,"href":"https:\/\/somdepapo.com.br\/portal\/wp-json\/wp\/v2\/tags?post=32625"}],"curies":[{"name":"wp","href":"https:\/\/api.w.org\/{rel}","templated":true}]}}