{"id":32754,"date":"2023-07-25T13:20:55","date_gmt":"2023-07-25T16:20:55","guid":{"rendered":"https:\/\/somdepapo.com.br\/portal\/?p=32754"},"modified":"2023-07-25T13:20:55","modified_gmt":"2023-07-25T16:20:55","slug":"bruno-gomes-e-o-novo-membro-da-academia-de-letras-da-america-latina","status":"publish","type":"post","link":"https:\/\/somdepapo.com.br\/portal\/bruno-gomes-e-o-novo-membro-da-academia-de-letras-da-america-latina\/","title":{"rendered":"Bruno Gomes \u00c9 O Novo Membro Da Academia De Letras Da Am\u00e9rica Latina"},"content":{"rendered":"<p style=\"text-align: right;\">Por Joacles Costa<\/p>\n<p style=\"text-align: justify;\"><strong><em>O Destino Imortal &#8211; Bruno Gomes, Proeminente Escritor e Pesquisador, Entra para a Academia de Letras da Am\u00e9rica Latina Homenageando Gabriel Garc\u00eda M\u00e1rquez<\/em><\/strong><\/p>\n<p style=\"text-align: justify;\">&nbsp;<\/p>\n<p style=\"text-align: justify;\">A Academia de Letras da Am\u00e9rica Latina celebrar\u00e1 um marco hist\u00f3rico ao admitir o pesquisador e escritor paraense, Bruno Gomes, como seu novo membro imortal. Com apenas 35 anos, que completar\u00e1 no final deste m\u00eas, Gomes se destaca como o membro mais jovem deste selet\u00edssimo grupo de intelectuais das letras em toda a Am\u00e9rica Latina. A homenagem \u00e9 um reconhecimento a suas not\u00e1veis contribui\u00e7\u00f5es para a arte liter\u00e1ria no Brasil e nos pa\u00edses onde o idioma espanhol \u00e9 predominante.<\/p>\n<p style=\"text-align: justify;\">A primeira cadeira da Academia, em honra ao ilustre Gabriel Garc\u00eda M\u00e1rquez, c\u00e9lebre autor de obras emblem\u00e1ticas como &#8220;Cem anos de solid\u00e3o&#8221; (1967) e &#8220;O outono do patriarca&#8221; (1975), outorga a Bruno Gomes uma posi\u00e7\u00e3o singular de destaque. O colombiano Garc\u00eda M\u00e1rquez \u00e9 reverenciado mundialmente, agraciado com o Pr\u00eamio Nobel de Literatura em 1982. Bruno Gomes j\u00e1 consolidou sua carreira acad\u00eamica no Brasil, erguendo-se como um verdadeiro &#8220;fen\u00f4meno intelectualizado do Par\u00e1,&#8221; e sua influ\u00eancia abrange as regi\u00f5es Norte e Nordeste. Seu r\u00e1pido e not\u00e1vel sucesso no meio acad\u00eamico brasileiro, especialmente no \u00e2mbito da pesquisa, o torna um caso singular e extraordin\u00e1rio.<\/p>\n<p style=\"text-align: justify;\">No cen\u00e1rio internacional, Gomes estabeleceu di\u00e1logos de pesquisa no Chile, tornando-se membro da Associa\u00e7\u00e3o Latino-Americana de Lingu\u00edstica Sist\u00eamico-Funcional. Em um curto per\u00edodo, expandiu sua atua\u00e7\u00e3o por toda a Am\u00e9rica Latina, contribuindo para discuss\u00f5es acad\u00eamicas em pa\u00edses como Argentina, Paraguai, Uruguai, Col\u00f4mbia, entre outros. Atualmente, \u00e9 editor convidado da prestigiosa revista &#8220;International Journal of Language and Linguistics,&#8221; publicada pelo Science Publishing Group, com sede em Nova York, Estados Unidos. O sucesso acad\u00eamico not\u00e1vel de Bruno Gomes se deve, em parte, ao seu destaque em um meio dominado por pesquisadores com longa experi\u00eancia. Em muitas esferas, a idade e o tempo de servi\u00e7o s\u00e3o tradicionalmente associados \u00e0 qualidade e reconhecimento cient\u00edfico, mas Gomes contraria esse paradigma ao construir uma trajet\u00f3ria estelar que desafia qualquer veterano da \u00e1rea. Sua postura contrasta com os estere\u00f3tipos de intelectual sisudo e inacess\u00edvel frequentemente atribu\u00eddos a acad\u00eamicos, provando que a juventude pode ser uma for\u00e7a inovadora e inspiradora.<\/p>\n<p style=\"text-align: justify;\">A solene cerim\u00f4nia de admiss\u00e3o ocorrer\u00e1 no dia 26 de agosto, \u00e0s 20h, no prestigiado Hotel Copacabana Palace, situado no Rio de Janeiro. Este evento marcar\u00e1 um momento ic\u00f4nico nas letras latino-americanas, unindo o legado de Gabriel Garc\u00eda M\u00e1rquez ao brilho emergente de Bruno Gomes, cuja ascens\u00e3o certamente deixar\u00e1 um impacto significativo no panorama liter\u00e1rio da regi\u00e3o.<\/p>\n<p style=\"text-align: justify;\">Ademais, \u00e9 importante ressaltar que as contribui\u00e7\u00f5es intelectuais de Bruno Gomes transcenderam as barreiras lingu\u00edsticas e culturais, impulsionando uma converg\u00eancia de conhecimentos entre as literaturas lus\u00f3fona e hispano-americana. Sua abordagem inovadora na pesquisa e an\u00e1lise liter\u00e1ria tem possibilitado um di\u00e1logo enriquecedor entre as diferentes vertentes liter\u00e1rias presentes no cen\u00e1rio latino-americano, resultando em uma compreens\u00e3o mais profunda da diversidade e riqueza liter\u00e1ria da regi\u00e3o.<\/p>\n<p style=\"text-align: justify;\">Al\u00e9m disso, seu engajamento como editor convidado da renomada revista &#8220;International Journal of Language and Linguistics&#8221; tem proporcionado uma plataforma para dissemina\u00e7\u00e3o do conhecimento e interc\u00e2mbio acad\u00eamico, conectando especialistas de diversas partes do mundo em torno de temas relevantes no campo da lingu\u00edstica e estudos liter\u00e1rios. A Academia de Letras da Am\u00e9rica Latina, ao conceder a honraria a Bruno Gomes, refor\u00e7a seu compromisso com o reconhecimento e promo\u00e7\u00e3o de talentos excepcionais que desbravam novos caminhos na literatura e na ci\u00eancia das palavras. A admiss\u00e3o de Gomes a essa prestigiosa institui\u00e7\u00e3o representa um est\u00edmulo e inspira\u00e7\u00e3o para as gera\u00e7\u00f5es futuras de escritores e pesquisadores latino-americanos, encorajando-os a trilhar seus pr\u00f3prios caminhos criativos e intelectuais. A solenidade no Hotel Copacabana Palace, reunindo proeminentes nomes da literatura e intelectualidade da Am\u00e9rica Latina, certamente ser\u00e1 um marco inesquec\u00edvel na vida de Bruno Gomes. \u00c9 uma ocasi\u00e3o n\u00e3o apenas para celebrar suas conquistas pessoais, mas tamb\u00e9m para enaltecer a import\u00e2ncia do constante avan\u00e7o da ci\u00eancia e arte liter\u00e1ria, que enriquece a cultura e a identidade de toda a regi\u00e3o. Neste cen\u00e1rio em que a criatividade e a erudi\u00e7\u00e3o se entrela\u00e7am, a Academia de Letras da Am\u00e9rica Latina trilha um percurso de relev\u00e2ncia singular, promovendo a preserva\u00e7\u00e3o das letras e da rica diversidade cultural que molda o continente latino-americano.<\/p>\n<p style=\"text-align: justify;\">Bruno Gomes \u00e9 inspira\u00e7\u00e3o para as futuras gera\u00e7\u00f5es, e que sua trajet\u00f3ria acad\u00eamica e liter\u00e1ria continue a iluminar os horizontes intelectuais e culturais da Am\u00e9rica Latina e al\u00e9m. Seu ingresso como membro imortal na Academia de Letras \u00e9 mais do que um reconhecimento; \u00e9 um legado para a posteridade e um testemunho da capacidade humana de inovar e enriquecer as letras e a ci\u00eancia com sua autenticidade e talento.<\/p>\n","protected":false},"excerpt":{"rendered":"<p>Por Joacles Costa O Destino Imortal &#8211; Bruno Gomes, Proeminente Escritor e Pesquisador, Entra para a Academia de Letras da Am\u00e9rica Latina Homenageando Gabriel Garc\u00eda M\u00e1rquez &nbsp; A Academia de Letras da Am\u00e9rica Latina celebrar\u00e1 um marco hist\u00f3rico ao admitir o pesquisador e escritor paraense, Bruno Gomes, como seu novo membro imortal. Com apenas 35 [&hellip;]<\/p>\n","protected":false},"author":1,"featured_media":32755,"comment_status":"open","ping_status":"open","sticky":false,"template":"","format":"standard","meta":{"ngg_post_thumbnail":0,"footnotes":""},"categories":[2,33,41],"tags":[],"class_list":["post-32754","post","type-post","status-publish","format-standard","has-post-thumbnail","hentry","category-destaques","category-educacao","category-ultimasnoticias"],"_links":{"self":[{"href":"https:\/\/somdepapo.com.br\/portal\/wp-json\/wp\/v2\/posts\/32754","targetHints":{"allow":["GET"]}}],"collection":[{"href":"https:\/\/somdepapo.com.br\/portal\/wp-json\/wp\/v2\/posts"}],"about":[{"href":"https:\/\/somdepapo.com.br\/portal\/wp-json\/wp\/v2\/types\/post"}],"author":[{"embeddable":true,"href":"https:\/\/somdepapo.com.br\/portal\/wp-json\/wp\/v2\/users\/1"}],"replies":[{"embeddable":true,"href":"https:\/\/somdepapo.com.br\/portal\/wp-json\/wp\/v2\/comments?post=32754"}],"version-history":[{"count":1,"href":"https:\/\/somdepapo.com.br\/portal\/wp-json\/wp\/v2\/posts\/32754\/revisions"}],"predecessor-version":[{"id":32756,"href":"https:\/\/somdepapo.com.br\/portal\/wp-json\/wp\/v2\/posts\/32754\/revisions\/32756"}],"wp:featuredmedia":[{"embeddable":true,"href":"https:\/\/somdepapo.com.br\/portal\/wp-json\/wp\/v2\/media\/32755"}],"wp:attachment":[{"href":"https:\/\/somdepapo.com.br\/portal\/wp-json\/wp\/v2\/media?parent=32754"}],"wp:term":[{"taxonomy":"category","embeddable":true,"href":"https:\/\/somdepapo.com.br\/portal\/wp-json\/wp\/v2\/categories?post=32754"},{"taxonomy":"post_tag","embeddable":true,"href":"https:\/\/somdepapo.com.br\/portal\/wp-json\/wp\/v2\/tags?post=32754"}],"curies":[{"name":"wp","href":"https:\/\/api.w.org\/{rel}","templated":true}]}}