{"id":32883,"date":"2023-08-04T10:00:33","date_gmt":"2023-08-04T13:00:33","guid":{"rendered":"https:\/\/somdepapo.com.br\/portal\/?p=32883"},"modified":"2023-07-31T19:21:28","modified_gmt":"2023-07-31T22:21:28","slug":"a-estrategia-de-mkt-usada-pela-producao-do-filme-barbie","status":"publish","type":"post","link":"https:\/\/somdepapo.com.br\/portal\/a-estrategia-de-mkt-usada-pela-producao-do-filme-barbie\/","title":{"rendered":"A Estrat\u00e9gia de MKT usada pela Produ\u00e7\u00e3o do Filme Barbie"},"content":{"rendered":"<p style=\"text-align: right;\">Por: Henrique Couto<\/p>\n<p style=\"text-align: justify;\">Ol\u00e1 a todos! Como v\u00e3o? Espero que estejam bem e firmes em suas jornadas pessoais e no mundo dos Neg\u00f3cios!<\/p>\n<p style=\"text-align: justify;\">A Estrat\u00e9gia de MKT usada pela Produ\u00e7\u00e3o do Filme Barbie \u00e9 um evento fant\u00e1stico para o Mundo dos Neg\u00f3cios. \u00c9 impressionante como essa estrat\u00e9gia envolveu tudo e todos, seja na educa\u00e7\u00e3o, na psicologia, no com\u00e9rcio, nas vendas, na ind\u00fastria, nas redes sociais. Temos um alcance gigante, poucas vezes visto, numa marca. <strong>Mas o que podemos aprender com tudo isso para o nosso Neg\u00f3cio, em especial se voc\u00ea \u00e9 um micro empreendedor ou um Empres\u00e1rio de M\u00e9dio ou Pequeno Porte?<\/strong><\/p>\n<p style=\"text-align: justify;\">Primeiro vejam como a Comunica\u00e7\u00e3o \u00e9 o pilar mais importante dessa estrat\u00e9gia, seja quanto ao MKT seja quanto ao Produto. A forma como voc\u00ea escolhe para apresentar os seus produtos e seus servi\u00e7os nos dias de hoje \u00e9 a chave do seu sucesso ou seu fracasso. Como voc\u00ea vai se apresentar nas redes sociais e para seus Clientes diz muito do seu neg\u00f3cio. Estamos falando de limpeza, organiza\u00e7\u00e3o, cor predominante, nome do produto e as palavras chave que seu servi\u00e7o ou produto trazem consigo.<\/p>\n<p style=\"text-align: justify;\">Depois vejam como a repeti\u00e7\u00e3o incans\u00e1vel \u00e9 algo que funciona muito, pois se viraliza voc\u00ea vende. Mas \u00e9 preciso se apresentar a todos os seus possiveis Clientes, todos os dias, falando a mesma coisa de uma forma diferente, ou simplesmente por etapas. A cada dia voc\u00ea apresenta uma parte do servi\u00e7o ou produto e como ele pode e deve ser comprado porque ele \u00e9 essencial para a vida das pessoas.<\/p>\n<p style=\"text-align: justify;\">Em seguida temos as emo\u00e7\u00f5es envolvidas na Campanha, a Barbie nos d\u00e1 uma aula linda sobre emo\u00e7\u00f5es, empoderamento, interesses, valores e como lidar com nossos conflitos. Ou seja, o produto deixa de ser um simples produto e se conecta emocionalmente com as pessoas, com as vida e a hist\u00f3ria das pessoas. E a forma como se fala disso, \u00e9 envolvente e forte.<\/p>\n<p style=\"text-align: justify;\">Al\u00e9m disso a alegria e bom humor que envolvem o produto, quem fala da Barbie com tristeza? Ningu\u00e9m! Para todos a campanha fala de alegria, charme, motiva\u00e7\u00e3o, energia positiva e sucesso.<\/p>\n<p style=\"text-align: justify;\">\u00c9 exatamente disso que seu produto, precisa, \u00e9 disso que voc\u00ea precisa falar na rede social da sua empresa. Motiva\u00e7\u00e3o, alegria, alta energia, envolvimento e beleza.<\/p>\n<p style=\"text-align: justify;\">Sua equipe precisa estar treinada e preparada para falar essa linguagem, pois se isso n\u00e3o acontecer, de nada valem os investimentos nas redes sociais, como Consultor Empresarial e de Treinamento, garanto a todos que a prepara\u00e7\u00e3o e forma\u00e7\u00e3o dos funcion\u00e1rios \u00e9 50% respons\u00e1vel pelo sucesso ou n\u00e3o das suas vendas.<\/p>\n<p style=\"text-align: justify;\">&nbsp;<\/p>\n<p style=\"text-align: justify;\">Ent\u00e3o sigamos com planejamento, e um belo plano de comunica\u00e7\u00e3o em nossos neg\u00f3cios pegando carona em tudo que a Barbie e outros que vir\u00e3o nos proporcionam.<\/p>\n<p style=\"text-align: justify;\">&nbsp;<\/p>\n<p style=\"text-align: justify;\">Sucesso e boas vendas a todos!<\/p>\n<p style=\"text-align: justify;\">&nbsp;<\/p>\n<p>&nbsp;<\/p>\n","protected":false},"excerpt":{"rendered":"<p>Por: Henrique Couto Ol\u00e1 a todos! Como v\u00e3o? Espero que estejam bem e firmes em suas jornadas pessoais e no mundo dos Neg\u00f3cios! A Estrat\u00e9gia de MKT usada pela Produ\u00e7\u00e3o do Filme Barbie \u00e9 um evento fant\u00e1stico para o Mundo dos Neg\u00f3cios. \u00c9 impressionante como essa estrat\u00e9gia envolveu tudo e todos, seja na educa\u00e7\u00e3o, na [&hellip;]<\/p>\n","protected":false},"author":1,"featured_media":32884,"comment_status":"open","ping_status":"open","sticky":false,"template":"","format":"standard","meta":{"ngg_post_thumbnail":0,"footnotes":""},"categories":[2,30,41],"tags":[],"class_list":["post-32883","post","type-post","status-publish","format-standard","has-post-thumbnail","hentry","category-destaques","category-negocios","category-ultimasnoticias"],"_links":{"self":[{"href":"https:\/\/somdepapo.com.br\/portal\/wp-json\/wp\/v2\/posts\/32883","targetHints":{"allow":["GET"]}}],"collection":[{"href":"https:\/\/somdepapo.com.br\/portal\/wp-json\/wp\/v2\/posts"}],"about":[{"href":"https:\/\/somdepapo.com.br\/portal\/wp-json\/wp\/v2\/types\/post"}],"author":[{"embeddable":true,"href":"https:\/\/somdepapo.com.br\/portal\/wp-json\/wp\/v2\/users\/1"}],"replies":[{"embeddable":true,"href":"https:\/\/somdepapo.com.br\/portal\/wp-json\/wp\/v2\/comments?post=32883"}],"version-history":[{"count":1,"href":"https:\/\/somdepapo.com.br\/portal\/wp-json\/wp\/v2\/posts\/32883\/revisions"}],"predecessor-version":[{"id":32885,"href":"https:\/\/somdepapo.com.br\/portal\/wp-json\/wp\/v2\/posts\/32883\/revisions\/32885"}],"wp:featuredmedia":[{"embeddable":true,"href":"https:\/\/somdepapo.com.br\/portal\/wp-json\/wp\/v2\/media\/32884"}],"wp:attachment":[{"href":"https:\/\/somdepapo.com.br\/portal\/wp-json\/wp\/v2\/media?parent=32883"}],"wp:term":[{"taxonomy":"category","embeddable":true,"href":"https:\/\/somdepapo.com.br\/portal\/wp-json\/wp\/v2\/categories?post=32883"},{"taxonomy":"post_tag","embeddable":true,"href":"https:\/\/somdepapo.com.br\/portal\/wp-json\/wp\/v2\/tags?post=32883"}],"curies":[{"name":"wp","href":"https:\/\/api.w.org\/{rel}","templated":true}]}}