{"id":33098,"date":"2023-08-25T13:41:00","date_gmt":"2023-08-25T16:41:00","guid":{"rendered":"https:\/\/somdepapo.com.br\/portal\/?p=33098"},"modified":"2023-08-25T13:41:00","modified_gmt":"2023-08-25T16:41:00","slug":"como-fazer-seu-negocio-dar-certo-parte-2","status":"publish","type":"post","link":"https:\/\/somdepapo.com.br\/portal\/como-fazer-seu-negocio-dar-certo-parte-2\/","title":{"rendered":"Como fazer seu neg\u00f3cio dar certo? Parte 2"},"content":{"rendered":"<p style=\"text-align: right;\">Por Henrique Couto&nbsp;<\/p>\n<p style=\"text-align: justify;\"><span style=\"font-weight: 400;\">Na semana passada falamos do tema proposto, respondendo a pergunta acima, e focamos no tema Planejamento, pois ele \u00e9 com certeza o nosso guia orientador das nossas a\u00e7\u00f5es. Quem n\u00e3o se Planeja n\u00e3o vence. E hoje continuando essa estrutura super importante para o Mundo Corporativo, para os Neg\u00f3cios e para as Empresas.<\/span><\/p>\n<p><img fetchpriority=\"high\" decoding=\"async\" class=\"alignnone size-full wp-image-33099\" src=\"https:\/\/somdepapo.com.br\/portal\/wp-content\/uploads\/2023\/08\/Screenshot_20230825-133627_Photos.jpg\" alt=\"\" width=\"2408\" height=\"1080\" srcset=\"https:\/\/somdepapo.com.br\/portal\/wp-content\/uploads\/2023\/08\/Screenshot_20230825-133627_Photos.jpg 2408w, https:\/\/somdepapo.com.br\/portal\/wp-content\/uploads\/2023\/08\/Screenshot_20230825-133627_Photos-300x135.jpg 300w, https:\/\/somdepapo.com.br\/portal\/wp-content\/uploads\/2023\/08\/Screenshot_20230825-133627_Photos-1024x459.jpg 1024w, https:\/\/somdepapo.com.br\/portal\/wp-content\/uploads\/2023\/08\/Screenshot_20230825-133627_Photos-768x344.jpg 768w, https:\/\/somdepapo.com.br\/portal\/wp-content\/uploads\/2023\/08\/Screenshot_20230825-133627_Photos-1536x689.jpg 1536w, https:\/\/somdepapo.com.br\/portal\/wp-content\/uploads\/2023\/08\/Screenshot_20230825-133627_Photos-2048x919.jpg 2048w, https:\/\/somdepapo.com.br\/portal\/wp-content\/uploads\/2023\/08\/Screenshot_20230825-133627_Photos-696x312.jpg 696w, https:\/\/somdepapo.com.br\/portal\/wp-content\/uploads\/2023\/08\/Screenshot_20230825-133627_Photos-1068x479.jpg 1068w, https:\/\/somdepapo.com.br\/portal\/wp-content\/uploads\/2023\/08\/Screenshot_20230825-133627_Photos-1920x861.jpg 1920w, https:\/\/somdepapo.com.br\/portal\/wp-content\/uploads\/2023\/08\/Screenshot_20230825-133627_Photos-936x420.jpg 936w\" sizes=\"(max-width: 2408px) 100vw, 2408px\" \/><\/p>\n<p style=\"text-align: justify;\"><span style=\"font-weight: 400;\">O tema de hoje \u00e9 Gest\u00e3o das Pessoas dentro dos Neg\u00f3cios, esse tema \u00e9 muito extenso e tema de estudo por diversas ci\u00eancias como Administra\u00e7\u00e3o, Psicologia entre outras. Mas independente da sua Forma\u00e7\u00e3o, voc\u00ea que \u00e9 Empres\u00e1rio n\u00e3o importa o tamanho da sua empresa, sabe que a Gest\u00e3o das Pessoas, \u00e9 um tema definitivamente importante para o resultado positivo dos nossos neg\u00f3cios. O lucro ou preju\u00edzo para por esse tema. N\u00e3o tem como cuidar do Produto, do Marketing, das Redes Sociais, do Financeiro e n\u00e3o cuidar das Pessoas. Precisamos saber como iremos selecionar quem vai trabalhar na nossa empresa, precisamos treinar as pessoas para realizarem suas fun\u00e7\u00f5es do jeito que nossa empresa precisa que seja, precisamos ouvir as pessoas, entender as pessoas e estimular contribui\u00e7\u00f5es positivas delas, queremos pessoas inteligentes que nos ajudem a fazer nosso neg\u00f3cio crescer, e precisamos respeitar as pessoas em sua individualidade. Precisamos criar um ambiente de trabalho leve, colaborativo, com est\u00edmulo ao aprendizado e a criatividade. Precisamos estimular as pessoas no senso de pertencimento da nossa empresa, para que elas se sintam parte da Empresa, porque de fato o s\u00e3o. Ainda conhecemos todos os dias exemplos de empresas, pequenas, m\u00e9dias e grandes que n\u00e3o praticam essa Gest\u00e3o de Pessoas, temos empres\u00e1rios que desprezam esse tema, que n\u00e3o estudam, n\u00e3o pedem apoio a uma Consultoria para fazer seu neg\u00f3cio crescer e ser sustent\u00e1vel. Alguns conseguem resultados outros n\u00e3o, haja visto a quantidade de Empresas, que quebram todos os dias. Outras ainda se mant\u00eam, at\u00e9 quando? N\u00e3o sabemos!<\/span><\/p>\n<p style=\"text-align: justify;\"><span style=\"font-weight: 400;\">Seja voc\u00ea diferente, seja voc\u00ea um empres\u00e1rio correto, que cuida do seu neg\u00f3cio e das pessoas que fazem parte dele. Fa\u00e7a as pessoas sentirem orgulho de pertencer a sua Empresa, e com certeza o resultado ser\u00e1 lucro, sustentabilidade e ganhos.&nbsp;<\/span><\/p>\n<p>&nbsp;<\/p>\n<p><span style=\"font-weight: 400;\">Converse comigo nas redes sociais:&nbsp;<\/span><\/p>\n<p><span style=\"font-weight: 400;\">Instagram @hc_consultor<\/span><\/p>\n<p><span style=\"font-weight: 400;\">Whatsapp 81 995904185<\/span><\/p>\n<p><span style=\"font-weight: 400;\">Sucesso a todos!<\/span><\/p>\n<p>&nbsp;<\/p>\n","protected":false},"excerpt":{"rendered":"<p>Por Henrique Couto&nbsp; Na semana passada falamos do tema proposto, respondendo a pergunta acima, e focamos no tema Planejamento, pois ele \u00e9 com certeza o nosso guia orientador das nossas a\u00e7\u00f5es. Quem n\u00e3o se Planeja n\u00e3o vence. E hoje continuando essa estrutura super importante para o Mundo Corporativo, para os Neg\u00f3cios e para as Empresas. [&hellip;]<\/p>\n","protected":false},"author":1,"featured_media":33100,"comment_status":"open","ping_status":"open","sticky":false,"template":"","format":"standard","meta":{"ngg_post_thumbnail":0,"footnotes":""},"categories":[2,30,41],"tags":[],"class_list":["post-33098","post","type-post","status-publish","format-standard","has-post-thumbnail","hentry","category-destaques","category-negocios","category-ultimasnoticias"],"_links":{"self":[{"href":"https:\/\/somdepapo.com.br\/portal\/wp-json\/wp\/v2\/posts\/33098","targetHints":{"allow":["GET"]}}],"collection":[{"href":"https:\/\/somdepapo.com.br\/portal\/wp-json\/wp\/v2\/posts"}],"about":[{"href":"https:\/\/somdepapo.com.br\/portal\/wp-json\/wp\/v2\/types\/post"}],"author":[{"embeddable":true,"href":"https:\/\/somdepapo.com.br\/portal\/wp-json\/wp\/v2\/users\/1"}],"replies":[{"embeddable":true,"href":"https:\/\/somdepapo.com.br\/portal\/wp-json\/wp\/v2\/comments?post=33098"}],"version-history":[{"count":1,"href":"https:\/\/somdepapo.com.br\/portal\/wp-json\/wp\/v2\/posts\/33098\/revisions"}],"predecessor-version":[{"id":33101,"href":"https:\/\/somdepapo.com.br\/portal\/wp-json\/wp\/v2\/posts\/33098\/revisions\/33101"}],"wp:featuredmedia":[{"embeddable":true,"href":"https:\/\/somdepapo.com.br\/portal\/wp-json\/wp\/v2\/media\/33100"}],"wp:attachment":[{"href":"https:\/\/somdepapo.com.br\/portal\/wp-json\/wp\/v2\/media?parent=33098"}],"wp:term":[{"taxonomy":"category","embeddable":true,"href":"https:\/\/somdepapo.com.br\/portal\/wp-json\/wp\/v2\/categories?post=33098"},{"taxonomy":"post_tag","embeddable":true,"href":"https:\/\/somdepapo.com.br\/portal\/wp-json\/wp\/v2\/tags?post=33098"}],"curies":[{"name":"wp","href":"https:\/\/api.w.org\/{rel}","templated":true}]}}