{"id":33359,"date":"2023-09-21T14:28:08","date_gmt":"2023-09-21T17:28:08","guid":{"rendered":"https:\/\/somdepapo.com.br\/portal\/?p=33359"},"modified":"2023-09-21T14:28:08","modified_gmt":"2023-09-21T17:28:08","slug":"primavera-com-camarao-internacional","status":"publish","type":"post","link":"https:\/\/somdepapo.com.br\/portal\/primavera-com-camarao-internacional\/","title":{"rendered":"Primavera com Camar\u00e3o Internacional"},"content":{"rendered":"<p style=\"text-align: right;\">Por Chef Rodrigo Carvalho&nbsp;<\/p>\n<p>&nbsp;<\/p>\n<p style=\"text-align: justify;\">Camar\u00e3o internacional&nbsp;<\/p>\n<p style=\"text-align: justify;\">Ingredientes:<\/p>\n<p style=\"text-align: justify;\">400g de fil\u00e9 camar\u00e3o<\/p>\n<p style=\"text-align: justify;\">Suco de 1\/2 lim\u00e3o<\/p>\n<p style=\"text-align: justify;\">1 dente de alho picado<\/p>\n<p style=\"text-align: justify;\">Sal e pimenta do reino \u00e0 gosto<\/p>\n<p style=\"text-align: justify;\">1 colher (de sopa) de manteiga<\/p>\n<p style=\"text-align: justify;\">2 x\u00edcaras de arroz cozido<\/p>\n<p style=\"text-align: justify;\">1\/2 lata de ervilha (sem o l\u00edquido)<\/p>\n<p style=\"text-align: justify;\">100g de presunto picado<\/p>\n<p style=\"text-align: justify;\">200g de mussarela (100g para o arroz e 100g para cobrir)<\/p>\n<p style=\"text-align: justify;\">1 caixinha de creme de leite (200g)<\/p>\n<p style=\"text-align: justify;\">1\/2 pote de requeij\u00e3o cremoso (100g)<\/p>\n<p style=\"text-align: justify;\">Batata palha \u00e0 gosto.<\/p>\n<p style=\"text-align: justify;\">Modo de preparo:<\/p>\n<p style=\"text-align: justify;\">Tempere o camar\u00f5es com sal, pimenta do reino, alho e o suco de lim\u00e3o. Deixe marinando por 15 minutos.<\/p>\n<p style=\"text-align: justify;\">Leve uma panela ao fogo, coloque a manteiga e em seguida adicione os camar\u00f5es e refogue at\u00e9 que fiquem alaranjados e o l\u00edquido evapore da panela.<\/p>\n<p style=\"text-align: justify;\">Adicione o arroz, as ervilhas, o presunto e o queijo mussarela picado, misture.<\/p>\n<p style=\"text-align: justify;\">Deligue o fogo.<\/p>\n<p style=\"text-align: justify;\">Em seguida adicione o creme de leite e o requeij\u00e3o.<\/p>\n<p style=\"text-align: justify;\">Coloque em um refrat\u00e1rio, cubra com a mussarela fatiada e leve ao forno alto (200\u00baC) por uns 20 minutos ou at\u00e9 dourar.<\/p>\n<p style=\"text-align: justify;\">Finalize com a batata palha e sirva.<\/p>\n<p style=\"text-align: justify;\">Os camar\u00f5es capotados fica a gosto.<\/p>\n","protected":false},"excerpt":{"rendered":"<p>Por Chef Rodrigo Carvalho&nbsp; &nbsp; Camar\u00e3o internacional&nbsp; Ingredientes: 400g de fil\u00e9 camar\u00e3o Suco de 1\/2 lim\u00e3o 1 dente de alho picado Sal e pimenta do reino \u00e0 gosto 1 colher (de sopa) de manteiga 2 x\u00edcaras de arroz cozido 1\/2 lata de ervilha (sem o l\u00edquido) 100g de presunto picado 200g de mussarela (100g para [&hellip;]<\/p>\n","protected":false},"author":1,"featured_media":33360,"comment_status":"open","ping_status":"open","sticky":false,"template":"","format":"standard","meta":{"ngg_post_thumbnail":0,"footnotes":""},"categories":[2,8,41],"tags":[],"class_list":["post-33359","post","type-post","status-publish","format-standard","has-post-thumbnail","hentry","category-destaques","category-gastronomia","category-ultimasnoticias"],"_links":{"self":[{"href":"https:\/\/somdepapo.com.br\/portal\/wp-json\/wp\/v2\/posts\/33359","targetHints":{"allow":["GET"]}}],"collection":[{"href":"https:\/\/somdepapo.com.br\/portal\/wp-json\/wp\/v2\/posts"}],"about":[{"href":"https:\/\/somdepapo.com.br\/portal\/wp-json\/wp\/v2\/types\/post"}],"author":[{"embeddable":true,"href":"https:\/\/somdepapo.com.br\/portal\/wp-json\/wp\/v2\/users\/1"}],"replies":[{"embeddable":true,"href":"https:\/\/somdepapo.com.br\/portal\/wp-json\/wp\/v2\/comments?post=33359"}],"version-history":[{"count":1,"href":"https:\/\/somdepapo.com.br\/portal\/wp-json\/wp\/v2\/posts\/33359\/revisions"}],"predecessor-version":[{"id":33361,"href":"https:\/\/somdepapo.com.br\/portal\/wp-json\/wp\/v2\/posts\/33359\/revisions\/33361"}],"wp:featuredmedia":[{"embeddable":true,"href":"https:\/\/somdepapo.com.br\/portal\/wp-json\/wp\/v2\/media\/33360"}],"wp:attachment":[{"href":"https:\/\/somdepapo.com.br\/portal\/wp-json\/wp\/v2\/media?parent=33359"}],"wp:term":[{"taxonomy":"category","embeddable":true,"href":"https:\/\/somdepapo.com.br\/portal\/wp-json\/wp\/v2\/categories?post=33359"},{"taxonomy":"post_tag","embeddable":true,"href":"https:\/\/somdepapo.com.br\/portal\/wp-json\/wp\/v2\/tags?post=33359"}],"curies":[{"name":"wp","href":"https:\/\/api.w.org\/{rel}","templated":true}]}}