{"id":33383,"date":"2023-09-24T21:41:55","date_gmt":"2023-09-25T00:41:55","guid":{"rendered":"https:\/\/somdepapo.com.br\/portal\/?p=33383"},"modified":"2023-09-24T21:41:55","modified_gmt":"2023-09-25T00:41:55","slug":"claudia-cataldi-do-jornalismo-a-advocacia-uma-jornada-de-excelencia","status":"publish","type":"post","link":"https:\/\/somdepapo.com.br\/portal\/claudia-cataldi-do-jornalismo-a-advocacia-uma-jornada-de-excelencia\/","title":{"rendered":"Claudia Cataldi: do Jornalismo \u00e0 Advocacia, uma Jornada de Excel\u00eancia"},"content":{"rendered":"<p style=\"text-align: right;\">Por Joacles Costa<\/p>\n<p style=\"text-align: justify;\">Claudia Cataldi, uma das jornalistas mais respeitadas e reconhecidas do Brasil, com uma carreira de d\u00e9cadas dedicada ao jornalismo investigativo e \u00e0 cobertura de assuntos complexos, celebrou recentemente mais um marco em sua trajet\u00f3ria de sucesso. A profissional de renome, conhecida por seu compromisso inabal\u00e1vel com a verdade, concluiu com \u00eaxito seu curso superior em Direito e foi convidada a ser a oradora da turma.<br \/>\nClaudia Cataldi \u00e9 um nome que ressoa nas reda\u00e7\u00f5es e lares de todo o pa\u00eds. Com uma carreira que abrangeu t\u00f3picos que v\u00e3o desde pol\u00edtica at\u00e9 direitos humanos, ela conquistou a admira\u00e7\u00e3o de seus colegas e a confian\u00e7a do p\u00fablico com sua capacidade de an\u00e1lise afiada e reportagens esclarecedoras. Sua incans\u00e1vel busca pela verdade a estabeleceu como uma das figuras mais influentes do jornalismo brasileiro.<\/p>\n<p style=\"text-align: justify;\">Ao longo de sua carreira, Claudia desempenhou um papel vital na exposi\u00e7\u00e3o de irregularidades, na defesa dos direitos dos cidad\u00e3os e no esclarecimento de quest\u00f5es complexas para o p\u00fablico em geral. Sua dedica\u00e7\u00e3o \u00e0 profiss\u00e3o a conduziu a receber in\u00fameros pr\u00eamios e reconhecimentos por sua coragem e integridade jornal\u00edstica.<br \/>\nA forma\u00e7\u00e3o acad\u00eamica de Claudia sempre foi uma prioridade em sua vida. Com v\u00e1rios cursos superiores e uma busca cont\u00ednua pelo conhecimento, ela tem demonstrado seu compromisso com o aprimoramento constante. Agora, ao conquistar seu diploma em Direito e receber o convite para ser a oradora da turma, Claudia Cataldi adiciona uma nova dimens\u00e3o \u00e0 sua j\u00e1 impressionante lista de realiza\u00e7\u00f5es.<br \/>\nA decis\u00e3o de estudar Direito pode ser vista como uma extens\u00e3o natural de seu compromisso com a justi\u00e7a e os direitos humanos. Sua forma\u00e7\u00e3o jur\u00eddica s\u00f3lida trar\u00e1 uma perspectiva \u00fanica para suas futuras reportagens e an\u00e1lises, ao mesmo tempo em que refor\u00e7a sua habilidade de compreender e interpretar quest\u00f5es legais de maneira precisa e profunda.<\/p>\n<p style=\"text-align: justify;\">*_Uma Inspira\u00e7\u00e3o para Todos_*<\/p>\n<p style=\"text-align: justify;\">Claudia Cataldi \u00e9, sem d\u00favida, uma inspira\u00e7\u00e3o para jornalistas aspirantes e para qualquer pessoa que valorize a busca pela verdade e pela justi\u00e7a. Sua capacidade de se adaptar, aprender e continuar a evoluir \u00e9 um testemunho de sua dedica\u00e7\u00e3o \u00e0 sua profiss\u00e3o e \u00e0 sociedade em geral.<\/p>\n<p><img fetchpriority=\"high\" decoding=\"async\" class=\"alignnone size-full wp-image-33384\" src=\"https:\/\/somdepapo.com.br\/portal\/wp-content\/uploads\/2023\/09\/IMG-20230923-WA0061.jpg\" alt=\"\" width=\"1200\" height=\"1600\" srcset=\"https:\/\/somdepapo.com.br\/portal\/wp-content\/uploads\/2023\/09\/IMG-20230923-WA0061.jpg 1200w, https:\/\/somdepapo.com.br\/portal\/wp-content\/uploads\/2023\/09\/IMG-20230923-WA0061-225x300.jpg 225w, https:\/\/somdepapo.com.br\/portal\/wp-content\/uploads\/2023\/09\/IMG-20230923-WA0061-768x1024.jpg 768w, https:\/\/somdepapo.com.br\/portal\/wp-content\/uploads\/2023\/09\/IMG-20230923-WA0061-1152x1536.jpg 1152w, https:\/\/somdepapo.com.br\/portal\/wp-content\/uploads\/2023\/09\/IMG-20230923-WA0061-696x928.jpg 696w, https:\/\/somdepapo.com.br\/portal\/wp-content\/uploads\/2023\/09\/IMG-20230923-WA0061-1068x1424.jpg 1068w, https:\/\/somdepapo.com.br\/portal\/wp-content\/uploads\/2023\/09\/IMG-20230923-WA0061-315x420.jpg 315w\" sizes=\"(max-width: 1200px) 100vw, 1200px\" \/><\/p>\n<p style=\"text-align: justify;\">A conclus\u00e3o bem-sucedida de mais um curso superior e o convite para ser a oradora da turma s\u00e3o lembretes de que a educa\u00e7\u00e3o \u00e9 uma jornada cont\u00ednua e que a busca pelo conhecimento n\u00e3o conhece limites. Claudia Cataldi continua a ser uma voz influente e uma defensora incans\u00e1vel da verdade em um mundo que precisa mais do que nunca de jornalistas dedicados e \u00e9ticos.<br \/>\nCom sua forma\u00e7\u00e3o em Direito e o privil\u00e9gio de ser a oradora da turma, Claudia Cataldi se prepara para enfrentar novos desafios e aprofundar sua compreens\u00e3o das complexidades legais. Seu compromisso com o jornalismo de qualidade e a defesa dos direitos fundamentais da sociedade permanece inabal\u00e1vel.<\/p>\n<p style=\"text-align: justify;\">\u00c0 medida que Claudia Cataldi escreve um novo cap\u00edtulo em sua vida profissional, todos n\u00f3s aguardamos com expectativa as hist\u00f3rias e reportagens que ela trar\u00e1, agora com uma vis\u00e3o jur\u00eddica aprimorada. Ela continuar\u00e1 a ser uma fonte inestim\u00e1vel de informa\u00e7\u00e3o e inspira\u00e7\u00e3o para todos n\u00f3s, lembrando-nos de que a busca pela verdade e pela justi\u00e7a \u00e9 uma responsabilidade que todos compartilhamos.<\/p>\n","protected":false},"excerpt":{"rendered":"<p>Por Joacles Costa Claudia Cataldi, uma das jornalistas mais respeitadas e reconhecidas do Brasil, com uma carreira de d\u00e9cadas dedicada ao jornalismo investigativo e \u00e0 cobertura de assuntos complexos, celebrou recentemente mais um marco em sua trajet\u00f3ria de sucesso. A profissional de renome, conhecida por seu compromisso inabal\u00e1vel com a verdade, concluiu com \u00eaxito seu [&hellip;]<\/p>\n","protected":false},"author":1,"featured_media":33385,"comment_status":"open","ping_status":"open","sticky":false,"template":"","format":"standard","meta":{"ngg_post_thumbnail":0,"footnotes":""},"categories":[2,155,41],"tags":[],"class_list":["post-33383","post","type-post","status-publish","format-standard","has-post-thumbnail","hentry","category-destaques","category-mercado-de-trabalho-2","category-ultimasnoticias"],"_links":{"self":[{"href":"https:\/\/somdepapo.com.br\/portal\/wp-json\/wp\/v2\/posts\/33383","targetHints":{"allow":["GET"]}}],"collection":[{"href":"https:\/\/somdepapo.com.br\/portal\/wp-json\/wp\/v2\/posts"}],"about":[{"href":"https:\/\/somdepapo.com.br\/portal\/wp-json\/wp\/v2\/types\/post"}],"author":[{"embeddable":true,"href":"https:\/\/somdepapo.com.br\/portal\/wp-json\/wp\/v2\/users\/1"}],"replies":[{"embeddable":true,"href":"https:\/\/somdepapo.com.br\/portal\/wp-json\/wp\/v2\/comments?post=33383"}],"version-history":[{"count":1,"href":"https:\/\/somdepapo.com.br\/portal\/wp-json\/wp\/v2\/posts\/33383\/revisions"}],"predecessor-version":[{"id":33386,"href":"https:\/\/somdepapo.com.br\/portal\/wp-json\/wp\/v2\/posts\/33383\/revisions\/33386"}],"wp:featuredmedia":[{"embeddable":true,"href":"https:\/\/somdepapo.com.br\/portal\/wp-json\/wp\/v2\/media\/33385"}],"wp:attachment":[{"href":"https:\/\/somdepapo.com.br\/portal\/wp-json\/wp\/v2\/media?parent=33383"}],"wp:term":[{"taxonomy":"category","embeddable":true,"href":"https:\/\/somdepapo.com.br\/portal\/wp-json\/wp\/v2\/categories?post=33383"},{"taxonomy":"post_tag","embeddable":true,"href":"https:\/\/somdepapo.com.br\/portal\/wp-json\/wp\/v2\/tags?post=33383"}],"curies":[{"name":"wp","href":"https:\/\/api.w.org\/{rel}","templated":true}]}}