{"id":33462,"date":"2023-10-02T12:43:27","date_gmt":"2023-10-02T15:43:27","guid":{"rendered":"https:\/\/somdepapo.com.br\/portal\/?p=33462"},"modified":"2023-10-02T12:43:27","modified_gmt":"2023-10-02T15:43:27","slug":"cuidados-basicos-com-a-pele-facial","status":"publish","type":"post","link":"https:\/\/somdepapo.com.br\/portal\/cuidados-basicos-com-a-pele-facial\/","title":{"rendered":"Cuidados B\u00e1sicos com a Pele Facial"},"content":{"rendered":"<p style=\"text-align: right;\">Por Grasielle Gar\u00e7\u00e3o&nbsp;<\/p>\n<p>&nbsp;<\/p>\n<p style=\"text-align: justify;\"><span style=\"font-weight: 400;\">Os cuidados b\u00e1sicos para a pele facial s\u00e3o essenciais para manter a pele saud\u00e1vel e radiante. Seguir uma rotina de cuidados com a pele consistente pode ajudar a prevenir problemas de pele, retardar o envelhecimento e melhorar a est\u00e9tica facial.<\/span><\/p>\n<p style=\"text-align: justify;\"><span style=\"font-weight: 400;\">Por isso, a import\u00e2ncia do entendimento sobre a relev\u00e2ncia dos cuidados di\u00e1rios com a pele e como essa a\u00e7\u00e3o proteger\u00e1 por mais tempo. Muitas pessoas compreenderam o valor desse h\u00e1bito e passaram a comprar cosm\u00e9ticos e outros produtos que tratam e protegem o rosto. \u00c9 o caso dos hidratantes faciais, sabonetes faciais, protetores solares e at\u00e9 de alguns suplementos desenvolvidos para esse objetivo (Bernardo; et al., 2019).<\/span><\/p>\n<p style=\"text-align: justify;\"><span style=\"font-weight: 400;\">Para cada biotipo de pele requer um cuidado espec\u00edfico para manter a pele saud\u00e1vel que combina limpeza, hidrata\u00e7\u00e3o, cosm\u00e9ticos, protetor solar, boa alimenta\u00e7\u00e3o e consumo de \u00e1gua. Em rela\u00e7\u00e3o aos produtos a serem utilizados, deve realizar a consulta com profissional especialista para repassar os indicados para cada caso (Rebello, 2019).<\/span><\/p>\n<p style=\"text-align: justify;\"><span style=\"font-weight: 400;\">A aus\u00eancia de cuidado al\u00e9m de causar o envelhecimento precoce, exp\u00f5e a outros riscos de sa\u00fade como o c\u00e2ncer de pele. Com isso, n\u00e3o se trata apenas de est\u00e9tica e autoestima, mas o fato de preven\u00e7\u00e3o de enfermidades pela falta de cuidados com a pele (Negreiros, 2022).<\/span><\/p>\n<p style=\"text-align: justify;\"><span style=\"font-weight: 400;\">Aqui est\u00e3o os passos b\u00e1sicos para o cuidado da pele facial:<\/span><\/p>\n<ol style=\"text-align: justify;\">\n<li style=\"font-weight: 400;\" aria-level=\"1\"><b>Limpeza:<\/b><span style=\"font-weight: 400;\"> Lave o rosto suavemente duas vezes ao dia, de manh\u00e3 e \u00e0 noite, usando um sabonete facial adequado ao seu tipo de pele. Evite o uso de sabonetes corporais, que s\u00e3o muito agressivos para a pele facial.<\/span><\/li>\n<li style=\"font-weight: 400;\" aria-level=\"1\"><b>Hidrata\u00e7\u00e3o:<\/b><span style=\"font-weight: 400;\"> Use um hidratante facial adequado ao seu tipo de pele. \u00c9 fundamental para manter a pele macia e saud\u00e1vel.<\/span><\/li>\n<li style=\"font-weight: 400;\" aria-level=\"1\"><b>Prote\u00e7\u00e3o Solar:<\/b><span style=\"font-weight: 400;\"> Aplique protetor solar de amplo espectro com FPS (Fator de Prote\u00e7\u00e3o Solar) a partir de 50 ou superior todas as manh\u00e3s, mesmo em dias nublados, reaplicando ao longo do seu dia.<\/span><\/li>\n<li style=\"font-weight: 400;\" aria-level=\"1\"><b>Remo\u00e7\u00e3o da Maquiagem:<\/b><span style=\"font-weight: 400;\"> Se voc\u00ea usa maquiagem, certifique-se de remover completamente a maquiagem antes de dormir. Use um removedor de maquiagem suave e siga com a limpeza facial.<\/span><\/li>\n<li style=\"font-weight: 400;\" aria-level=\"1\"><b>Cuidados Noturnos:<\/b><span style=\"font-weight: 400;\"> \u00c0 noite, considere o uso de produtos noturnos, como cremes hidratantes ou produtos de tratamento, dependendo das necessidades da sua pele.<\/span><\/li>\n<\/ol>\n<p style=\"text-align: justify;\"><span style=\"font-weight: 400;\">Voc\u00ea n\u00e3o ter\u00e1 uma pele saud\u00e1vel se n\u00e3o beber \u00e1gua, cuide da alimenta\u00e7\u00e3o. \u00c9 importante ter uma dieta balanceada e alimentos integrais com vitaminas e nutrientes essenciais para uma pele bonita e saud\u00e1vel. (Lima; et al., 2021).<\/span><\/p>\n<p style=\"text-align: justify;\"><span style=\"font-weight: 400;\">Adapte essa rotina de cuidados com a pele de acordo com o seu tipo de pele e necessidades espec\u00edficas. Al\u00e9m disso, lembre-se de que a consist\u00eancia \u00e9 fundamental; os resultados dos cuidados com a pele podem levar tempo para se tornarem vis\u00edveis.<\/span><\/p>\n<p style=\"text-align: justify;\">&nbsp;<\/p>\n<p style=\"text-align: justify;\"><span style=\"font-weight: 400;\">REFER\u00caNCIAS:<\/span><\/p>\n<p style=\"text-align: justify;\"><span style=\"font-weight: 400;\">Bernardo, A. F. C., Santos, K. D., &amp; Silva, D. P. D. (2019). Pele: altera\u00e7\u00f5es anat\u00f4micas e fisiol\u00f3gicas do nascimento \u00e0 maturidade. Revista Sa\u00fade em foco, 1(11), 1221-33.<\/span><\/p>\n<p style=\"text-align: justify;\"><span style=\"font-weight: 400;\">Rebello, T. (2019). Guia de produtos cosm\u00e9ticos. Editora Senac S\u00e3o Paulo.<\/span><\/p>\n<p style=\"text-align: justify;\"><span style=\"font-weight: 400;\">Negreiros, K. O. A. (2022). Exposi\u00e7\u00e3o ao sol e envelhecimento cut\u00e2neo. (Doctoral dissertation, Universidade Igua\u00e7u).<\/span><\/p>\n<p style=\"text-align: justify;\"><span style=\"font-weight: 400;\">Lima, M. M., de Lima, M. R. R., de Souza, H. A., &amp; Calcagnotto, L. S. (2021). Import\u00e2ncia dos cuidados com a pele. Mostra de Inova\u00e7\u00e3o e Tecnologia S\u00e3o<\/span><\/p>\n<p style=\"text-align: justify;\"><span style=\"font-weight: 400;\">Lucas (2763-5953), 1(2).<\/span><\/p>\n<p style=\"text-align: justify;\">&nbsp;<\/p>\n<p style=\"text-align: justify;\"><span style=\"font-weight: 400;\">FOTO:<\/span><\/p>\n<p style=\"text-align: justify;\"><a href=\"https:\/\/br.pinterest.com\/pin\/377035800068090339\/\"><span style=\"font-weight: 400;\">https:\/\/br.pinterest.com\/pin\/377035800068090339\/<\/span><\/a><\/p>\n<p style=\"text-align: justify;\">&nbsp;<\/p>\n","protected":false},"excerpt":{"rendered":"<p>Por Grasielle Gar\u00e7\u00e3o&nbsp; &nbsp; Os cuidados b\u00e1sicos para a pele facial s\u00e3o essenciais para manter a pele saud\u00e1vel e radiante. Seguir uma rotina de cuidados com a pele consistente pode ajudar a prevenir problemas de pele, retardar o envelhecimento e melhorar a est\u00e9tica facial. Por isso, a import\u00e2ncia do entendimento sobre a relev\u00e2ncia dos cuidados [&hellip;]<\/p>\n","protected":false},"author":1,"featured_media":33463,"comment_status":"open","ping_status":"open","sticky":false,"template":"","format":"standard","meta":{"ngg_post_thumbnail":0,"footnotes":""},"categories":[2,32,41],"tags":[],"class_list":["post-33462","post","type-post","status-publish","format-standard","has-post-thumbnail","hentry","category-destaques","category-estetica","category-ultimasnoticias"],"_links":{"self":[{"href":"https:\/\/somdepapo.com.br\/portal\/wp-json\/wp\/v2\/posts\/33462","targetHints":{"allow":["GET"]}}],"collection":[{"href":"https:\/\/somdepapo.com.br\/portal\/wp-json\/wp\/v2\/posts"}],"about":[{"href":"https:\/\/somdepapo.com.br\/portal\/wp-json\/wp\/v2\/types\/post"}],"author":[{"embeddable":true,"href":"https:\/\/somdepapo.com.br\/portal\/wp-json\/wp\/v2\/users\/1"}],"replies":[{"embeddable":true,"href":"https:\/\/somdepapo.com.br\/portal\/wp-json\/wp\/v2\/comments?post=33462"}],"version-history":[{"count":1,"href":"https:\/\/somdepapo.com.br\/portal\/wp-json\/wp\/v2\/posts\/33462\/revisions"}],"predecessor-version":[{"id":33464,"href":"https:\/\/somdepapo.com.br\/portal\/wp-json\/wp\/v2\/posts\/33462\/revisions\/33464"}],"wp:featuredmedia":[{"embeddable":true,"href":"https:\/\/somdepapo.com.br\/portal\/wp-json\/wp\/v2\/media\/33463"}],"wp:attachment":[{"href":"https:\/\/somdepapo.com.br\/portal\/wp-json\/wp\/v2\/media?parent=33462"}],"wp:term":[{"taxonomy":"category","embeddable":true,"href":"https:\/\/somdepapo.com.br\/portal\/wp-json\/wp\/v2\/categories?post=33462"},{"taxonomy":"post_tag","embeddable":true,"href":"https:\/\/somdepapo.com.br\/portal\/wp-json\/wp\/v2\/tags?post=33462"}],"curies":[{"name":"wp","href":"https:\/\/api.w.org\/{rel}","templated":true}]}}