{"id":33611,"date":"2023-10-14T18:16:51","date_gmt":"2023-10-14T21:16:51","guid":{"rendered":"https:\/\/somdepapo.com.br\/portal\/?p=33611"},"modified":"2023-10-14T18:16:51","modified_gmt":"2023-10-14T21:16:51","slug":"voce-esta-preparado-pro-mercado-de-trabalho","status":"publish","type":"post","link":"https:\/\/somdepapo.com.br\/portal\/voce-esta-preparado-pro-mercado-de-trabalho\/","title":{"rendered":"Voc\u00ea est\u00e1 preparado pro mercado de trabalho?"},"content":{"rendered":"<p style=\"text-align: right;\">Por Andr\u00e9a Alvarenga<br \/>\nInstagram: @andreaalvarenga.rh<br \/>\nWhats: (73)98154-5540<\/p>\n<p style=\"text-align: justify;\">Se surgisse hoje uma oportunidade profissional, seja um novo emprego ou uma promo\u00e7\u00e3o, voc\u00ea se consideraria preparado (a)? Antes de ler esse artigo, fa\u00e7a uma autoavalia\u00e7\u00e3o sobre como anda o engajamento em si mesmo.<br \/>\nSe voc\u00ea respondeu que sim, que est\u00e1 preparado para o mercado de trabalho, parab\u00e9ns, voc\u00ea faz parte dos 5% que fazem a diferen\u00e7a no mundo. Pessoas que se dedicam a fazer tudo com muita qualidade e dedica\u00e7\u00e3o. Mas se voc\u00ea ficou na d\u00favida ou percebeu que n\u00e3o est\u00e1 preparado (a), isso n\u00e3o \u00e9 bom, ent\u00e3o comece agora mesmo a se preparar, porque &#8220;o tempo urge e a Sapuca\u00ed \u00e9 grande&#8221;. Seu tempo \u00e9 valioso e o das empresas tamb\u00e9m. E quando menos se espera, a oportunidade surge, e voc\u00ea precisa estar preparado (a). A empresa pode n\u00e3o querer esperar.<br \/>\nCom base em 24 anos atuando com RH e atendendo \u00e0s mais variadas culturas organizacionais em processos seletivos e desenvolvimento humano, al\u00e9m de muitos estudos na \u00e1rea, ficou evidente certas atitudes muito apreciadas nos candidatos, pelas empresas contratantes. Ent\u00e3o selecionei algumas dicas b\u00e1sicas, por\u00e9m eficazes, que dar\u00e3o um norte para contribuir em sua inser\u00e7\u00e3o no mercado e at\u00e9 em poss\u00edveis promo\u00e7\u00f5es.<br \/>\nVamos l\u00e1?!<br \/>\n\uf0fc Estude! Finalize seu ensino m\u00e9dio e embarque em cursos t\u00e9cnicos, tecn\u00f3logos ou curse uma universidade. Hoje voc\u00ea tem op\u00e7\u00f5es variadas em pre\u00e7os, modalidades e quantidades de cursos de forma\u00e7\u00e3o. Porque se est\u00e1 dif\u00edcil para quem tem faculdade e especializa\u00e7\u00f5es, imagina para quem n\u00e3o demonstra for\u00e7a de vontade para terminar o b\u00e1sico, que \u00e9 o ensino m\u00e9dio. Amplie seus horizontes, abra sua mente, quanto mais voc\u00ea estuda, mais voc\u00ea sabe. A frase \u201cConhecimento \u00e9 Poder\u201d, n\u00e3o foi dita aleatoriamente.<br \/>\n\uf0fc Aperfei\u00e7oe suas habilidades t\u00e9cnicas e comportamentais. Algumas empresas normalmente contratam pela t\u00e9cnica e demitem pelo comportamento. Fa\u00e7a a diferen\u00e7a! Atuar tecnicamente com excel\u00eancia e ainda ser admirado (a) pela performance com pessoas, te eleva a outro n\u00edvel de reconhecimento. Cito alguns exemplos de treinamentos que favorecem sua performance profissional: Rela\u00e7\u00f5es Interpessoais e Trabalho em Equipe, Gest\u00e3o de Pessoas\/Lideran\u00e7a, Marketing Profissional (postura e apresenta\u00e7\u00e3o pessoal), Intelig\u00eancia Emocional, Orat\u00f3ria etc. Al\u00e9m de atualizar-se na l\u00edngua portuguesa e c\u00e1lculos matem\u00e1ticos. Aperfei\u00e7oar a t\u00e9cnica \u00e9 importante tamb\u00e9m. Fa\u00e7a cursos t\u00e9cnicos diversificados na sua \u00e1rea de atua\u00e7\u00e3o ou de \u00e1reas que tenha interesse em atuar, afinal, ser polivalente significa um salto na sua valoriza\u00e7\u00e3o. Se j\u00e1 fez faculdade, especialize-se; a teoria na faculdade \u00e9 generalista, e a especializa\u00e7\u00e3o lhe confere conhecimentos espec\u00edficos mais aprofundados. E a pr\u00e1tica? Ah, essa vai te levar ao c\u00e9u. E para praticar, voc\u00ea tem que saber fazer.<br \/>\n\uf0fc Seja uma pessoa colaborativa, gentil e emp\u00e1tica. Primeiro porque ser legal deveria ser natural no ser humano, e segundo, j\u00e1 ouviu falar da Lei do Retorno? Voc\u00ea nunca sabe quando no giro do mundo, pode precisar daquela pessoa com a qual n\u00e3o foi legal ou com algu\u00e9m que presenciou suas atitudes. Essa postura como rotina, lhe trar\u00e1 reconhecimento.<br \/>\n\uf0fc Atualize constantemente seu curr\u00edculo, mesmo que esteja trabalhando. Evite Lan House para elaborar seu curr\u00edculo, para n\u00e3o ser mais um no meio da multid\u00e3o, que pagou para ter este mesmo modelo. Existem muitos modelos dispon\u00edveis para voc\u00ea mesmo preencher. \u201cAh, mas eu n\u00e3o sei mexer&#8230;\u201d, Aprende! Voc\u00ea n\u00e3o \u00e9 quadrado, e isso diz muito sobre voc\u00ea! Isso lhe personaliza. Existem modelos diversos no Word, no CANVA, na internet que permite baixar gratuitamente modelos de curr\u00edculos.<br \/>\n\uf0fc Cuide sempre de sua apar\u00eancia. Tenha roupas adequadas para um processo seletivo. Use de bom senso na hora de se vestir, cal\u00e7ar, usar acess\u00f3rios, penteados, e at\u00e9 se perfumar. Seja coerente com a empresa que est\u00e1 oferecendo os servi\u00e7os. Vista-se de forma que impressione positivamente. A higiene e a apresenta\u00e7\u00e3o pessoal s\u00e3o fundamentais em seu marketing.<br \/>\n\uf0fc Conhe\u00e7a as empresas de seu interesse. Leia tudo o que puder sobre elas. E v\u00e1 afiado (a) para responder qualquer coisa sobre esta empresa.<br \/>\n\uf0fc Saiba usar a Tecnologia a seu favor. Desenvolva bem o pacote office, isso \u00e9 b\u00e1sico, especialmente Excel; leia e entenda sobre sistemas, conhe\u00e7a aplicativos diversos que otimizem tempo e melhore resultados. Leia, estude. Voc\u00ea ficar\u00e1 para tr\u00e1s se n\u00e3o souber do que se trata.<br \/>\n\uf0fc Atualize-se. Leia jornais, revistas, veja informativos diversos. Saiba o que est\u00e1 acontecendo na sua regi\u00e3o, no Brasil e no mundo. \u00c9 importante mostrar que n\u00e3o est\u00e1 alienado (a). Que est\u00e1 por dentro de fatos atuais.<br \/>\n\uf0fc Fa\u00e7a networking, conhe\u00e7a pessoas em seus diversos contextos de vida: social, familiar, profissional. Converse, se mostre interessante e esteja interessado (a) pelas ideias e realiza\u00e7\u00f5es de todos. Elogie sinceramente, sorria e seja feliz. Pessoas gostam de gente alto astral e positiva por perto. Faz voc\u00ea se sentir bem e atrair coisas boas, como lembrarem de voc\u00ea na hora de uma indica\u00e7\u00e3o profissional.<br \/>\n\uf0fc Conhe\u00e7a-se bem. Saiba o que gosta, o que precisa, saiba dizer n\u00e3o, entenda suas limita\u00e7\u00f5es e busque melhor\u00e1-las a cada dia, resguarde sua sa\u00fade mental, divirta-se.<\/p>\n<p style=\"text-align: justify;\">Voc\u00ea \u00e9 seu melhor cart\u00e3o de visita, e uma primeira boa impress\u00e3o lhe trar\u00e1 excelentes resultados. Manter essa impress\u00e3o positiva \u00e9 fator primordial para seu crescimento profissional. E tudo \u00e9 quest\u00e3o de atitude.<br \/>\nEssas dicas ser\u00e3o apenas dicas, a n\u00e3o ser que voc\u00ea resolva test\u00e1-las&#8230; da\u00ed voc\u00ea corre o risco de tomar uma atitude positiva que pode mudar sua vida, e te fazer alcan\u00e7ar objetivos profissionais, tornando-se um Grande Sucesso.<\/p>\n<p style=\"text-align: justify;\">N\u00e3o deixe de ler o artigo da pr\u00f3xima semana. Voc\u00ea ter\u00e1 dicas incr\u00edveis de Marketing Pessoal com foco em entrevista de emprego: do Curr\u00edculo \u00e0 Entrevista.<\/p>\n<p style=\"text-align: justify;\">Refer\u00eancias:<br \/>\nhttp:\/\/palestradesucesso.com.br<br \/>\nhttp:\/\/administradores.com.br<br \/>\nhttp:\/\/culturaegest\u00e3o.com.br<\/p>\n","protected":false},"excerpt":{"rendered":"<p>Por Andr\u00e9a Alvarenga Instagram: @andreaalvarenga.rh Whats: (73)98154-5540 Se surgisse hoje uma oportunidade profissional, seja um novo emprego ou uma promo\u00e7\u00e3o, voc\u00ea se consideraria preparado (a)? Antes de ler esse artigo, fa\u00e7a uma autoavalia\u00e7\u00e3o sobre como anda o engajamento em si mesmo. Se voc\u00ea respondeu que sim, que est\u00e1 preparado para o mercado de trabalho, parab\u00e9ns, [&hellip;]<\/p>\n","protected":false},"author":1,"featured_media":33612,"comment_status":"open","ping_status":"open","sticky":false,"template":"","format":"standard","meta":{"ngg_post_thumbnail":0,"footnotes":""},"categories":[2,155,41],"tags":[],"class_list":["post-33611","post","type-post","status-publish","format-standard","has-post-thumbnail","hentry","category-destaques","category-mercado-de-trabalho-2","category-ultimasnoticias"],"_links":{"self":[{"href":"https:\/\/somdepapo.com.br\/portal\/wp-json\/wp\/v2\/posts\/33611","targetHints":{"allow":["GET"]}}],"collection":[{"href":"https:\/\/somdepapo.com.br\/portal\/wp-json\/wp\/v2\/posts"}],"about":[{"href":"https:\/\/somdepapo.com.br\/portal\/wp-json\/wp\/v2\/types\/post"}],"author":[{"embeddable":true,"href":"https:\/\/somdepapo.com.br\/portal\/wp-json\/wp\/v2\/users\/1"}],"replies":[{"embeddable":true,"href":"https:\/\/somdepapo.com.br\/portal\/wp-json\/wp\/v2\/comments?post=33611"}],"version-history":[{"count":1,"href":"https:\/\/somdepapo.com.br\/portal\/wp-json\/wp\/v2\/posts\/33611\/revisions"}],"predecessor-version":[{"id":33613,"href":"https:\/\/somdepapo.com.br\/portal\/wp-json\/wp\/v2\/posts\/33611\/revisions\/33613"}],"wp:featuredmedia":[{"embeddable":true,"href":"https:\/\/somdepapo.com.br\/portal\/wp-json\/wp\/v2\/media\/33612"}],"wp:attachment":[{"href":"https:\/\/somdepapo.com.br\/portal\/wp-json\/wp\/v2\/media?parent=33611"}],"wp:term":[{"taxonomy":"category","embeddable":true,"href":"https:\/\/somdepapo.com.br\/portal\/wp-json\/wp\/v2\/categories?post=33611"},{"taxonomy":"post_tag","embeddable":true,"href":"https:\/\/somdepapo.com.br\/portal\/wp-json\/wp\/v2\/tags?post=33611"}],"curies":[{"name":"wp","href":"https:\/\/api.w.org\/{rel}","templated":true}]}}