{"id":33614,"date":"2023-10-15T09:24:55","date_gmt":"2023-10-15T12:24:55","guid":{"rendered":"https:\/\/somdepapo.com.br\/portal\/?p=33614"},"modified":"2023-10-15T09:24:55","modified_gmt":"2023-10-15T12:24:55","slug":"estetica-masculina","status":"publish","type":"post","link":"https:\/\/somdepapo.com.br\/portal\/estetica-masculina\/","title":{"rendered":"Est\u00e9tica Masculina"},"content":{"rendered":"<p style=\"text-align: right;\">Por Grasielle Gar\u00e7\u00e3o&nbsp;<\/p>\n<p style=\"text-align: justify;\">A procura por procedimentos est\u00e9ticos entre o p\u00fablico masculino tem crescido nas \u00faltimas d\u00e9cadas. Tradicionalmente, os procedimentos est\u00e9ticos eram mais associados \u00e0s mulheres, mas os homens est\u00e3o cada vez mais interessados em cuidados com a apar\u00eancia e bem-estar.<\/p>\n<p style=\"text-align: justify;\">Hoje a procura de tratamentos est\u00e9ticos para homens vem crescendo rapidamente. A pr\u00f3pria sociedade est\u00e1 solicitando que os homens sejam mais vaidosos para atender as exig\u00eancias profissionais e sociais. Pesquisas foram realizadas e apresentaram um aumento de 76% do p\u00fablico masculino em melhorar sua apar\u00eancia e comprovaram que hoje a procura pela medicina est\u00e9tica, em clinicas, mostra que quase um ter\u00e7o dos clientes do Brasil s\u00e3o homens (OLIVEIRA et al.,2014).<\/p>\n<p style=\"text-align: justify;\">Nas gera\u00e7\u00f5es passadas, os homens s\u00f3 utilizavam cremes de barbear, lo\u00e7\u00f5es p\u00f3s barba e gel para cabelo e hoje j\u00e1 buscam hidratantes, tinturas, col\u00f4nias e produtos anti-idade. Os filhos, observando os pais de hoje, utilizando tais produtos, est\u00e3o receptivos a se cuidarem com tratamentos est\u00e9ticos no futuro (OLIVEIRA et al.,2014).<\/p>\n<p style=\"text-align: justify;\">Os seguimentos de cosm\u00e9ticos para homens nos \u00faltimos anos t\u00eam superado o das mulheres. Estudos sugerem que homens com melhor apar\u00eancia ter\u00e1 mais chances de sucesso no mercado de trabalho e nos relacionamentos amorosos. Percebe-se que o homem est\u00e1 se preocupando mais com seu bem estar f\u00edsico e mental e n\u00e3o apenas com seu trabalho e compromissos di\u00e1rios deixando de ser antiquado e passa a ser mais moderno e mais sens\u00edvel (PEREIRA, 2008).<\/p>\n<p style=\"text-align: justify;\">Importante ressaltar de os tratamentos est\u00e9ticos pelos homens n\u00e3o influencia sua masculinidade, mas pode oferecer benef\u00edcios para sa\u00fade e bem estar e \u00e9 um segmento inovador e promissor frente ao novo comportamento do homem com rela\u00e7\u00e3o ao uso de produtos.<\/p>\n<p style=\"text-align: justify;\">No mundo atual a procura dos homens por produtos e tratamentos de beleza ainda est\u00e1 caminhando para um grande salto no mercado. Precisa ser conscientizando que o p\u00fablico masculino cuide de seu rosto, seu corpo e tamb\u00e9m cuide da sua sa\u00fade e bem estar. Uma alimenta\u00e7\u00e3o saud\u00e1vel, uma atividade f\u00edsica, produtos e tratamentos est\u00e9ticos fazem a diferen\u00e7a na sa\u00fade do corpo e da alma pois a sociedade exige que a apar\u00eancia seja saud\u00e1vel em qualquer circunst\u00e2ncia. Os profissionais hoje est\u00e3o se capacitando com mais \u00eanfase e preocupa\u00e7\u00e3o para conseguirem atingir os objetivos esperados pelos clientes que s\u00e3o exigentes.<\/p>\n<p>REFER\u00caNCIAS<\/p>\n<p style=\"text-align: justify;\">OLIVEIRA, Andrea Louren\u00e7o et al. Curso Did\u00e1tico de Est\u00e9tica. 2\u00ba ed. S\u00e3o Caetano do Sul, SP: Yendis, 2014.<\/p>\n<p style=\"text-align: justify;\">PEREIRA, Patr\u00edcia Guimar\u00e3es, et al. Vaidade Masculina:novo segmento de mercado para<\/p>\n<p style=\"text-align: justify;\">os profissionais da est\u00e9tica [MONOGRAFIA]. Revista Eletr\u00f4nica Univale,2008.<\/p>\n<p>FOTO:<\/p>\n<p style=\"text-align: justify;\"><iframe title=\"Sophia Noelle\" src=\"https:\/\/assets.pinterest.com\/ext\/embed.html?id=337770040817883813&#038;src=oembed\" height=\"775\" width=\"450\" frameborder=\"0\" scrolling=\"no\" ><\/iframe><\/p>\n<p>&nbsp;<\/p>\n<p>&nbsp;<\/p>\n<p>&nbsp;<\/p>\n<p>&nbsp;<\/p>\n<p>&nbsp;<\/p>\n<p>&nbsp;<\/p>\n<p>&nbsp;<\/p>\n<p>&nbsp;<\/p>\n<p>&nbsp;<\/p>\n<p>&nbsp;<\/p>\n<p>&nbsp;<\/p>\n<p>&nbsp;<\/p>\n<p>&nbsp;<\/p>\n<p>&nbsp;<\/p>\n","protected":false},"excerpt":{"rendered":"<p>Por Grasielle Gar\u00e7\u00e3o&nbsp; A procura por procedimentos est\u00e9ticos entre o p\u00fablico masculino tem crescido nas \u00faltimas d\u00e9cadas. Tradicionalmente, os procedimentos est\u00e9ticos eram mais associados \u00e0s mulheres, mas os homens est\u00e3o cada vez mais interessados em cuidados com a apar\u00eancia e bem-estar. Hoje a procura de tratamentos est\u00e9ticos para homens vem crescendo rapidamente. A pr\u00f3pria sociedade [&hellip;]<\/p>\n","protected":false},"author":1,"featured_media":33615,"comment_status":"open","ping_status":"open","sticky":false,"template":"","format":"standard","meta":{"ngg_post_thumbnail":0,"footnotes":""},"categories":[2,32,41],"tags":[],"class_list":["post-33614","post","type-post","status-publish","format-standard","has-post-thumbnail","hentry","category-destaques","category-estetica","category-ultimasnoticias"],"_links":{"self":[{"href":"https:\/\/somdepapo.com.br\/portal\/wp-json\/wp\/v2\/posts\/33614","targetHints":{"allow":["GET"]}}],"collection":[{"href":"https:\/\/somdepapo.com.br\/portal\/wp-json\/wp\/v2\/posts"}],"about":[{"href":"https:\/\/somdepapo.com.br\/portal\/wp-json\/wp\/v2\/types\/post"}],"author":[{"embeddable":true,"href":"https:\/\/somdepapo.com.br\/portal\/wp-json\/wp\/v2\/users\/1"}],"replies":[{"embeddable":true,"href":"https:\/\/somdepapo.com.br\/portal\/wp-json\/wp\/v2\/comments?post=33614"}],"version-history":[{"count":1,"href":"https:\/\/somdepapo.com.br\/portal\/wp-json\/wp\/v2\/posts\/33614\/revisions"}],"predecessor-version":[{"id":33616,"href":"https:\/\/somdepapo.com.br\/portal\/wp-json\/wp\/v2\/posts\/33614\/revisions\/33616"}],"wp:featuredmedia":[{"embeddable":true,"href":"https:\/\/somdepapo.com.br\/portal\/wp-json\/wp\/v2\/media\/33615"}],"wp:attachment":[{"href":"https:\/\/somdepapo.com.br\/portal\/wp-json\/wp\/v2\/media?parent=33614"}],"wp:term":[{"taxonomy":"category","embeddable":true,"href":"https:\/\/somdepapo.com.br\/portal\/wp-json\/wp\/v2\/categories?post=33614"},{"taxonomy":"post_tag","embeddable":true,"href":"https:\/\/somdepapo.com.br\/portal\/wp-json\/wp\/v2\/tags?post=33614"}],"curies":[{"name":"wp","href":"https:\/\/api.w.org\/{rel}","templated":true}]}}