{"id":33617,"date":"2023-10-15T09:43:52","date_gmt":"2023-10-15T12:43:52","guid":{"rendered":"https:\/\/somdepapo.com.br\/portal\/?p=33617"},"modified":"2023-10-15T09:43:52","modified_gmt":"2023-10-15T12:43:52","slug":"eletro-solidario-rumo-a-reciclagem-de-residuos-eletronicos","status":"publish","type":"post","link":"https:\/\/somdepapo.com.br\/portal\/eletro-solidario-rumo-a-reciclagem-de-residuos-eletronicos\/","title":{"rendered":"Eletro Solid\u00e1rio: rumo \u00e0 Reciclagem de res\u00edduos eletr\u00f4nicos"},"content":{"rendered":"<p style=\"text-align: right;\">Por Joacles Costa<\/p>\n<p style=\"text-align: justify;\">Parceria inovadora entre APAEs, Ind\u00fastria Fox e ABREE visa arrecadar 10 mil toneladas de res\u00edduos eletr\u00f4nicos, alinhando-se com a crescente import\u00e2ncia da reciclagem e do ESG<\/p>\n<p style=\"text-align: justify;\">\u00c0s v\u00e9speras do Dia Internacional do Lixo Eletr\u00f4nico, o Projeto Eletro Solid\u00e1rio surge como uma not\u00e1vel iniciativa de colabora\u00e7\u00e3o entre a Federa\u00e7\u00e3o das APAEs do Estado de S\u00e3o Paulo, a Ind\u00fastria Fox &#8211; empresa brasileira de renome em sustentabilidade e tecnologia &#8211; e a Associa\u00e7\u00e3o Brasileira de Reciclagem de Eletroeletr\u00f4nicos e Eletrodom\u00e9sticos (ABREE). Com a meta ambiciosa de arrecadar 10 mil toneladas de lixo eletr\u00f4nico, essa quantidade equivalente a 10 vezes o peso do Cristo Redentor ser\u00e1 reciclada, contribuindo para um futuro mais sustent\u00e1vel e apoiando as APAEs que aderirem ao projeto.<\/p>\n<p style=\"text-align: justify;\">O Projeto Eletro Solid\u00e1rio representa um marco in\u00e9dito no Brasil, antecipando as a\u00e7\u00f5es voltadas para o Dia Internacional do Lixo Eletr\u00f4nico, celebrado em 14 de outubro. Anualmente, mais de 40 pa\u00edses promovem programas de conscientiza\u00e7\u00e3o sobre a import\u00e2ncia do descarte correto de res\u00edduos eletr\u00f4nicos, e esta iniciativa pioneira busca liderar essa causa em terras brasileiras. O evento de lan\u00e7amento do Eletro Solid\u00e1rio ocorreu nas instala\u00e7\u00f5es da Ind\u00fastria Fox, localizada em Cabre\u00fava, no interior de S\u00e3o Paulo. Na sequ\u00eancia, caixas coletoras devidamente identificadas foram enviadas para as APAEs em todo o estado, permitindo que pessoas e empresas doem e descartem voluntariamente eletroeletr\u00f4nicos, mesmo que estejam fora de uso, quebrados, ou obsoletos. A Ind\u00fastria Fox se compromete a realizar a instala\u00e7\u00e3o das caixas coletoras e o recolhimento dos res\u00edduos de forma gratuita.<\/p>\n<p style=\"text-align: justify;\">Os produtos eletr\u00f4nicos descartados ser\u00e3o submetidos a um processo espec\u00edfico de reciclagem, transformando-se em insumos produtivos que retornar\u00e3o para a ind\u00fastria brasileira, impulsionando a economia circular. O valor arrecadado com as doa\u00e7\u00f5es ser\u00e1 repassado \u00e0s APAEs participantes, fortalecendo seu papel fundamental na sociedade. Marcelo Souza, CEO da Ind\u00fastria Fox, enfatiza que o projeto visa gerar visibilidade e impacto, abrangendo quest\u00f5es de desenvolvimento sustent\u00e1vel, inclus\u00e3o social, sustentabilidade, consumo consciente, uso respons\u00e1vel de recursos naturais e prote\u00e7\u00e3o clim\u00e1tica. Ele afirma: &#8220;Precisamos elevar as metas dos projetos ESG no Brasil, e para isso, precisamos unir esfor\u00e7os e levar essa ideia al\u00e9m das aproximadamente cem mil pessoas atendidas pelas APAEs do Estado de S\u00e3o Paulo&#8221;. De acordo com o The Global E-Waste Statistics Partnership, o Brasil gera anualmente 10,2 quilos de lixo eletr\u00f4nico por pessoa, uma tend\u00eancia que crescer\u00e1 nos pr\u00f3ximos anos devido ao avan\u00e7o tecnol\u00f3gico cont\u00ednuo em diversas \u00e1reas.<\/p>\n<p style=\"text-align: justify;\">Este projeto \u00e9 fundamentado no engajamento da sociedade civil na cultura socioambiental e na import\u00e2ncia da circularidade de materiais de fonte secund\u00e1ria, cumprindo a Lei 12.305\/2010, que beneficia a economia, gera empregos e contribui para o aprimoramento dos servi\u00e7os oferecidos pelas APAEs \u00e0s pessoas com defici\u00eancia intelectual e\/ou m\u00faltipla, e Transtorno do Espectro Autista (TEA). A Federa\u00e7\u00e3o das APAEs do Estado de S\u00e3o Paulo, sediada em Franca, atua h\u00e1 30 anos prestando servi\u00e7os de excel\u00eancia a 308 APAEs em todo o estado, impactando mais de 70 mil pessoas em 645 munic\u00edpios. Seu comprometimento foi reconhecido pelo CEBAS, Selo A Doar e elei\u00e7\u00e3o como uma das 100 melhores ONGs do pa\u00eds. A ABREE &#8211; Associa\u00e7\u00e3o Brasileira de Reciclagem de Eletr\u00f4nicos e Eletrodom\u00e9sticos, tamb\u00e9m parceira do projeto, destaca a import\u00e2ncia da a\u00e7\u00e3o ambiental de recebimento de res\u00edduos, que beneficia tanto as APAEs quanto o meio ambiente, atrav\u00e9s de processos de log\u00edstica reversa. O Projeto Eletro Solid\u00e1rio busca construir um mundo mais inclusivo e sustent\u00e1vel, e diante dos n\u00fameros alarmantes de lixo eletr\u00f4nico mal descartado na Am\u00e9rica Latina, essa iniciativa \u00e9 mais relevante do que nunca. Apenas 3% do lixo eletr\u00f4nico na regi\u00e3o \u00e9 descartado corretamente, enquanto o restante, 97%, permanece sem monitoramento, perdendo materiais valiosos que poderiam ser recuperados.<\/p>\n<p style=\"text-align: justify;\">No Brasil, o crescimento na coleta de res\u00edduos eletr\u00f4nicos desde a vig\u00eancia do decreto 10.240\/2020 \u00e9 not\u00e1vel. Em 2019, foram coletadas 16 toneladas, um n\u00famero que saltou para 105 toneladas em 2020 e 1,2 mil toneladas em 2021. A meta estabelecida \u00e9 reciclar 1% do que foi vendido em 2020, aumentando para 3% em 2022, 6% em 2023, 12% em 2024 e 17% em 2025. Alinhado com essas iniciativas, o Minist\u00e9rio do Meio Ambiente estabeleceu o Decreto 10.936\/22, criando o Programa Nacional de Log\u00edstica Reversa, que visa expandir a rede de pontos de descarte no Brasil at\u00e9 2025. O lixo eletr\u00f4nico \u00e9 um problema global, e o Brasil, como o quinto maior produtor desse res\u00edduo no mundo, est\u00e1 desempenhando um papel fundamental na busca por solu\u00e7\u00f5es sustent\u00e1veis. A Ind\u00fastria Fox, fundada em 2009, se destaca como pioneira na reciclagem com base na capta\u00e7\u00e3o de gases no Brasil, sendo a primeira f\u00e1brica de produ\u00e7\u00e3o reversa de refrigeradores na Am\u00e9rica do Sul.<\/p>\n<p style=\"text-align: justify;\">A empresa se destaca por unir os tr\u00eas pilares de reciclagem, remanufatura e efici\u00eancia energ\u00e9tica, alinhados com as novas tecnologias e o desenvolvimento da economia circular e ind\u00fastria 4.0. Com um compromisso s\u00f3lido com a efici\u00eancia energ\u00e9tica e o reaproveitamento de produtos, a Ind\u00fastria Fox est\u00e1 na vanguarda da transforma\u00e7\u00e3o sustent\u00e1vel no Brasil. Com a parceria do Projeto Eletro Solid\u00e1rio, a empresa amplia ainda mais seu compromisso social, contribuindo para a redu\u00e7\u00e3o dos impactos ambientais causados pelo lixo eletr\u00f4nico e promovendo o desenvolvimento humano por meio da inclus\u00e3o social, sustentabilidade, consumo consciente e muito mais.<\/p>\n<p style=\"text-align: justify;\">Lucas Almeida, gerente geral da FEAPAES-SP, destaca a import\u00e2ncia dessa parceria, que n\u00e3o apenas melhora os servi\u00e7os prestados pelas APAEs, mas tamb\u00e9m fortalece a conex\u00e3o entre empresas e pessoas que desejam se envolver em a\u00e7\u00f5es sociais e ambientais. Almeida ressalta que essa iniciativa vai al\u00e9m do aspecto social, contribuindo tamb\u00e9m para a preserva\u00e7\u00e3o do meio ambiente, algo que est\u00e1 profundamente enraizado na miss\u00e3o das APAEs.<\/p>\n<p style=\"text-align: justify;\">Helen Brito, Gerente de Rela\u00e7\u00f5es Institucionais da ABREE, tamb\u00e9m expressa seu entusiasmo em fazer parte dessa parceria. Ela destaca o impacto duplo da a\u00e7\u00e3o ambiental, que beneficia tanto as APAEs quanto o meio ambiente, atrav\u00e9s de processos de log\u00edstica reversa j\u00e1 implementados pela ABREE. Este projeto tem como miss\u00e3o n\u00e3o apenas arrecadar toneladas de lixo eletr\u00f4nico, mas tamb\u00e9m envolver a sociedade na constru\u00e7\u00e3o de um mundo mais inclusivo e sustent\u00e1vel. No contexto de uma Am\u00e9rica Latina que enfrenta desafios significativos na gest\u00e3o do lixo eletr\u00f4nico e diante da crescente conscientiza\u00e7\u00e3o global sobre a import\u00e2ncia do ESG (Environmental, Social, and Governance), o Projeto Eletro Solid\u00e1rio se destaca como uma iniciativa crucial. Diante do crescimento cont\u00ednuo da produ\u00e7\u00e3o de lixo eletr\u00f4nico no Brasil e no mundo, esse projeto se torna ainda mais relevante. O Brasil descarta anualmente 2 milh\u00f5es de toneladas desse tipo de res\u00edduo, com menos de 3% sendo reaproveitados.<\/p>\n<p style=\"text-align: justify;\">O pa\u00eds ocupa o quinto lugar no ranking de maiores produtores de lixo eletr\u00f4nico no mundo, atr\u00e1s da China, Estados Unidos, \u00cdndia e Jap\u00e3o.<\/p>\n<p style=\"text-align: justify;\">Esse cen\u00e1rio coloca um foco cr\u00edtico na necessidade de a\u00e7\u00f5es como o Projeto Eletro Solid\u00e1rio, que visa enfrentar os desafios ambientais e sociais causados pelo crescente ac\u00famulo de res\u00edduos eletr\u00f4nicos. A iniciativa promove a circularidade de materiais, gera empregos, beneficia a economia, contribui para a inclus\u00e3o social e, o mais importante, desempenha um papel vital na prote\u00e7\u00e3o do meio ambiente. O Brasil, juntamente com parceiros como a Ind\u00fastria Fox, as APAEs e a ABREE, est\u00e1 liderando o caminho em dire\u00e7\u00e3o a um futuro mais sustent\u00e1vel, onde o lixo eletr\u00f4nico \u00e9 visto n\u00e3o como um problema, mas como uma oportunidade para construir uma sociedade mais justa e um planeta mais saud\u00e1vel.<\/p>\n<p style=\"text-align: justify;\">O Projeto Eletro Solid\u00e1rio \u00e9 uma demonstra\u00e7\u00e3o clara de como a inova\u00e7\u00e3o, a colabora\u00e7\u00e3o e o compromisso com a sustentabilidade podem criar solu\u00e7\u00f5es impactantes para desafios globais. Enquanto o Dia Internacional do Lixo Eletr\u00f4nico se aproxima, essa iniciativa brilha como um farol de esperan\u00e7a e a\u00e7\u00e3o em dire\u00e7\u00e3o a um futuro mais verde e inclusivo.<\/p>\n<p>&nbsp;<\/p>\n<p>&nbsp;<\/p>\n","protected":false},"excerpt":{"rendered":"<p>Por Joacles Costa Parceria inovadora entre APAEs, Ind\u00fastria Fox e ABREE visa arrecadar 10 mil toneladas de res\u00edduos eletr\u00f4nicos, alinhando-se com a crescente import\u00e2ncia da reciclagem e do ESG \u00c0s v\u00e9speras do Dia Internacional do Lixo Eletr\u00f4nico, o Projeto Eletro Solid\u00e1rio surge como uma not\u00e1vel iniciativa de colabora\u00e7\u00e3o entre a Federa\u00e7\u00e3o das APAEs do Estado [&hellip;]<\/p>\n","protected":false},"author":1,"featured_media":33618,"comment_status":"open","ping_status":"open","sticky":false,"template":"","format":"standard","meta":{"ngg_post_thumbnail":0,"footnotes":""},"categories":[2,227,41],"tags":[],"class_list":["post-33617","post","type-post","status-publish","format-standard","has-post-thumbnail","hentry","category-destaques","category-sustentabilidade","category-ultimasnoticias"],"_links":{"self":[{"href":"https:\/\/somdepapo.com.br\/portal\/wp-json\/wp\/v2\/posts\/33617","targetHints":{"allow":["GET"]}}],"collection":[{"href":"https:\/\/somdepapo.com.br\/portal\/wp-json\/wp\/v2\/posts"}],"about":[{"href":"https:\/\/somdepapo.com.br\/portal\/wp-json\/wp\/v2\/types\/post"}],"author":[{"embeddable":true,"href":"https:\/\/somdepapo.com.br\/portal\/wp-json\/wp\/v2\/users\/1"}],"replies":[{"embeddable":true,"href":"https:\/\/somdepapo.com.br\/portal\/wp-json\/wp\/v2\/comments?post=33617"}],"version-history":[{"count":1,"href":"https:\/\/somdepapo.com.br\/portal\/wp-json\/wp\/v2\/posts\/33617\/revisions"}],"predecessor-version":[{"id":33619,"href":"https:\/\/somdepapo.com.br\/portal\/wp-json\/wp\/v2\/posts\/33617\/revisions\/33619"}],"wp:featuredmedia":[{"embeddable":true,"href":"https:\/\/somdepapo.com.br\/portal\/wp-json\/wp\/v2\/media\/33618"}],"wp:attachment":[{"href":"https:\/\/somdepapo.com.br\/portal\/wp-json\/wp\/v2\/media?parent=33617"}],"wp:term":[{"taxonomy":"category","embeddable":true,"href":"https:\/\/somdepapo.com.br\/portal\/wp-json\/wp\/v2\/categories?post=33617"},{"taxonomy":"post_tag","embeddable":true,"href":"https:\/\/somdepapo.com.br\/portal\/wp-json\/wp\/v2\/tags?post=33617"}],"curies":[{"name":"wp","href":"https:\/\/api.w.org\/{rel}","templated":true}]}}