{"id":33691,"date":"2023-10-21T15:55:06","date_gmt":"2023-10-21T18:55:06","guid":{"rendered":"https:\/\/somdepapo.com.br\/portal\/?p=33691"},"modified":"2023-10-21T15:55:06","modified_gmt":"2023-10-21T18:55:06","slug":"iniciacao-cientifica-a-porta-de-entrada-para-a-pesquisa-academica","status":"publish","type":"post","link":"https:\/\/somdepapo.com.br\/portal\/iniciacao-cientifica-a-porta-de-entrada-para-a-pesquisa-academica\/","title":{"rendered":"Inicia\u00e7\u00e3o Cient\u00edfica: a porta de entrada para a Pesquisa Acad\u00eamica"},"content":{"rendered":"<p style=\"text-align: right;\">Por Alinne Assun\u00e7\u00e3o&nbsp;<\/p>\n<p style=\"text-align: justify;\">Prezados leitores, voc\u00ea j\u00e1 ouviu falar sobre a inicia\u00e7\u00e3o cient\u00edfica? Se voc\u00ea \u00e9 um estudante universit\u00e1rio ou est\u00e1 prestes a ingressar em uma institui\u00e7\u00e3o de ensino superior, \u00e9 essencial entender o papel fundamental que a inicia\u00e7\u00e3o cient\u00edfica desempenha em sua forma\u00e7\u00e3o acad\u00eamica e profissional.<\/p>\n<p style=\"text-align: justify;\">Neste artigo, exploraremos como a inicia\u00e7\u00e3o cient\u00edfica pode ser o primeiro passo em dire\u00e7\u00e3o a uma carreira de pesquisa e como ela est\u00e1 se tornando cada vez mais importante no contexto da educa\u00e7\u00e3o superior.<\/p>\n<p style=\"text-align: justify;\">O Despertar da Habilidade Cient\u00edfica<\/p>\n<p style=\"text-align: justify;\">A inicia\u00e7\u00e3o cient\u00edfica oferece aos estudantes universit\u00e1rios a oportunidade de mergulhar no emocionante mundo da pesquisa cient\u00edfica. \u00c9 um instrumento que visa despertar a voca\u00e7\u00e3o cient\u00edfica e desenvolver talentos potenciais durante o curso de gradua\u00e7\u00e3o. Ao participar de projetos de pesquisa orientados por pesquisadores qualificados, os estudantes adquirem habilidades te\u00f3ricas e metodol\u00f3gicas que enriquecem sua forma\u00e7\u00e3o profissional.<\/p>\n<p style=\"text-align: justify;\">O Papel do CNPq na Promo\u00e7\u00e3o da Pesquisa<\/p>\n<p style=\"text-align: justify;\">A inicia\u00e7\u00e3o cient\u00edfica no Brasil tem uma hist\u00f3ria rica e significativa. Em 1951, foi fundado o Conselho Nacional de Desenvolvimento Tecnol\u00f3gico (CNPq), que passou a financiar pesquisas cient\u00edficas conduzidas por estudantes. O CNPq, como parte do Minist\u00e9rio da Ci\u00eancia, Tecnologia e Inova\u00e7\u00e3o, desempenha um papel fundamental no fomento \u00e0 pesquisa cient\u00edfica e tecnol\u00f3gica no pa\u00eds. Seu objetivo \u00e9 incentivar o desenvolvimento cient\u00edfico e a inicia\u00e7\u00e3o \u00e0 pesquisa, ajudando a criar uma nova gera\u00e7\u00e3o de pesquisadores.<\/p>\n<p style=\"text-align: justify;\">A Evolu\u00e7\u00e3o da Inicia\u00e7\u00e3o Cient\u00edfica<\/p>\n<p style=\"text-align: justify;\">Nos \u00faltimos anos, a inicia\u00e7\u00e3o cient\u00edfica tem se tornado cada vez mais relevante no cen\u00e1rio acad\u00eamico. Em muitas institui\u00e7\u00f5es de ensino superior, ela \u00e9 considerada uma disciplina e faz parte da grade curricular. A cria\u00e7\u00e3o de programas de inicia\u00e7\u00e3o cient\u00edfica, como o Programa Institucional de Bolsas de Inicia\u00e7\u00e3o Cient\u00edfica (PIBIC), que oferece bolsas de pesquisa, tem impulsionado a valoriza\u00e7\u00e3o da inicia\u00e7\u00e3o cient\u00edfica em v\u00e1rias \u00e1reas do conhecimento.<\/p>\n<p style=\"text-align: justify;\">A Inicia\u00e7\u00e3o Cient\u00edfica como Ponte entre Teoria e Pr\u00e1tica<\/p>\n<p style=\"text-align: justify;\">A inicia\u00e7\u00e3o cient\u00edfica desempenha um papel crucial na integra\u00e7\u00e3o entre teoria e pr\u00e1tica na educa\u00e7\u00e3o superior e permite que os estudantes atuem como sujeitos da aprendizagem, aplicando o conhecimento te\u00f3rico em situa\u00e7\u00f5es reais de pesquisa. Al\u00e9m disso, a inicia\u00e7\u00e3o cient\u00edfica pode servir como uma ponte entre a educa\u00e7\u00e3o b\u00e1sica e o ensino superior, conectando o aprendizado acad\u00eamico \u00e0 realidade pr\u00e1tica.<\/p>\n<p style=\"text-align: justify;\">A Forma\u00e7\u00e3o de Pesquisadores e a Import\u00e2ncia da Produ\u00e7\u00e3o Cient\u00edfica<\/p>\n<p style=\"text-align: justify;\">Participar da inicia\u00e7\u00e3o cient\u00edfica n\u00e3o apenas introduz os estudantes na pesquisa acad\u00eamica, mas tamb\u00e9m os prepara para futuros estudos de p\u00f3s-gradua\u00e7\u00e3o. Al\u00e9m disso, incentiva os pesquisadores a orientar e motivar os estudantes de gradua\u00e7\u00e3o a se envolverem em pesquisas cient\u00edficas. A produ\u00e7\u00e3o cient\u00edfica, incluindo artigos e publica\u00e7\u00f5es, desempenha um papel crucial nesse processo de desenvolvimento acad\u00eamico.<\/p>\n<p style=\"text-align: justify;\">O Futuro da Inicia\u00e7\u00e3o Cient\u00edfica<\/p>\n<p style=\"text-align: justify;\">\u00c0 medida que avan\u00e7amos em dire\u00e7\u00e3o a um mundo cada vez mais complexo e interconectado, a inicia\u00e7\u00e3o cient\u00edfica assume um papel ainda mais relevante. Ela n\u00e3o apenas fortalece a forma\u00e7\u00e3o dos estudantes, mas tamb\u00e9m contribui para o progresso da ci\u00eancia e da sociedade como um todo. A inicia\u00e7\u00e3o cient\u00edfica \u00e9 a porta de entrada para uma jornada de descobertas e aprendizado constante, preparando os estudantes para os desafios e oportunidades que o futuro reserva.<\/p>\n<p style=\"text-align: justify;\">Portanto, se voc\u00ea \u00e9 um estudante universit\u00e1rio ou est\u00e1 prestes a ingressar na universidade, considere a inicia\u00e7\u00e3o cient\u00edfica como uma oportunidade valiosa para expandir seus horizontes acad\u00eamicos e se preparar para uma carreira de sucesso na pesquisa e na academia. \u00c9 muito mais do que uma disciplina; \u00e9 um caminho para o desenvolvimento pessoal e profissional, um convite para explorar o desconhecido e contribuir para o avan\u00e7o do conhecimento humano.<\/p>\n<p style=\"text-align: justify;\">&nbsp;<\/p>\n<p style=\"text-align: justify;\">&nbsp;<\/p>\n","protected":false},"excerpt":{"rendered":"<p>Por Alinne Assun\u00e7\u00e3o&nbsp; Prezados leitores, voc\u00ea j\u00e1 ouviu falar sobre a inicia\u00e7\u00e3o cient\u00edfica? Se voc\u00ea \u00e9 um estudante universit\u00e1rio ou est\u00e1 prestes a ingressar em uma institui\u00e7\u00e3o de ensino superior, \u00e9 essencial entender o papel fundamental que a inicia\u00e7\u00e3o cient\u00edfica desempenha em sua forma\u00e7\u00e3o acad\u00eamica e profissional. Neste artigo, exploraremos como a inicia\u00e7\u00e3o cient\u00edfica pode [&hellip;]<\/p>\n","protected":false},"author":1,"featured_media":33692,"comment_status":"open","ping_status":"open","sticky":false,"template":"","format":"standard","meta":{"ngg_post_thumbnail":0,"footnotes":""},"categories":[2,33,41],"tags":[],"class_list":["post-33691","post","type-post","status-publish","format-standard","has-post-thumbnail","hentry","category-destaques","category-educacao","category-ultimasnoticias"],"_links":{"self":[{"href":"https:\/\/somdepapo.com.br\/portal\/wp-json\/wp\/v2\/posts\/33691","targetHints":{"allow":["GET"]}}],"collection":[{"href":"https:\/\/somdepapo.com.br\/portal\/wp-json\/wp\/v2\/posts"}],"about":[{"href":"https:\/\/somdepapo.com.br\/portal\/wp-json\/wp\/v2\/types\/post"}],"author":[{"embeddable":true,"href":"https:\/\/somdepapo.com.br\/portal\/wp-json\/wp\/v2\/users\/1"}],"replies":[{"embeddable":true,"href":"https:\/\/somdepapo.com.br\/portal\/wp-json\/wp\/v2\/comments?post=33691"}],"version-history":[{"count":1,"href":"https:\/\/somdepapo.com.br\/portal\/wp-json\/wp\/v2\/posts\/33691\/revisions"}],"predecessor-version":[{"id":33693,"href":"https:\/\/somdepapo.com.br\/portal\/wp-json\/wp\/v2\/posts\/33691\/revisions\/33693"}],"wp:featuredmedia":[{"embeddable":true,"href":"https:\/\/somdepapo.com.br\/portal\/wp-json\/wp\/v2\/media\/33692"}],"wp:attachment":[{"href":"https:\/\/somdepapo.com.br\/portal\/wp-json\/wp\/v2\/media?parent=33691"}],"wp:term":[{"taxonomy":"category","embeddable":true,"href":"https:\/\/somdepapo.com.br\/portal\/wp-json\/wp\/v2\/categories?post=33691"},{"taxonomy":"post_tag","embeddable":true,"href":"https:\/\/somdepapo.com.br\/portal\/wp-json\/wp\/v2\/tags?post=33691"}],"curies":[{"name":"wp","href":"https:\/\/api.w.org\/{rel}","templated":true}]}}