{"id":33701,"date":"2023-10-22T08:52:35","date_gmt":"2023-10-22T11:52:35","guid":{"rendered":"https:\/\/somdepapo.com.br\/portal\/?p=33701"},"modified":"2023-10-22T08:52:35","modified_gmt":"2023-10-22T11:52:35","slug":"o-curriculo-como-marketing-pessoal-saiba-como-impressionar","status":"publish","type":"post","link":"https:\/\/somdepapo.com.br\/portal\/o-curriculo-como-marketing-pessoal-saiba-como-impressionar\/","title":{"rendered":"O curr\u00edculo como Marketing Pessoal: saiba como impressionar?"},"content":{"rendered":"<p style=\"text-align: right;\">Por Andr\u00e9a Alvarenga<\/p>\n<p style=\"text-align: right;\">Gestora de RH, Consultora, Palestrante<\/p>\n<p style=\"text-align: right;\">@andreaalvarenga.rh<\/p>\n<p style=\"text-align: justify;\">Quando buscamos emprego nem sempre temos os conhecimentos e as atitudes necess\u00e1rias que favorecem nossa entrada no mercado de trabalho. E tudo o que queremos \u00e9 impressionar o (a) profissional de sele\u00e7\u00e3o.<\/p>\n<p style=\"text-align: justify;\">Costumo dizer que s\u00e3o quatro os fatores que, interligados, causar\u00e3o uma boa impress\u00e3o se forem bem executados.<\/p>\n<p style=\"text-align: justify;\">1- Seu Curr\u00edculo (que ser\u00e1 moldado de acordo a vaga, a empresa e exig\u00eancias do cargo).<\/p>\n<p style=\"text-align: justify;\">2- Seu contato na triagem (quando te ligam ou mandam mensagem).<\/p>\n<p style=\"text-align: justify;\">3- Sua Apresenta\u00e7\u00e3o Pessoal e Postura Profissional.<\/p>\n<p style=\"text-align: justify;\">4- A entrevista.<\/p>\n<p style=\"text-align: justify;\">Hoje vamos falar sobre como elaborar um CURR\u00cdCULO que cause interesse e curiosidade na pessoa que vai triar e selecionar candidatos.<\/p>\n<p style=\"text-align: justify;\">Basicamente, deve ser bem escrito e objetivo, por\u00e9m, esclarecedor. At\u00e9 duas folhas no m\u00e1ximo. N\u00e3o precisa foto a n\u00e3o ser que solicitem, e se for colocar, escolha uma que impressione positivamente. Cite no rodap\u00e9, o m\u00eas e ano da atualiza\u00e7\u00e3o do curr\u00edculo, que deve ser atualizado sempre que houver acr\u00e9scimos ou altera\u00e7\u00f5es. N\u00e3o informe n\u00famero de documentos. O curr\u00edculo pode ser escrito em primeira pessoa, mas n\u00e3o fa\u00e7a muito uso do pronome EU para n\u00e3o causar impress\u00f5es opostas ao desejado. Se optar por colocar Objetivo, os curr\u00edculos sem experi\u00eancia podem elaborar pequena frase se colocando como algu\u00e9m que busca conhecimento, aprendizagem e desenvolvimento profissional que favore\u00e7a a empresa. Os que possuem experi\u00eancia podem ir direto ao cargo pleiteado ou citar \u00e1reas de interesse.<\/p>\n<p style=\"text-align: justify;\">Existem modelos b\u00e1sicos e elaborados no Word, CANVA, e alguns gerenciadores de curr\u00edculos, que podem te ajudar. Veja como \u00e9 dividido um modelo b\u00e1sico:<\/p>\n<p style=\"text-align: justify;\">1- Dados Pessoais<\/p>\n<p style=\"text-align: justify;\">2- Resumo Profissional<\/p>\n<p style=\"text-align: justify;\">3- Forma\u00e7\u00e3o Acad\u00eamica<\/p>\n<p style=\"text-align: justify;\">4- Experi\u00eancias Profissionais<\/p>\n<p style=\"text-align: justify;\">5- Habilidades<\/p>\n<p style=\"text-align: justify;\">6- Outras Informa\u00e7\u00f5es<\/p>\n<p style=\"text-align: justify;\">1- Deve constar em seus Dados Pessoais:<\/p>\n<p style=\"text-align: justify;\">&#8211; Nome completo em letras maiores em negrito (fontes 16 a 20);<\/p>\n<p style=\"text-align: justify;\">&#8211; Contato de celular (sugiro que pelo menos um dos n\u00fameros nunca mude);<\/p>\n<p style=\"text-align: justify;\">&#8211; Whatsapp, E-mail, LinkedIn;<\/p>\n<p style=\"text-align: justify;\">&#8211; N\u00e3o \u00e9 obrigat\u00f3ria a foto, a n\u00e3o ser que seja exigida, por\u00e9m, se optar por colocar, tenha uma com roupas e apar\u00eancia que impressionem positivamente.<\/p>\n<p style=\"text-align: justify;\">Dica: Voc\u00ea n\u00e3o precisa escrever o t\u00edtulo Curriculum Vitae, Curr\u00edculo, Dados Pessoais, e nem escrever em frente a esses Dados, do que se trata. Ex: Celular: 71 99999-9999. O nome celular \u00e9 redundante. Se quer colocar, opte pelos s\u00edmbolos correspondentes ao Whatsapp, Instagram, LinkedIn, Celular etc.<\/p>\n<p style=\"text-align: justify;\">2- Resumo Profissional ou S\u00edntese de Qualifica\u00e7\u00f5es (um ou outro):<\/p>\n<p style=\"text-align: justify;\">Neste espa\u00e7o cite basicamente seus pontos fortes, como tempo de experi\u00eancia, algumas conquistas ou destaques relevantes que voc\u00ea teve onde trabalhou, duas ou tr\u00eas habilidades que ser\u00e3o interessantes para a empresa, e que de fato voc\u00ea as tenha. Depois que finalizar o seu curr\u00edculo, volte neste campo, porque provavelmente vai querer acrescentar algo importante.<\/p>\n<p style=\"text-align: justify;\">3- Forma\u00e7\u00e3o Acad\u00eamica<\/p>\n<p style=\"text-align: justify;\">A ordem de suas forma\u00e7\u00f5es \u00e9 decrescente, do mais atual para o mais antigo. Exemplo: Mestrado, P\u00f3s-Gradua\u00e7\u00e3o, e por \u00faltimo a Gradua\u00e7\u00e3o. Se voc\u00ea j\u00e1 est\u00e1 na faculdade n\u00e3o cite mais o ensino m\u00e9dio.<\/p>\n<p style=\"text-align: justify;\">Cite a forma\u00e7\u00e3o conclu\u00edda, trancada ou ainda cursando. Coloque o ano de conclus\u00e3o ou ano que vai concluir. Se est\u00e1 no ensino m\u00e9dio, fundamental, supletivo, coloque o ano (s\u00e9rie) que est\u00e1 cursando.<\/p>\n<p style=\"text-align: justify;\">Dica: n\u00e3o deixe de colocar o que fez e n\u00e3o continuou, escreva ao lado trancado ao inv\u00e9s de desistente. Coloque tamb\u00e9m os cursos t\u00e9cnicos, se houver, ap\u00f3s as forma\u00e7\u00f5es acad\u00eamicas.<\/p>\n<p style=\"text-align: justify;\">4- Experi\u00eancias Profissionais<\/p>\n<p style=\"text-align: justify;\">Este espa\u00e7o deixa muita gente confusa, inclusive os selecionadores. Veja o que \u00e9 importante:<\/p>\n<p style=\"text-align: justify;\">&#8211; O per\u00edodo, citando o m\u00eas e ano de entrada e sa\u00edda; o nome da empresa (use o nome fantasia, mais conhecido), a cidade e UF, os cargos que voc\u00ea ocupou e as atividades principais que voc\u00ea exerceu.<\/p>\n<p style=\"text-align: justify;\">Sempre do mais recente emprego para os mais antigos.<\/p>\n<p style=\"text-align: justify;\">Destaque em negrito per\u00edodo, empresa, cidade e o cargo exercido. As demais informa\u00e7\u00f5es, n\u00e3o destaque em negrito, nem sublinhado ou it\u00e1lico.<\/p>\n<p style=\"text-align: justify;\">N\u00e3o caia na tenta\u00e7\u00e3o de colocar todas as suas experi\u00eancias profissionais. Coloque no m\u00e1ximo as \u00faltimas quatro. E se quiser citar mais, ap\u00f3s finalizar essas quatro, crie um campo abaixo com o t\u00edtulo Outras Experi\u00eancias Profissionais, e coloque apenas as empresas seguidas dos cargos, num par\u00e1grafo \u00fanico. Ex: Empresa -Supervisor de Vendas; Empresa \u2013 Analista Comercial.<\/p>\n<p style=\"text-align: justify;\">Dica: escreva o que voc\u00ea fazia, mas n\u00e3o exagere quando for falar das atividades desenvolvidas, coloque apenas o que for relevante, que represente bem o cargo que ocupou: conquistas, pr\u00eamios, atividades importantes da fun\u00e7\u00e3o. Coloque tamb\u00e9m experi\u00eancias que n\u00e3o est\u00e3o na Carteira de Trabalho. Elas s\u00e3o muito importantes.<\/p>\n<p style=\"text-align: justify;\">5- Habilidades<\/p>\n<p style=\"text-align: justify;\">Nesse espa\u00e7o voc\u00ea citar\u00e1 o desenvolvimento de suas habilidades. As b\u00e1sicas, como Inform\u00e1tica (se tiver um bom conhecimento em Excel, destaque), e L\u00edngua estrangeira. Depois disso coloque tudo o que j\u00e1 fez de relevante para desenvolvimento de suas habilidades, como cursos t\u00e9cnicos, comportamentais, de gest\u00e3o, das forma\u00e7\u00f5es acad\u00eamicas. N\u00e3o coloque s\u00f3 o que for referente a vaga pleiteada, a n\u00e3o ser que voc\u00ea tenha muitos cursos na \u00e1rea e precise escolher, pois cursos em outras \u00e1reas abrem portas. Se for exig\u00eancia a carga hor\u00e1ria e Institui\u00e7\u00e3o ou se lhe favorecer em Status, pode citar, mas se n\u00e3o exigir, apenas cite os nomes dos cursos.<\/p>\n<p style=\"text-align: justify;\">6- Outras informa\u00e7\u00f5es<\/p>\n<p style=\"text-align: justify;\">Este espa\u00e7o \u00e9 reservado para acrescentar informa\u00e7\u00f5es importantes que mostram um pouco mais de seu perfil. Ex: Desenvolvimento de atividades comunit\u00e1rias de apoio \u00e0s crian\u00e7as em condi\u00e7\u00f5es socialmente vulner\u00e1veis; Viagens para conhecer culturas diferentes e comportamentos no segmento de empresas de alimentos para entender formas de atendimento. Outras informa\u00e7\u00f5es que sejam de fato relevantes.<\/p>\n<p style=\"text-align: justify;\">Busque desenvolvimento constantemente, e esteja pronto (a) para o Mercado de Trabalho. Sucesso!<\/p>\n<p style=\"text-align: justify;\">Refer\u00eancias: https:\/\/exame.com\/carreira\/17-modelos-de-curriculos-para-conseguir-seu-emprego-dos-sonhos-em-2023\/<\/p>\n<p style=\"text-align: justify;\">&nbsp;<\/p>\n<p>&nbsp;<\/p>\n<p>&nbsp;<\/p>\n<p>&nbsp;<\/p>\n<p>&nbsp;<\/p>\n<p>&nbsp;<\/p>\n<p>&nbsp;<\/p>\n<p>&nbsp;<\/p>\n<p>&nbsp;<\/p>\n<p>&nbsp;<\/p>\n<p>&nbsp;<\/p>\n<p>&nbsp;<\/p>\n<p>&nbsp;<\/p>\n<p>&nbsp;<\/p>\n<p>&nbsp;<\/p>\n<p>&nbsp;<\/p>\n<p>&nbsp;<\/p>\n<p>&nbsp;<\/p>\n","protected":false},"excerpt":{"rendered":"<p>Por Andr\u00e9a Alvarenga Gestora de RH, Consultora, Palestrante @andreaalvarenga.rh Quando buscamos emprego nem sempre temos os conhecimentos e as atitudes necess\u00e1rias que favorecem nossa entrada no mercado de trabalho. E tudo o que queremos \u00e9 impressionar o (a) profissional de sele\u00e7\u00e3o. Costumo dizer que s\u00e3o quatro os fatores que, interligados, causar\u00e3o uma boa impress\u00e3o se [&hellip;]<\/p>\n","protected":false},"author":1,"featured_media":33702,"comment_status":"open","ping_status":"open","sticky":false,"template":"","format":"standard","meta":{"ngg_post_thumbnail":0,"footnotes":""},"categories":[2,155,41],"tags":[],"class_list":["post-33701","post","type-post","status-publish","format-standard","has-post-thumbnail","hentry","category-destaques","category-mercado-de-trabalho-2","category-ultimasnoticias"],"_links":{"self":[{"href":"https:\/\/somdepapo.com.br\/portal\/wp-json\/wp\/v2\/posts\/33701","targetHints":{"allow":["GET"]}}],"collection":[{"href":"https:\/\/somdepapo.com.br\/portal\/wp-json\/wp\/v2\/posts"}],"about":[{"href":"https:\/\/somdepapo.com.br\/portal\/wp-json\/wp\/v2\/types\/post"}],"author":[{"embeddable":true,"href":"https:\/\/somdepapo.com.br\/portal\/wp-json\/wp\/v2\/users\/1"}],"replies":[{"embeddable":true,"href":"https:\/\/somdepapo.com.br\/portal\/wp-json\/wp\/v2\/comments?post=33701"}],"version-history":[{"count":1,"href":"https:\/\/somdepapo.com.br\/portal\/wp-json\/wp\/v2\/posts\/33701\/revisions"}],"predecessor-version":[{"id":33703,"href":"https:\/\/somdepapo.com.br\/portal\/wp-json\/wp\/v2\/posts\/33701\/revisions\/33703"}],"wp:featuredmedia":[{"embeddable":true,"href":"https:\/\/somdepapo.com.br\/portal\/wp-json\/wp\/v2\/media\/33702"}],"wp:attachment":[{"href":"https:\/\/somdepapo.com.br\/portal\/wp-json\/wp\/v2\/media?parent=33701"}],"wp:term":[{"taxonomy":"category","embeddable":true,"href":"https:\/\/somdepapo.com.br\/portal\/wp-json\/wp\/v2\/categories?post=33701"},{"taxonomy":"post_tag","embeddable":true,"href":"https:\/\/somdepapo.com.br\/portal\/wp-json\/wp\/v2\/tags?post=33701"}],"curies":[{"name":"wp","href":"https:\/\/api.w.org\/{rel}","templated":true}]}}