{"id":33840,"date":"2023-11-01T14:53:43","date_gmt":"2023-11-01T17:53:43","guid":{"rendered":"https:\/\/somdepapo.com.br\/portal\/?p=33840"},"modified":"2023-11-01T14:53:43","modified_gmt":"2023-11-01T17:53:43","slug":"os-cuidados-com-a-coluna-nos-exercicios","status":"publish","type":"post","link":"https:\/\/somdepapo.com.br\/portal\/os-cuidados-com-a-coluna-nos-exercicios\/","title":{"rendered":"Os cuidados com a coluna nos exerc\u00edcios"},"content":{"rendered":"<p style=\"text-align: right;\">Por Raphael Mayrinck&nbsp;<\/p>\n<p style=\"text-align: justify;\">A coluna vertebral tem uma grande import\u00e2ncia para o corpo humano. Al\u00e9m de servir como uma esp\u00e9cie de eixo central, possibilitando os movimentos do tronco e sustentando membros e cabe\u00e7a, ela protege a medula e os nervos espinhais. Ao praticar a muscula\u00e7\u00e3o, \u00e9 preciso ter cuidados com a coluna para evitar les\u00f5es e outros problemas. Alguns exerc\u00edcios ainda ajudam no fortalecimento, melhorando a postura. Saiba mais!<\/p>\n<p style=\"text-align: justify;\">Tanto atletas profissionais quanto amadores est\u00e3o suscet\u00edveis a problemas de coluna durante os exerc\u00edcios. Isso porque a pr\u00e1tica inadequada das atividades acaba prejudicando o corpo. A muscula\u00e7\u00e3o, por trabalhar v\u00e1rias partes do corpo, exige movimentos distintos. Por isso, os praticantes dessa modalidade devem redobrar a aten\u00e7\u00e3o durante a execu\u00e7\u00e3o.<\/p>\n<p style=\"text-align: justify;\">Cuidados com a coluna: Principais causas de problemas<\/p>\n<p style=\"text-align: justify;\">S\u00e3o v\u00e1rios os problemas de coluna que podem ser desencadeados pela m\u00e1 postura durante a pr\u00e1tica da muscula\u00e7\u00e3o. Cifose, escoliose, lordose, artrose e h\u00e9rnia de disco s\u00e3o alguns dos mais comuns. Al\u00e9m disso, quem j\u00e1 tem desconfortos ou patologias pode sofrer com o agravamento das les\u00f5es. Os fatores que mais contribuem para esses problemas s\u00e3o:<\/p>\n<p style=\"text-align: justify;\">Sobrecarga<\/p>\n<p style=\"text-align: justify;\">Muitas pessoas t\u00eam o h\u00e1bito de aumentar, por conta pr\u00f3pria, a carga dos aparelhos ou instrumentos de aux\u00edlio nos exerc\u00edcios da muscula\u00e7\u00e3o. Um dos maiores erros que se pode cometer em uma academia, no entanto, \u00e9 pensar que o resultado vira na propor\u00e7\u00e3o do aumento dos pesos. \u00c9 preciso respeitar os limites do corpo, e sobrecarregar a coluna pode causar problemas graves. Por isso, o aumento de peso deve ser gradual e monitorado.<\/p>\n<p style=\"text-align: justify;\">Sedentarismo<\/p>\n<p style=\"text-align: justify;\">Essa \u00e9 a raz\u00e3o pela qual as pessoas jovens, cada vez mais, sentem dores nas costas. O sedentarismo contribui para as dores musculares, al\u00e9m do desconforto causado pela atrofia dos movimentos da coluna. Quanto menos se movimenta, maior a chance de os movimentos ficarem prejudicados. E ao tentar retomar esses movimentos, as chances de les\u00e3o aumentam. Por isso, uma pessoa sedent\u00e1ria que come\u00e7a a praticar muscula\u00e7\u00e3o, por exemplo, precisa redobrar os cuidados para n\u00e3o prejudicar a coluna.<\/p>\n<p style=\"text-align: justify;\">Obesidade<\/p>\n<p style=\"text-align: justify;\">O excesso de peso causa uma press\u00e3o nos discos que comp\u00f5em a coluna vertebral, o que geralmente resulta em h\u00e9rnias de disco ou outros problemas. Especialistas afirmam que a cada 10 quilos a mais que o recomendado para o peso da pessoa, as chances de dores e problemas na coluna vertebral aumentam em 20%. Por isso, deve-se evitar exerc\u00edcios que exijam muita amplitude articular, como o agachamento profundo e o leg press, que v\u00e3o fazer com que a carga sobre esses locais seja ainda maior.<\/p>\n<p style=\"text-align: justify;\">Postura<\/p>\n<p style=\"text-align: justify;\">A preocupa\u00e7\u00e3o com a postura correta \u00e9 fundamental para a pr\u00e1tica da muscula\u00e7\u00e3o. Isso porque o arqueamento da coluna, que \u00e9 muito comum durante a execu\u00e7\u00e3o dos exerc\u00edcios, pode gerar tens\u00e3o, desvios, desconfortos e at\u00e9 les\u00f5es mais graves. A longo prazo, o h\u00e1bito de se manter uma postura incorreta pode resultar em deformidades nos ossos e articula\u00e7\u00f5es. Por isso, \u00e9 fundamental que haja o acompanhamento de um profissional durante a pr\u00e1tica da muscula\u00e7\u00e3o, para a orienta\u00e7\u00e3o correta quanto \u00e0 postura evite problemas.<\/p>\n<p style=\"text-align: justify;\">A pr\u00e1tica da muscula\u00e7\u00e3o exige cuidados com a coluna vertebral. Al\u00e9m de se atentar \u00e0 postura e ao n\u00edvel de carga corretos para os exerc\u00edcios, \u00e9 importante buscar o fortalecimento dos m\u00fasculos da regi\u00e3o lombar. Isso vai conferir maior equil\u00edbrio, melhor postura e menor incid\u00eancia de dores e les\u00f5es. Ficou com alguma d\u00favida sobre esse assunto? Comente abaixo.<\/p>\n<p style=\"text-align: justify;\">&nbsp;<\/p>\n<p>&nbsp;<\/p>\n","protected":false},"excerpt":{"rendered":"<p>Por Raphael Mayrinck&nbsp; A coluna vertebral tem uma grande import\u00e2ncia para o corpo humano. Al\u00e9m de servir como uma esp\u00e9cie de eixo central, possibilitando os movimentos do tronco e sustentando membros e cabe\u00e7a, ela protege a medula e os nervos espinhais. Ao praticar a muscula\u00e7\u00e3o, \u00e9 preciso ter cuidados com a coluna para evitar les\u00f5es [&hellip;]<\/p>\n","protected":false},"author":1,"featured_media":33841,"comment_status":"open","ping_status":"open","sticky":false,"template":"","format":"standard","meta":{"ngg_post_thumbnail":0,"footnotes":""},"categories":[2,157,31,41],"tags":[],"class_list":["post-33840","post","type-post","status-publish","format-standard","has-post-thumbnail","hentry","category-destaques","category-fitness","category-noticias","category-ultimasnoticias"],"_links":{"self":[{"href":"https:\/\/somdepapo.com.br\/portal\/wp-json\/wp\/v2\/posts\/33840","targetHints":{"allow":["GET"]}}],"collection":[{"href":"https:\/\/somdepapo.com.br\/portal\/wp-json\/wp\/v2\/posts"}],"about":[{"href":"https:\/\/somdepapo.com.br\/portal\/wp-json\/wp\/v2\/types\/post"}],"author":[{"embeddable":true,"href":"https:\/\/somdepapo.com.br\/portal\/wp-json\/wp\/v2\/users\/1"}],"replies":[{"embeddable":true,"href":"https:\/\/somdepapo.com.br\/portal\/wp-json\/wp\/v2\/comments?post=33840"}],"version-history":[{"count":1,"href":"https:\/\/somdepapo.com.br\/portal\/wp-json\/wp\/v2\/posts\/33840\/revisions"}],"predecessor-version":[{"id":33842,"href":"https:\/\/somdepapo.com.br\/portal\/wp-json\/wp\/v2\/posts\/33840\/revisions\/33842"}],"wp:featuredmedia":[{"embeddable":true,"href":"https:\/\/somdepapo.com.br\/portal\/wp-json\/wp\/v2\/media\/33841"}],"wp:attachment":[{"href":"https:\/\/somdepapo.com.br\/portal\/wp-json\/wp\/v2\/media?parent=33840"}],"wp:term":[{"taxonomy":"category","embeddable":true,"href":"https:\/\/somdepapo.com.br\/portal\/wp-json\/wp\/v2\/categories?post=33840"},{"taxonomy":"post_tag","embeddable":true,"href":"https:\/\/somdepapo.com.br\/portal\/wp-json\/wp\/v2\/tags?post=33840"}],"curies":[{"name":"wp","href":"https:\/\/api.w.org\/{rel}","templated":true}]}}