{"id":33858,"date":"2023-11-03T10:15:58","date_gmt":"2023-11-03T13:15:58","guid":{"rendered":"https:\/\/somdepapo.com.br\/portal\/?p=33858"},"modified":"2023-11-03T10:15:58","modified_gmt":"2023-11-03T13:15:58","slug":"sou-empresario-e-agora","status":"publish","type":"post","link":"https:\/\/somdepapo.com.br\/portal\/sou-empresario-e-agora\/","title":{"rendered":"Sou Empres\u00e1rio e Agora?"},"content":{"rendered":"<p style=\"text-align: right;\">Por Henrique Couto&nbsp;<\/p>\n<p style=\"text-align: justify;\">Em minha atua\u00e7\u00e3o como Consultor, tenho encontrado diversas pessoas que se tornaram empres\u00e1rios e que tem tido grandes dificuldades em conduzir seu neg\u00f3cio. E as dificuldades se concentram em tr\u00eas temas:<\/p>\n<p style=\"text-align: justify;\">1. Planejamento<\/p>\n<p style=\"text-align: justify;\">2. Atendimento<\/p>\n<p style=\"text-align: justify;\">3. Gest\u00e3o das Pessoas<\/p>\n<p style=\"text-align: justify;\">Os demais temas, eles conseguem resolver, cuidam razoavelmente bem do financeiro, do cont\u00e1bil, do marketing e do comercial. Por\u00e9m os tr\u00eas temas acima, que envolvem pessoas s\u00e3o os mais dif\u00edceis para esses empres\u00e1rios atuarem.<\/p>\n<p style=\"text-align: justify;\">Quando falamos de Planejamento, as pessoas dizem: Como se Planejar? N\u00e3o sei me planejar. Planejamento \u00e9 um tema super importante, e deve ser levado a s\u00e9rio pelos empres\u00e1rios, pois nasce dele uma infinidade de oportunidades de melhorias na empresa, tanto de processos, como de outros temas, inclusive financeiro. E tudo come\u00e7a com um caderno e uma caneta, escreva suas a\u00e7\u00f5es da semana, crie uma agenda empresarial para seu dia, e cumpra tudo o que for escrito, depois disso sentir\u00e1 a necessidade de ter uma agenda semanal, e em seguida mensal. Come\u00e7ando com essas a\u00e7\u00f5es voc\u00ea ir\u00e1 ver e sentir outras necessidades de organiza\u00e7\u00e3o, cobrando inclusive do seu time. N\u00e3o esque\u00e7a um caderno e uma caneta, resolvem muita coisa, e j\u00e1 \u00e9 um bom come\u00e7o.<\/p>\n<p style=\"text-align: justify;\">Quando falamos de Atendimento, estamos falando de atender pessoas, estamos falando de tratar problemas, reclama\u00e7\u00f5es e temas cr\u00edticos, por\u00e9m todos poss\u00edveis de serem tratados, se a empresa levar seus Clientes a s\u00e9rio. Voc\u00ea que \u00e9 empres\u00e1rio precisa ser exemplo para sua empresa mostrando a todos o foco e o DNA em atender e garantir a satisfa\u00e7\u00e3o dos seus Clientes. Esse deve ser o foco do empres\u00e1rio quando o tema \u00e9 atendimento.<\/p>\n<p style=\"text-align: justify;\">E quando falamos de Gest\u00e3o das Pessoas? Devemos lembrar que pessoas precisam ser ouvidas, compreendidas, orientadas, treinadas e tamb\u00e9m monitoradas, por\u00e9m o grande segredo aqui \u00e9 ter na empresa junto com voc\u00ea que \u00e9 empres\u00e1rio, pessoas que tenham perfil para cuidar das pessoas, para liderar pessoas com disciplina, carisma e criando um ambiente motivador, e voltado para o aprendizado constante. Al\u00e9m disso, \u00e9 preciso ter algu\u00e9m especialista em temas de recursos humanos, para criar ferramentas de acompanhamento, e avalia\u00e7\u00e3o de desempenho que ajudem a empresa a atingir seus objetivos estrat\u00e9gicos. Desenvolver as pessoas, torna a empresa socialmente respons\u00e1vel, e al\u00e9m disso, far\u00e1 com que voc\u00ea tenha pessoas fieis e leais ao seu projeto.<\/p>\n<p style=\"text-align: justify;\">Estou \u00e0 disposi\u00e7\u00e3o de todos para juntos aprofundarmos esse aprendizado sobre os temas apresentados aqui hoje.<\/p>\n<p style=\"text-align: justify;\">Boa sorte a todos.<\/p>\n<p style=\"text-align: justify;\">Contrate um Consultor Empresarial, s\u00e9rio, respons\u00e1vel, e d\u00ea in\u00edcio aos trabalhos. Esse investimento \u00e9 o maior respons\u00e1vel pelo crescimento sustent\u00e1vel do seu neg\u00f3cio.<\/p>\n<p style=\"text-align: justify;\">Converse comigo nas redes sociais:<\/p>\n<p style=\"text-align: justify;\">Instagram @hc_consultor<\/p>\n<p style=\"text-align: justify;\">Whatsapp 81 995904185<\/p>\n<p style=\"text-align: justify;\">Sucesso a todos!<\/p>\n<p style=\"text-align: justify;\">&nbsp;<\/p>\n<p>&nbsp;<\/p>\n<p>&nbsp;<\/p>\n<p>&nbsp;<\/p>\n<p>&nbsp;<\/p>\n<p>&nbsp;<\/p>\n<p>&nbsp;<\/p>\n<p>&nbsp;<\/p>\n","protected":false},"excerpt":{"rendered":"<p>Por Henrique Couto&nbsp; Em minha atua\u00e7\u00e3o como Consultor, tenho encontrado diversas pessoas que se tornaram empres\u00e1rios e que tem tido grandes dificuldades em conduzir seu neg\u00f3cio. E as dificuldades se concentram em tr\u00eas temas: 1. Planejamento 2. Atendimento 3. Gest\u00e3o das Pessoas Os demais temas, eles conseguem resolver, cuidam razoavelmente bem do financeiro, do cont\u00e1bil, [&hellip;]<\/p>\n","protected":false},"author":1,"featured_media":33859,"comment_status":"open","ping_status":"open","sticky":false,"template":"","format":"standard","meta":{"ngg_post_thumbnail":0,"footnotes":""},"categories":[2,30,41],"tags":[],"class_list":["post-33858","post","type-post","status-publish","format-standard","has-post-thumbnail","hentry","category-destaques","category-negocios","category-ultimasnoticias"],"_links":{"self":[{"href":"https:\/\/somdepapo.com.br\/portal\/wp-json\/wp\/v2\/posts\/33858","targetHints":{"allow":["GET"]}}],"collection":[{"href":"https:\/\/somdepapo.com.br\/portal\/wp-json\/wp\/v2\/posts"}],"about":[{"href":"https:\/\/somdepapo.com.br\/portal\/wp-json\/wp\/v2\/types\/post"}],"author":[{"embeddable":true,"href":"https:\/\/somdepapo.com.br\/portal\/wp-json\/wp\/v2\/users\/1"}],"replies":[{"embeddable":true,"href":"https:\/\/somdepapo.com.br\/portal\/wp-json\/wp\/v2\/comments?post=33858"}],"version-history":[{"count":1,"href":"https:\/\/somdepapo.com.br\/portal\/wp-json\/wp\/v2\/posts\/33858\/revisions"}],"predecessor-version":[{"id":33860,"href":"https:\/\/somdepapo.com.br\/portal\/wp-json\/wp\/v2\/posts\/33858\/revisions\/33860"}],"wp:featuredmedia":[{"embeddable":true,"href":"https:\/\/somdepapo.com.br\/portal\/wp-json\/wp\/v2\/media\/33859"}],"wp:attachment":[{"href":"https:\/\/somdepapo.com.br\/portal\/wp-json\/wp\/v2\/media?parent=33858"}],"wp:term":[{"taxonomy":"category","embeddable":true,"href":"https:\/\/somdepapo.com.br\/portal\/wp-json\/wp\/v2\/categories?post=33858"},{"taxonomy":"post_tag","embeddable":true,"href":"https:\/\/somdepapo.com.br\/portal\/wp-json\/wp\/v2\/tags?post=33858"}],"curies":[{"name":"wp","href":"https:\/\/api.w.org\/{rel}","templated":true}]}}