{"id":33934,"date":"2023-11-10T08:54:54","date_gmt":"2023-11-10T11:54:54","guid":{"rendered":"https:\/\/somdepapo.com.br\/portal\/?p=33934"},"modified":"2023-11-10T08:57:18","modified_gmt":"2023-11-10T11:57:18","slug":"o-perfil-profissional-mais-procurado-pelas-empresas","status":"publish","type":"post","link":"https:\/\/somdepapo.com.br\/portal\/o-perfil-profissional-mais-procurado-pelas-empresas\/","title":{"rendered":"O perfil profissional mais procurado pelas empresas"},"content":{"rendered":"<p style=\"text-align: right;\"><span style=\"text-align: justify;\">Por Andr\u00e9a Alvarenga<\/span><\/p>\n<p style=\"text-align: right;\">Consultora de RH, Palestrante, Multiplicadora<\/p>\n<p style=\"text-align: justify;\">Voc\u00ea j\u00e1 deve ter ouvido muitas vezes a express\u00e3o \u201cPerfil Profissional\u201d. Mas voc\u00ea entende bem que Perfil Profissional \u00e9 muito mais que suas experi\u00eancias profissionais? Voc\u00ea pode ser qualificado tecnicamente para determinada fun\u00e7\u00e3o e ter bastante experi\u00eancia espec\u00edfica e generalista em seu campo de atua\u00e7\u00e3o, por\u00e9m, existe atualmente algumas exig\u00eancias comportamentais no mercado de trabalho, que se voc\u00ea n\u00e3o as preencher, pode conseguir uma boa recoloca\u00e7\u00e3o, ser reconhecido por sua expertise, mas dificilmente se manter\u00e1 no mesmo n\u00edvel de reconhecimento e admira\u00e7\u00e3o por parte de seus gestores e\/ou liderados, em longo prazo.<\/p>\n<p style=\"text-align: justify;\">Muitas habilidades s\u00e3o bem vistas nas empresas, por\u00e9m, na atual conjuntura, onde as mudan\u00e7as est\u00e3o acontecendo rapidamente e algumas empresas e seus profissionais n\u00e3o est\u00e3o conseguindo acompanhar o ritmo, se faz necess\u00e1rio estar pronto para os desafios nesse contexto din\u00e2mico. Tenha especialmente em seu Perfil:<\/p>\n<p style=\"text-align: justify;\">\u2022 RESOLUTIVIDADE: capacidade de resolver situa\u00e7\u00f5es cr\u00edticas e\/ou emergenciais com determina\u00e7\u00e3o e seguran\u00e7a, de forma r\u00e1pida, assertiva e com resultados positivos.<\/p>\n<p style=\"text-align: justify;\">\u2022 INTELIG\u00caNCIA EMOCIONAL: autoconhecimento e controle de suas emo\u00e7\u00f5es, que favorecem naturalmente automotiva\u00e7\u00e3o, empatia e facilidade nas rela\u00e7\u00f5es interpessoais.<\/p>\n<p style=\"text-align: justify;\">\u2022 FLEXIBILIDADE: atitudes resilientes, disposi\u00e7\u00e3o e adaptabilidade para mudan\u00e7as e comportamentos inesperados de l\u00edderes, colegas e liderados.<\/p>\n<p style=\"text-align: justify;\">\u2022 PROATIVIDADE: trazer solu\u00e7\u00f5es pr\u00e1ticas para problemas, dos mais simples aos complexos, porque empresas querem pessoas que resolvam quest\u00f5es e sejam apoio em situa\u00e7\u00f5es adversas.<\/p>\n<p style=\"text-align: justify;\">Essas posturas preciosas, far\u00e3o de voc\u00ea um (a) profissional requisitado e disputado pelos setores de sua empresa e por outras empresas tamb\u00e9m.<\/p>\n<p style=\"text-align: justify;\">Estou aqui falando de um panorama comportamental que te eleva a um patamar de reconhecimento, por ser um posicionamento positivo e pelos comportamentos que as empresas hoje disputam no mercado, al\u00e9m da sua experi\u00eancia e conhecimentos t\u00e9cnicos. O mundo organizacional est\u00e1 mudando constantemente por conta da inova\u00e7\u00e3o, da tecnologia, das novas necessidades de satisfa\u00e7\u00e3o da sociedade, pelo consumismo, por uma nova gera\u00e7\u00e3o que apresenta um comportamento que, ao mesmo tempo que traz novos conceitos, tamb\u00e9m desestabiliza por seu imediatismo e necessidade de mudan\u00e7as constantes.<\/p>\n<p style=\"text-align: justify;\">As culturas organizacionais s\u00e3o movimentadas ou fortalecidas por profissionais com posturas firmes, inovadoras e adapt\u00e1veis, unidas a outros comportamentos como:<\/p>\n<p style=\"text-align: justify;\">\uf0fc Comunica\u00e7\u00e3o fluida e assertiva.<\/p>\n<p style=\"text-align: justify;\">\uf0fc Rela\u00e7\u00f5es diplom\u00e1ticas em todos os n\u00edveis hier\u00e1rquicos.<\/p>\n<p style=\"text-align: justify;\">\uf0fc Aprendizado constantemente, inovar e criar.<\/p>\n<p style=\"text-align: justify;\">\uf0fc Ser cr\u00edtico sem perder a empatia.<\/p>\n<p style=\"text-align: justify;\">\uf0fc Ter uma Lideran\u00e7a firme e positiva, comunicativa e de feedbacks.<\/p>\n<p style=\"text-align: justify;\">\uf0fc Ter a equipe como um Time e fazer parte desse time, n\u00e3o apenas delegar.<\/p>\n<p style=\"text-align: justify;\">A necessidade de desenvolver esses comportamentos \u00e9 fundamental para que voc\u00ea se sobressaia de maneira positiva diante dos selecionadores, e ap\u00f3s sua contrata\u00e7\u00e3o. Existem cursos livres, palestras, treinamentos, gradua\u00e7\u00f5es, especializa\u00e7\u00f5es, livros, que te mostram caminhos e a\u00e7\u00f5es que ajudam a construir, atualizar e fortalecer suas compet\u00eancias atrav\u00e9s de novos conhecimentos, habilidades e atitudes.<\/p>\n<p style=\"text-align: justify;\">Agora \u00e9 com voc\u00ea! Vai, que o Mercado de Trabalho te espera!!<\/p>\n<p style=\"text-align: justify;\">Refer\u00eancias:<\/p>\n<p style=\"text-align: justify;\">https:\/\/online.pucrs.br\/blog\/public\/pilares-inteligencia-emocional<\/p>\n<p style=\"text-align: justify;\">\n<blockquote class=\"wp-embedded-content\" data-secret=\"2XN72afmE5\"><p><a href=\"https:\/\/blog.anhanguera.com\/habilidades-profissionais\/\">Conhe\u00e7a as 15 habilidades profissionais mais requisitadas no mercado<\/a><\/p><\/blockquote>\n<p><iframe class=\"wp-embedded-content\" sandbox=\"allow-scripts\" security=\"restricted\" style=\"position: absolute; visibility: hidden;\" title=\"&#8220;Conhe\u00e7a as 15 habilidades profissionais mais requisitadas no mercado&#8221; &#8212; Blog da Anhanguera - Conquiste a carreira dos seus sonhos -\" src=\"https:\/\/blog.anhanguera.com\/habilidades-profissionais\/embed\/#?secret=UKa7E5yOkS#?secret=2XN72afmE5\" data-secret=\"2XN72afmE5\" width=\"500\" height=\"282\" frameborder=\"0\" marginwidth=\"0\" marginheight=\"0\" scrolling=\"no\"><\/iframe><\/p>\n<p style=\"text-align: justify;\">https:\/\/profissoes.vagas.com.br\/qual-e-o-perfil-profissional-que-empresas-buscam\/<\/p>\n<p>Fonte da imagem: https:\/\/www.nube.com.br\/blog\/2023\/01\/23\/prepare-seu-perfil-profissional-para-o-mercado<\/p>\n<p>&nbsp;<\/p>\n<p>&nbsp;<\/p>\n<p>&nbsp;<\/p>\n<p>&nbsp;<\/p>\n","protected":false},"excerpt":{"rendered":"<p>Por Andr\u00e9a Alvarenga Consultora de RH, Palestrante, Multiplicadora Voc\u00ea j\u00e1 deve ter ouvido muitas vezes a express\u00e3o \u201cPerfil Profissional\u201d. Mas voc\u00ea entende bem que Perfil Profissional \u00e9 muito mais que suas experi\u00eancias profissionais? Voc\u00ea pode ser qualificado tecnicamente para determinada fun\u00e7\u00e3o e ter bastante experi\u00eancia espec\u00edfica e generalista em seu campo de atua\u00e7\u00e3o, por\u00e9m, existe [&hellip;]<\/p>\n","protected":false},"author":1,"featured_media":33936,"comment_status":"open","ping_status":"open","sticky":false,"template":"","format":"standard","meta":{"ngg_post_thumbnail":0,"footnotes":""},"categories":[2,155,41],"tags":[],"class_list":["post-33934","post","type-post","status-publish","format-standard","has-post-thumbnail","hentry","category-destaques","category-mercado-de-trabalho-2","category-ultimasnoticias"],"_links":{"self":[{"href":"https:\/\/somdepapo.com.br\/portal\/wp-json\/wp\/v2\/posts\/33934","targetHints":{"allow":["GET"]}}],"collection":[{"href":"https:\/\/somdepapo.com.br\/portal\/wp-json\/wp\/v2\/posts"}],"about":[{"href":"https:\/\/somdepapo.com.br\/portal\/wp-json\/wp\/v2\/types\/post"}],"author":[{"embeddable":true,"href":"https:\/\/somdepapo.com.br\/portal\/wp-json\/wp\/v2\/users\/1"}],"replies":[{"embeddable":true,"href":"https:\/\/somdepapo.com.br\/portal\/wp-json\/wp\/v2\/comments?post=33934"}],"version-history":[{"count":2,"href":"https:\/\/somdepapo.com.br\/portal\/wp-json\/wp\/v2\/posts\/33934\/revisions"}],"predecessor-version":[{"id":33937,"href":"https:\/\/somdepapo.com.br\/portal\/wp-json\/wp\/v2\/posts\/33934\/revisions\/33937"}],"wp:featuredmedia":[{"embeddable":true,"href":"https:\/\/somdepapo.com.br\/portal\/wp-json\/wp\/v2\/media\/33936"}],"wp:attachment":[{"href":"https:\/\/somdepapo.com.br\/portal\/wp-json\/wp\/v2\/media?parent=33934"}],"wp:term":[{"taxonomy":"category","embeddable":true,"href":"https:\/\/somdepapo.com.br\/portal\/wp-json\/wp\/v2\/categories?post=33934"},{"taxonomy":"post_tag","embeddable":true,"href":"https:\/\/somdepapo.com.br\/portal\/wp-json\/wp\/v2\/tags?post=33934"}],"curies":[{"name":"wp","href":"https:\/\/api.w.org\/{rel}","templated":true}]}}