{"id":34050,"date":"2023-11-19T10:13:50","date_gmt":"2023-11-19T13:13:50","guid":{"rendered":"https:\/\/somdepapo.com.br\/portal\/?p=34050"},"modified":"2023-11-19T10:15:52","modified_gmt":"2023-11-19T13:15:52","slug":"burnout-no-universo-feminino","status":"publish","type":"post","link":"https:\/\/somdepapo.com.br\/portal\/burnout-no-universo-feminino\/","title":{"rendered":"Burnout no Universo Feminino"},"content":{"rendered":"<p style=\"text-align: right;\">Por Tiago Carvalho<\/p>\n<p style=\"text-align: justify;\">Reflexo do estresse cr\u00f4nico n\u00e3o administrado com sucesso, o burnout refere-se ao estado de esgotamento emocional e f\u00edsico que infelizmente, posiciona o Brasil como o segundo pa\u00eds com o maior n\u00famero de casos.<\/p>\n<p style=\"text-align: justify;\">Enfrentar e reconhecer o burnout no dia a dia \u00e9 uma tarefa vital, muitas vezes mais f\u00e1cil de falar do que lidar com os sintomas. Embora haja uma \u00eanfase crescente no cuidado com a sa\u00fade mental, h\u00e1 v\u00e1rios desafios para superar no dia a dia.<\/p>\n<p style=\"text-align: justify;\">Reconhecer o burnout em si \u00e9 um obst\u00e1culo! A grande maioria da sociedade glorifica a ideia do &#8220;trabalho duro&#8221; e da &#8220;resist\u00eancia&#8221;, o que pode levar voc\u00ea a ignorar sinais de exaust\u00e3o que v\u00e3o do cansa\u00e7o excessivo, passando pela irritabilidade, baixa autoestima, dores de cabe\u00e7a e musculares, podendo levar a ansiedade e depress\u00e3o. Al\u00e9m disso, o estigma associado ao conceito equivocado sobre vulnerabilidade feminina pode fazer com que as mulheres relutem em admitir que precisam de ajuda, na tentativa inconsciente de evitar o r\u00f3tulo de &#8220;fracasso&#8220; por vezes distribu\u00eddo por terceiros.<\/p>\n<p style=\"text-align: justify;\">Al\u00e9m disso, o enfrentamento requer mudan\u00e7as pr\u00e1ticas na vida di\u00e1ria. Isso muitas vezes significa repensar os limites de trabalho, diminuir o ritmo, ou mesmo afastar-se temporariamente de certas responsabilidades. Isso pode ser desafiador, especialmente em culturas de trabalho competitivas e de alta press\u00e3o, onde a busca constante pela produtividade pode prevalecer sobre o bem-estar humano.<\/p>\n<p style=\"text-align: justify;\">Outro desafio \u00e9 a falta de acesso a recursos de apoio! Nem todos t\u00eam acesso a informa\u00e7\u00e3o, suporte especializado ou ambientes de trabalho que valorizem a sa\u00fade emocional, gerando a sensa\u00e7\u00e3o de que o burnout \u00e9 uma batalha solit\u00e1ria. Acredite, voc\u00ea n\u00e3o est\u00e1 sozinha!<\/p>\n<p style=\"text-align: justify;\">As estrat\u00e9gias de enfrentamento nem sempre s\u00e3o eficazes para todos. O que funciona para uma pessoa pode n\u00e3o funcionar para outra. Isso torna o processo de recupera\u00e7\u00e3o mais complexo, uma vez que a busca por solu\u00e7\u00f5es pessoais pode ser um caminho \u00e1rduo e demorado.<\/p>\n<p style=\"text-align: justify;\">Entre a\u00e7\u00f5es pr\u00e1ticas de enfrentamento, estabele\u00e7a hor\u00e1rios de in\u00edcio e t\u00e9rmino da jornada de trabalho, fa\u00e7a pequenas pausa para relaxar, promova uma rotina saud\u00e1vel com boa alimenta\u00e7\u00e3o e exerc\u00edcio f\u00edsico, estimule sono de qualidade, reserve momentos para fazer nada e lembre-se: voc\u00ea n\u00e3o precisa salvar o mundo!<\/p>\n<p style=\"text-align: justify;\">Fonte: https:\/\/www.gov.br\/saude\/pt-br\/assuntos\/saude-de-a-a-z\/s\/sindrome-de-burnout<\/p>\n<p style=\"text-align: justify;\">Dr. Tiago Carvalho<br \/>\nPsicanalista &amp; Biom\u00e9dico<br \/>\n@tiagocarvalho.tc<\/p>\n<p style=\"text-align: justify;\">&nbsp;<\/p>\n<p style=\"text-align: justify;\">&nbsp;<\/p>\n<p style=\"text-align: justify;\">&nbsp;<\/p>\n","protected":false},"excerpt":{"rendered":"<p>Por Tiago Carvalho Reflexo do estresse cr\u00f4nico n\u00e3o administrado com sucesso, o burnout refere-se ao estado de esgotamento emocional e f\u00edsico que infelizmente, posiciona o Brasil como o segundo pa\u00eds com o maior n\u00famero de casos. Enfrentar e reconhecer o burnout no dia a dia \u00e9 uma tarefa vital, muitas vezes mais f\u00e1cil de falar [&hellip;]<\/p>\n","protected":false},"author":1,"featured_media":34052,"comment_status":"open","ping_status":"open","sticky":false,"template":"","format":"standard","meta":{"ngg_post_thumbnail":0,"footnotes":""},"categories":[2,275,41],"tags":[],"class_list":["post-34050","post","type-post","status-publish","format-standard","has-post-thumbnail","hentry","category-destaques","category-mulher","category-ultimasnoticias"],"_links":{"self":[{"href":"https:\/\/somdepapo.com.br\/portal\/wp-json\/wp\/v2\/posts\/34050","targetHints":{"allow":["GET"]}}],"collection":[{"href":"https:\/\/somdepapo.com.br\/portal\/wp-json\/wp\/v2\/posts"}],"about":[{"href":"https:\/\/somdepapo.com.br\/portal\/wp-json\/wp\/v2\/types\/post"}],"author":[{"embeddable":true,"href":"https:\/\/somdepapo.com.br\/portal\/wp-json\/wp\/v2\/users\/1"}],"replies":[{"embeddable":true,"href":"https:\/\/somdepapo.com.br\/portal\/wp-json\/wp\/v2\/comments?post=34050"}],"version-history":[{"count":2,"href":"https:\/\/somdepapo.com.br\/portal\/wp-json\/wp\/v2\/posts\/34050\/revisions"}],"predecessor-version":[{"id":34053,"href":"https:\/\/somdepapo.com.br\/portal\/wp-json\/wp\/v2\/posts\/34050\/revisions\/34053"}],"wp:featuredmedia":[{"embeddable":true,"href":"https:\/\/somdepapo.com.br\/portal\/wp-json\/wp\/v2\/media\/34052"}],"wp:attachment":[{"href":"https:\/\/somdepapo.com.br\/portal\/wp-json\/wp\/v2\/media?parent=34050"}],"wp:term":[{"taxonomy":"category","embeddable":true,"href":"https:\/\/somdepapo.com.br\/portal\/wp-json\/wp\/v2\/categories?post=34050"},{"taxonomy":"post_tag","embeddable":true,"href":"https:\/\/somdepapo.com.br\/portal\/wp-json\/wp\/v2\/tags?post=34050"}],"curies":[{"name":"wp","href":"https:\/\/api.w.org\/{rel}","templated":true}]}}