{"id":34129,"date":"2023-11-24T14:20:32","date_gmt":"2023-11-24T17:20:32","guid":{"rendered":"https:\/\/somdepapo.com.br\/portal\/?p=34129"},"modified":"2023-11-24T14:20:32","modified_gmt":"2023-11-24T17:20:32","slug":"o-profissional-do-futuro-e-as-empresas-do-passado","status":"publish","type":"post","link":"https:\/\/somdepapo.com.br\/portal\/o-profissional-do-futuro-e-as-empresas-do-passado\/","title":{"rendered":"O Profissional do Futuro e as Empresas do Passado"},"content":{"rendered":"<p style=\"text-align: right;\">Por Henrique Couto&nbsp;<\/p>\n<p style=\"text-align: justify;\">Quais as Compet\u00eancias que o mercado tem, eleito como as compet\u00eancias dos profissionais do futuro? E essas compet\u00eancias ajudam minha empresa em que? Sou pequeno ou m\u00e9dio empres\u00e1rio, isso tamb\u00e9m serve para meu neg\u00f3cio?<\/p>\n<p style=\"text-align: justify;\">Vamos l\u00e1!<br \/>\nClaro que sim, quando falamos de compet\u00eancias falamos de conhecimento e atitudes, muitas vezes as pessoas, t\u00eam conhecimento e n\u00e3o sabem us\u00e1-lo, outras vezes, possuem atitudes, mas n\u00e3o tem o conhecimento. Como empresa precisamos criar c\u00f3digos de conduta e mapas de compet\u00eancias que nos ajudem a levar nosso neg\u00f3cio adiante, e nos fa\u00e7a crescer. Mas aqui iremos falar de algumas compet\u00eancias globais, que s\u00e3o aquelas que servem para todas as empresas e todos os tipos de neg\u00f3cios, e eu queria que voc\u00ea empres\u00e1rio que l\u00ea essa coluna, pense e avalie se voc\u00ea possui essas compet\u00eancias desenvolvidas em voc\u00ea, e se tiver as use a seu favor, e sen\u00e3o tiver comece a estudar sobre o assunto e se desenvolver j\u00e1.<br \/>\n1. Adaptabilidade: Reinventar-se frente aos seus desafios \u2013 Como podemos nos dias de hoje, onde a \u00fanica certeza que temos \u00e9 a mudan\u00e7a, ter profissionais em nossa empresa que n\u00e3o se adaptam a mudan\u00e7a e n\u00e3o se reinventam frente aos desafios do dia-a-dia, as metas, as frustra\u00e7\u00f5es, as perdas. Quanto tempo vc passando olhando para o leite derramado? Gaste tempo se reinventando, e criando novas estrat\u00e9gias para vencer e n\u00e3o para sofrer.<br \/>\n2. Pensamento Cr\u00edtico: An\u00e1lise Objetiva \u2013 Pensar de forma cr\u00edtica, pensar fora da caixa, considerar opini\u00e3o dos outros, considerar os cen\u00e1rios que nos impactam, e dar mais espa\u00e7o para os fatos que para as emo\u00e7\u00f5es e pensem de forma ampla, pois \u00e9 preciso analisar os fatos de forma objetiva e encontrar as solu\u00e7\u00f5es de forma r\u00e1pida.<br \/>\n3. Aprendizado Cont\u00ednuo \u2013 Evolu\u00e7\u00e3o Constante \u2013 N\u00e3o pare de aprender nunca, seja inquieto, um empres\u00e1rio que n\u00e3o estuda n\u00e3o cresce. A cada 5min temos uma informa\u00e7\u00e3o nova nos dias de hoje. Imagina quanta coisa voc\u00ea precisa conhecer e entender? Seja exemplo para sua equipe, mostre o quanto voc\u00ea estuda e se interessa pelo novo.<br \/>\n4. Habilidades Sociais \u2013 Comunica\u00e7\u00e3o e Empatia \u2013 Como viver em sociedade sem se comunicar de forma clara, agrad\u00e1vel, e n\u00e3o ter empatia com o outro? O que \u00e9 Empatia? A capacidade de se colocar no lugar do outro. Ent\u00e3o m\u00e3os a obra! Comunicar-se \u00e9 preciso e fa\u00e7a isso com empatia pelo outro.<br \/>\n5. Dom\u00ednio da Tecnologia \u2013 Al\u00e9m de Usar Compreender \u2013 Sem tecnologia n\u00e3o se vive, por\u00e9m precisamos entender o que temos de oferta e o que realmente precisamos e nos serve. Encontre a fun\u00e7\u00e3o da tecnologia para sua empresa. E sen\u00e3o souber busque um especialista, esse tema, merece aten\u00e7\u00e3o.<br \/>\n6. Resolu\u00e7\u00e3o de Problemas em Cen\u00e1rios Complexos \u2013 Precisamos ser pessoas, e ter pessoas que resolvam problemas, que foquem em solu\u00e7\u00f5es, e que criem a\u00e7\u00f5es positivas sempre. Voc\u00ea como empres\u00e1rio precisa ter esse direcionamento, e ser exemplo para sua equipe. Quem n\u00e3o foca em solu\u00e7\u00f5es e s\u00f3 foca em problemas n\u00e3o cresce.<br \/>\n7. Vis\u00e3o Global \u2013 Entender o mundo \u2013 Os acontecimentos mundiais nos afetam todos os dias, sabemos disso. Portanto esteja atento, e perceba os impactos no seu neg\u00f3cio.<br \/>\nPense que voc\u00ea como empres\u00e1rio precisa ter essas compet\u00eancias para conduzir seu neg\u00f3cio, sua empresa e seus funcion\u00e1rios. E contrate pessoas, que tenham essas mesmas caracter\u00edsticas. Mas lembrem-se as pessoas n\u00e3o v\u00eam prontas, elas precisam ser treinadas e capacitadas para desenvolver suas compet\u00eancias.<br \/>\nQuem faz isso ter\u00e1 profissionais do futuro e ser\u00e1 uma empresa atual, quem n\u00e3o fizer ser\u00e1 uma empresa do passado.<\/p>\n<p style=\"text-align: justify;\">Pense nisso!<br \/>\nEstou \u00e0 disposi\u00e7\u00e3o de todos para juntos aprofundarmos esse aprendizado sobre os temas apresentados aqui hoje.<\/p>\n<p style=\"text-align: justify;\">Boa sorte a todos.<br \/>\nContrate um Consultor Empresarial, s\u00e9rio, respons\u00e1vel, e d\u00ea in\u00edcio aos trabalhos. Esse investimento \u00e9 o maior respons\u00e1vel pelo crescimento sustent\u00e1vel do seu neg\u00f3cio.<br \/>\nConverse comigo nas redes sociais:<br \/>\nInstagram @hc_consultor<br \/>\nWhatsapp 81 995904185<br \/>\nSucesso a todos!<\/p>\n","protected":false},"excerpt":{"rendered":"<p>Por Henrique Couto&nbsp; Quais as Compet\u00eancias que o mercado tem, eleito como as compet\u00eancias dos profissionais do futuro? E essas compet\u00eancias ajudam minha empresa em que? Sou pequeno ou m\u00e9dio empres\u00e1rio, isso tamb\u00e9m serve para meu neg\u00f3cio? Vamos l\u00e1! Claro que sim, quando falamos de compet\u00eancias falamos de conhecimento e atitudes, muitas vezes as pessoas, [&hellip;]<\/p>\n","protected":false},"author":1,"featured_media":34132,"comment_status":"open","ping_status":"open","sticky":false,"template":"","format":"standard","meta":{"ngg_post_thumbnail":0,"footnotes":""},"categories":[2,30,41],"tags":[],"class_list":["post-34129","post","type-post","status-publish","format-standard","has-post-thumbnail","hentry","category-destaques","category-negocios","category-ultimasnoticias"],"_links":{"self":[{"href":"https:\/\/somdepapo.com.br\/portal\/wp-json\/wp\/v2\/posts\/34129","targetHints":{"allow":["GET"]}}],"collection":[{"href":"https:\/\/somdepapo.com.br\/portal\/wp-json\/wp\/v2\/posts"}],"about":[{"href":"https:\/\/somdepapo.com.br\/portal\/wp-json\/wp\/v2\/types\/post"}],"author":[{"embeddable":true,"href":"https:\/\/somdepapo.com.br\/portal\/wp-json\/wp\/v2\/users\/1"}],"replies":[{"embeddable":true,"href":"https:\/\/somdepapo.com.br\/portal\/wp-json\/wp\/v2\/comments?post=34129"}],"version-history":[{"count":1,"href":"https:\/\/somdepapo.com.br\/portal\/wp-json\/wp\/v2\/posts\/34129\/revisions"}],"predecessor-version":[{"id":34133,"href":"https:\/\/somdepapo.com.br\/portal\/wp-json\/wp\/v2\/posts\/34129\/revisions\/34133"}],"wp:featuredmedia":[{"embeddable":true,"href":"https:\/\/somdepapo.com.br\/portal\/wp-json\/wp\/v2\/media\/34132"}],"wp:attachment":[{"href":"https:\/\/somdepapo.com.br\/portal\/wp-json\/wp\/v2\/media?parent=34129"}],"wp:term":[{"taxonomy":"category","embeddable":true,"href":"https:\/\/somdepapo.com.br\/portal\/wp-json\/wp\/v2\/categories?post=34129"},{"taxonomy":"post_tag","embeddable":true,"href":"https:\/\/somdepapo.com.br\/portal\/wp-json\/wp\/v2\/tags?post=34129"}],"curies":[{"name":"wp","href":"https:\/\/api.w.org\/{rel}","templated":true}]}}