{"id":34260,"date":"2023-12-03T12:11:29","date_gmt":"2023-12-03T15:11:29","guid":{"rendered":"https:\/\/somdepapo.com.br\/portal\/?p=34260"},"modified":"2023-12-03T12:11:43","modified_gmt":"2023-12-03T15:11:43","slug":"tem-interesse-em-ingressar-na-area-de-logistica","status":"publish","type":"post","link":"https:\/\/somdepapo.com.br\/portal\/tem-interesse-em-ingressar-na-area-de-logistica\/","title":{"rendered":"Tem interesse em ingressar na \u00e1rea de Log\u00edstica?"},"content":{"rendered":"<p style=\"text-align: right;\">Por: Andr\u00e9a Alvarenga<\/p>\n<p style=\"text-align: justify;\">Consultora de RH, Palestrante, Multiplicadora<\/p>\n<p style=\"text-align: justify;\">Voc\u00ea j\u00e1 teve d\u00favidas sobre o que \u00e9 a \u00e1rea de Log\u00edstica e o que faz o profissional da Log\u00edstica? Muitos n\u00e3o sabem a amplitude dessa atividade t\u00e3o importante em qualquer empresa. E o quanto um bom profissional pode crescer nessa \u00e1rea, tanto em cargo quanto em sal\u00e1rio. Se voc\u00ea tem interesse na \u00e1rea, e apresenta um Perfil din\u00e2mico, \u00e1gil e assertivo, com habilidade comunicativa, analista, inovadora, voltada para solu\u00e7\u00f5es e resultados, conhece sistemas e domina c\u00e1lculos, al\u00e9m de trabalhar bem em equipe e ser estrategista, n\u00e3o perca a oportunidade de investir nessa profiss\u00e3o.<\/p>\n<p style=\"text-align: justify;\">Vamos entender melhor esta \u00e1rea que cresce a cada dia, e \u00e9 considerada uma das que mais emprega no Brasil atualmente.<\/p>\n<p style=\"text-align: justify;\">A palavra log\u00edstica tem sua origem do grego, transmitindo sentido de planejamento e organiza\u00e7\u00e3o, al\u00e9m de habilidade com c\u00e1lculo e racioc\u00ednio l\u00f3gico. Resume bem o que vem a ser Log\u00edstica nos conceitos atuais:<\/p>\n<p style=\"text-align: justify;\">&nbsp;\u201cAs empresas de log\u00edstica s\u00e3o respons\u00e1veis por gerenciar, planejar e executar o transporte, armazenagem e distribui\u00e7\u00e3o de produtos de forma eficiente e segura. E tem por objetivo, otimizar a movimenta\u00e7\u00e3o de mercadorias, minimizando custos e garantindo a entrega no prazo estabelecido\u201d.<\/p>\n<p style=\"text-align: justify;\">A Log\u00edstica ocupa uma posi\u00e7\u00e3o estrat\u00e9gica na Cadeia de Suprimentos (envolve da produ\u00e7\u00e3o \u00e0 entrega ao cliente), composta por fornecedores, fabricantes, distribuidores, varejistas e consumidores. E neste contexto, oferece variados tipos de servi\u00e7os:<\/p>\n<p style=\"text-align: justify;\">\uf0fc Transporte &#8211; deslocamento terrestre, a\u00e9reo e mar\u00edtimo.<\/p>\n<p style=\"text-align: justify;\">\uf0fc Armazenagem \u2013 controle da forma segura de guardar, movimentar, expor e girar produtos.<\/p>\n<p style=\"text-align: justify;\">\uf0fc Gest\u00e3o de Estoque &#8211; controle do fluxo, que evite excessos e faltas, prazos de validade, qualidade na entrega, giros e devolu\u00e7\u00f5es, evitar perdas e preju\u00edzos.<\/p>\n<p style=\"text-align: justify;\">\uf0fc Gest\u00e3o de Planejamento e Compra de insumos para a produ\u00e7\u00e3o.<\/p>\n<p style=\"text-align: justify;\">\uf0fc Log\u00edstica Reversa &#8211; gest\u00e3o de retornos e\/ou reciclagem de produtos.<\/p>\n<p style=\"text-align: justify;\">\uf0fc Log\u00edstica Interna \u2013 movimenta\u00e7\u00e3o dentro da empresa, executando processos e procedimentos de distribui\u00e7\u00e3o, remanejamentos, reposi\u00e7\u00f5es, perdas.<\/p>\n<p style=\"text-align: justify;\">\uf0fc Log\u00edstica Internacional &#8211; transporte e a distribui\u00e7\u00e3o dos produtos entre pa\u00edses diferentes, envolvendo quest\u00f5es aduaneiras, cambiais e tribut\u00e1rias.<\/p>\n<p style=\"text-align: justify;\">\uf0fc Log\u00edstica 4.0 \u2013 Uso de tecnologia nas opera\u00e7\u00f5es log\u00edsticas (IA, Big data, Blockchain, IoT etc).<\/p>\n<p style=\"text-align: justify;\">O profissional de Log\u00edstica, apresenta periodicamente indicadores de qualidade dos servi\u00e7os, que possibilita a empresa a analisar o melhor custo benef\u00edcio a tudo o que diz respeito \u00e0s suas demandas, garantindo os melhores resultados de desempenho referente: a Taxas de atendimento ao Cliente, que mede sua satisfa\u00e7\u00e3o; Os Custos com transporte por quilometr; as Taxas de retorno em fun\u00e7\u00e3o da qualidade no processo de entrega; a Taxa de entrega nos prazos estabelecidos; os Custos totais do processo log\u00edstico. E em fun\u00e7\u00e3o dessas demandas, o profissional de log\u00edstica precisa ter uma forma\u00e7\u00e3o e cursos espec\u00edficos.<\/p>\n<p style=\"text-align: justify;\">Existem cursos de forma\u00e7\u00e3o a n\u00edvel m\u00e9dio (T\u00e9cnico) e superior (incluindo Tecn\u00f3logos), al\u00e9m das especializa\u00e7\u00f5es, tanto presencial como EaD, sendo bem access\u00edveis, j\u00e1 que existe a possibilidade de bolsas e cursos t\u00e9cnicos gratuitos:<\/p>\n<p style=\"text-align: justify;\">\uf0fc Gradua\u00e7\u00e3o em log\u00edstica;<\/p>\n<p style=\"text-align: justify;\">\uf0fc T\u00e9cnico em Log\u00edstica;<\/p>\n<p style=\"text-align: justify;\">\uf0fc Gest\u00e3o de estoque;<\/p>\n<p style=\"text-align: justify;\">\uf0fc Gest\u00e3o de Log\u00edstica e Supply Chain;<\/p>\n<p style=\"text-align: justify;\">\uf0fc Gest\u00e3o de Custos Log\u00edsticos;<\/p>\n<p style=\"text-align: justify;\">\uf0fc Gest\u00e3o de opera\u00e7\u00f5es e log\u00edstica empresarial.<\/p>\n<p style=\"text-align: justify;\">Voc\u00ea pode ocupar os cargos de: Assistente, Encarregado, T\u00e9cnico, Analista, Supervisor, Coordenador, Gerente, Diretor, Consultor, iniciando inclusive sua carreira como Estagi\u00e1rio, enquanto ainda estuda, desenvolvendo um bom trabalho e evidenciando o perfil supracitado no in\u00edcio deste artigo, conquistando seu espa\u00e7o como profissional de excel\u00eancia na Log\u00edstica.<\/p>\n<p style=\"text-align: justify;\">O sal\u00e1rio no Brasil atualmente gira em torno de R$ 1.700,00 para cargo de Assistente a R$ 11 mil para Diretores, em empresas pequenas e m\u00e9dias. A depender da regi\u00e3o, do segmento, do porte da empresa e tempo de servi\u00e7o, os sal\u00e1rios podem ser bem maiores, sendo que um diretor, numa grande empresa, chega a ganhar R$ 45 mil reais mensais e coordenadores 30 mil reais. Especialmente no segmento de Engenharia.<\/p>\n<p style=\"text-align: justify;\">Percebem como o campo no Mercado de Trabalho \u00e9 aberto para a Log\u00edstica? O quanto se qualificar nesta profiss\u00e3o lhe favorecer, tendo em vista que este Mercado cresce vertiginosamente e busca profissionais capacitados? Vai em frente, e Sucesso!<\/p>\n<p style=\"text-align: justify;\">\u201cN\u00e3o h\u00e1 conquistas f\u00e1ceis. S\u00e3o as estradas sinuosas que levam ao caminho certo.<\/p>\n<p style=\"text-align: justify;\">O profissional, em qualquer of\u00edcio, alcan\u00e7ar\u00e1 o triunfo a partir de um esp\u00edrito tenaz, forte, obstinado. \u201d<\/p>\n<p style=\"text-align: justify;\">Afonso Opazo<\/p>\n<p style=\"text-align: justify;\">Refer\u00eancias:<\/p>\n<p style=\"text-align: justify;\">\n<blockquote class=\"wp-embedded-content\" data-secret=\"yhWRLcCBrJ\"><p><a href=\"https:\/\/comprovei.com\/logistica\/qual-a-formacao-profissional-para-trabalhar-com-logistica\/\">Qual a forma\u00e7\u00e3o profissional para trabalhar com log\u00edstica?<\/a><\/p><\/blockquote>\n<p><iframe class=\"wp-embedded-content\" sandbox=\"allow-scripts\" security=\"restricted\" style=\"position: absolute; visibility: hidden;\" title=\"&#8220;Qual a forma\u00e7\u00e3o profissional para trabalhar com log\u00edstica?&#8221; &#8212; Comprovei\" src=\"https:\/\/comprovei.com\/logistica\/qual-a-formacao-profissional-para-trabalhar-com-logistica\/embed\/#?secret=y1wLz1v21t#?secret=yhWRLcCBrJ\" data-secret=\"yhWRLcCBrJ\" width=\"500\" height=\"282\" frameborder=\"0\" marginwidth=\"0\" marginheight=\"0\" scrolling=\"no\"><\/iframe><\/p>\n<p style=\"text-align: justify;\">\n<blockquote class=\"wp-embedded-content\" data-secret=\"6XpOpGG8Y4\"><p><a href=\"https:\/\/www.cobli.co\/blog\/empresas-de-logistica\/\">Empresas de log\u00edstica: o que s\u00e3o e como atuam?<\/a><\/p><\/blockquote>\n<p><iframe class=\"wp-embedded-content\" sandbox=\"allow-scripts\" security=\"restricted\" style=\"position: absolute; visibility: hidden;\" title=\"&#8220;Empresas de log\u00edstica: o que s\u00e3o e como atuam?&#8221; &#8212; Blog da Cobli | Tudo sobre Gest\u00e3o de Frotas\" src=\"https:\/\/www.cobli.co\/blog\/empresas-de-logistica\/embed\/#?secret=3CDcwTCayr#?secret=6XpOpGG8Y4\" data-secret=\"6XpOpGG8Y4\" width=\"500\" height=\"282\" frameborder=\"0\" marginwidth=\"0\" marginheight=\"0\" scrolling=\"no\"><\/iframe><\/p>\n<p style=\"text-align: justify;\">https:\/\/www.guiadacarreira.com.br\/blog\/logistica-o-que-faz<\/p>\n<p style=\"text-align: justify;\">https:\/\/www.guiadacarreira.com.br\/blog\/quanto-ganha-um-profissional-de-logistica<\/p>\n<p style=\"text-align: justify;\">Refer\u00eancia da Imagem:<\/p>\n<p style=\"text-align: justify;\">https:\/\/faculdadefalcao.com.br\/wp-content\/webp-express\/webp-images\/doc-root\/wp-content\/uploads\/2023\/07\/onfence-13-1024&#215;663.png.webp<\/p>\n<p style=\"text-align: justify;\">&nbsp;<\/p>\n<p>&nbsp;<\/p>\n<p>&nbsp;<\/p>\n<p>&nbsp;<\/p>\n<p>&nbsp;<\/p>\n<p>&nbsp;<\/p>\n<p>&nbsp;<\/p>\n<p>&nbsp;<\/p>\n<p>&nbsp;<\/p>\n<p>&nbsp;<\/p>\n","protected":false},"excerpt":{"rendered":"<p>Por: Andr\u00e9a Alvarenga Consultora de RH, Palestrante, Multiplicadora Voc\u00ea j\u00e1 teve d\u00favidas sobre o que \u00e9 a \u00e1rea de Log\u00edstica e o que faz o profissional da Log\u00edstica? Muitos n\u00e3o sabem a amplitude dessa atividade t\u00e3o importante em qualquer empresa. E o quanto um bom profissional pode crescer nessa \u00e1rea, tanto em cargo quanto em [&hellip;]<\/p>\n","protected":false},"author":1,"featured_media":34261,"comment_status":"open","ping_status":"open","sticky":false,"template":"","format":"standard","meta":{"ngg_post_thumbnail":0,"footnotes":""},"categories":[2,155,41],"tags":[],"class_list":["post-34260","post","type-post","status-publish","format-standard","has-post-thumbnail","hentry","category-destaques","category-mercado-de-trabalho-2","category-ultimasnoticias"],"_links":{"self":[{"href":"https:\/\/somdepapo.com.br\/portal\/wp-json\/wp\/v2\/posts\/34260","targetHints":{"allow":["GET"]}}],"collection":[{"href":"https:\/\/somdepapo.com.br\/portal\/wp-json\/wp\/v2\/posts"}],"about":[{"href":"https:\/\/somdepapo.com.br\/portal\/wp-json\/wp\/v2\/types\/post"}],"author":[{"embeddable":true,"href":"https:\/\/somdepapo.com.br\/portal\/wp-json\/wp\/v2\/users\/1"}],"replies":[{"embeddable":true,"href":"https:\/\/somdepapo.com.br\/portal\/wp-json\/wp\/v2\/comments?post=34260"}],"version-history":[{"count":1,"href":"https:\/\/somdepapo.com.br\/portal\/wp-json\/wp\/v2\/posts\/34260\/revisions"}],"predecessor-version":[{"id":34262,"href":"https:\/\/somdepapo.com.br\/portal\/wp-json\/wp\/v2\/posts\/34260\/revisions\/34262"}],"wp:featuredmedia":[{"embeddable":true,"href":"https:\/\/somdepapo.com.br\/portal\/wp-json\/wp\/v2\/media\/34261"}],"wp:attachment":[{"href":"https:\/\/somdepapo.com.br\/portal\/wp-json\/wp\/v2\/media?parent=34260"}],"wp:term":[{"taxonomy":"category","embeddable":true,"href":"https:\/\/somdepapo.com.br\/portal\/wp-json\/wp\/v2\/categories?post=34260"},{"taxonomy":"post_tag","embeddable":true,"href":"https:\/\/somdepapo.com.br\/portal\/wp-json\/wp\/v2\/tags?post=34260"}],"curies":[{"name":"wp","href":"https:\/\/api.w.org\/{rel}","templated":true}]}}