{"id":34429,"date":"2023-12-17T13:41:32","date_gmt":"2023-12-17T16:41:32","guid":{"rendered":"https:\/\/somdepapo.com.br\/portal\/?p=34429"},"modified":"2023-12-17T13:41:32","modified_gmt":"2023-12-17T16:41:32","slug":"como-usar-as-cores-a-seu-favor-numa-entrevista-de-emprego","status":"publish","type":"post","link":"https:\/\/somdepapo.com.br\/portal\/como-usar-as-cores-a-seu-favor-numa-entrevista-de-emprego\/","title":{"rendered":"Como usar as cores a seu favor numa entrevista de emprego?"},"content":{"rendered":"<p style=\"text-align: right;\">Por: Andr\u00e9a Alvarenga<\/p>\n<p style=\"text-align: justify;\">Consultora de RH, Palestrante, Multiplicadora<\/p>\n<p style=\"text-align: justify;\">Ol\u00e1 Pessoas! \u00c9 chegado o fim de ano, Natal e Ano Novo batendo em nossas portas, e nossa mente j\u00e1 trabalha festejos com fam\u00edlia, amigos, colegas de trabalho. Tudo muito intenso, porque afinal, entramos em clima de alegrias, de auto avalia\u00e7\u00f5es, reavalia\u00e7\u00f5es de projetos, renova\u00e7\u00f5es de esperan\u00e7a e expectativas diversas.<\/p>\n<p style=\"text-align: justify;\">Da\u00ed vem em minha mente a infinidade de cores e luzes que surgem no fim de ano. As cores do Natal, verde e vermelho, as cores do ano novo, com o fant\u00e1stico Branco significando a Paz, ou outra cor qualquer, que vai depender do que voc\u00ea espera do ano vindouro. Ou simplesmente escolhe-se a roupa, independentemente da cor preferida, e vira-se o ano, sem pensar muito nos significados.<\/p>\n<p style=\"text-align: justify;\">Voc\u00ea sabia que as profiss\u00f5es t\u00eam cores espec\u00edficas, e traz significados maravilhosos? O uso das cores certas pode causar as melhores impress\u00f5es, sensa\u00e7\u00f5es e rea\u00e7\u00f5es em nosso c\u00edrculo de trabalho e outras rela\u00e7\u00f5es. Ent\u00e3o certamente, a escolha da cor para cada profiss\u00e3o traz um contexto que remeter\u00e1 as caracter\u00edsticas peculiares de cada profiss\u00e3o. Vamos conhecer algumas Cores que normalmente representam as profiss\u00f5es?<\/p>\n<p style=\"text-align: justify;\">o AZUL: Ci\u00eancias da Sa\u00fade e Ci\u00eancias Biol\u00f3gicas.<\/p>\n<p style=\"text-align: justify;\">o VERDE: Ci\u00eancias Exatas e Terra e Ci\u00eancias Biol\u00f3gicas (Biomedicina, Enfermagem, Educa\u00e7\u00e3o F\u00edsica, Gastronomia, Est\u00e9tica, Fisioterapia, Medicina, Veterin\u00e1ria, Nutri\u00e7\u00e3o e Servi\u00e7o Social.<\/p>\n<p style=\"text-align: justify;\">o VERMELHA: Ci\u00eancias Sociais Aplicadas, Ci\u00eancias Humanas, como o Direito; Lingu\u00edstica e Artes.<\/p>\n<p style=\"text-align: justify;\">o AMARELA\/DOURADA: Farm\u00e1cia e Bioqu\u00edmica.<\/p>\n<p style=\"text-align: justify;\">o AZUL CELESTE: Arquitetura e urbanismo, Geografia.<\/p>\n<p style=\"text-align: justify;\">o AZUL ROYAL: Administra\u00e7\u00e3o, RH, Ci\u00eancias Biol\u00f3gicas, Comunica\u00e7\u00e3o, Economia, Engenharias, Inform\u00e1tica, Jornalismo, Rela\u00e7\u00f5es P\u00fablicas, Psicologia e Publicidade e Propaganda.<\/p>\n<p style=\"text-align: justify;\">o ROSA: Ci\u00eancias Cont\u00e1beis.<\/p>\n<p style=\"text-align: justify;\">o BORD\u00d4\/VINHO: Odontologia.<\/p>\n<p style=\"text-align: justify;\">o LIL\u00c1S: Hist\u00f3ria, Letras e Pedagogia.<\/p>\n<p style=\"text-align: justify;\">Mais interessante ainda que saber a cor da sua profiss\u00e3o, \u00e9 saber fazer uso das cores numa entrevista de emprego, nas rela\u00e7\u00f5es de trabalho e sociais, de forma a impressionar e conquistar seus objetivos. Sim, as cores podem favorecer suas conquistas. Vamos conhecer e testar?<\/p>\n<p style=\"text-align: justify;\">o Para Representa\u00e7\u00f5es e Vendas: azul, laranja, amarelo ou rosa com base azul, PORQUE transmite confian\u00e7a, alegria, est\u00edmulo, inspira\u00e7\u00e3o e sinergia.<\/p>\n<p style=\"text-align: justify;\">o Publicidade, Marketing, Recrea\u00e7\u00e3o e outras atividades criativas: roxo, lavanda, violeta avermelhado, rosa claro, azul claro, celeste, acinzentado, escuro, Bronze, cinzas PORQUE desperta os sentidos, espiritualidade, paix\u00e3o, criatividade, fantasia, est\u00edmulo art\u00edstico, ilumina\u00e7\u00e3o.<\/p>\n<p style=\"text-align: justify;\">o Entrevistas de Emprego (ATIVIDADES CONSERVADORAS): cinza escuro, azul comum e marinho, preto, PORQUE comunica poder, seriedade, responsabilidade, organiza\u00e7\u00e3o, equil\u00edbrio, fidelidade, confian\u00e7a e intensidade. PROFISS\u00d5ES CRIATIVAS: amarelo, rosa, preto e branco, azul acinzentado, PORQUE mostra personalidade alertas e alegre, calma, desperta rea\u00e7\u00f5es bondosas; extravag\u00e2ncia e imagina\u00e7\u00e3o, agudez de esp\u00edrito (especialmente o contraste preto e branco). LIGADAS \u00e0 BELEZA: vermelho, f\u00facsia, roxos, laranjas suave e claro, cereja, PORQUE demonstra for\u00e7a e autoridade, vivacidade, dinamismo, criatividade e for\u00e7a art\u00edstica, espiritualidade, simpatia, intelig\u00eancia.<\/p>\n<p style=\"text-align: justify;\">o Reuni\u00f5es de Neg\u00f3cios: preto com tons fortes, azuis escuros, cinzas m\u00e9dios e escuros, caramelo, vermelhos azulados, PORQUE transmite poder, confiabilidade, boa vontade, sucesso, for\u00e7a, estabilidade, confian\u00e7a, calor e sensualidade, vitalidade.<\/p>\n<p style=\"text-align: justify;\">o Falar em P\u00fablico: azuis ou preto com vermelho, preto com tons vibrantes, vermelho escarlate, vermelho com base azul ou tomate, amarelo, rosa v\u00edvido ou profundo, azuis m\u00e9dios ou escuros, azul comum, verde azulado PORQUE gera ou atrai excita\u00e7\u00e3o, poder, dinamismo, compaix\u00e3o, ret\u00e9m aten\u00e7\u00e3o, confiabilidade, paix\u00e3o, rea\u00e7\u00f5es favor\u00e1veis, boa vontade.<\/p>\n<p style=\"text-align: justify;\">Agora que voc\u00ea j\u00e1 sabe o poder das cores, que tal us\u00e1-las a seu favor?<\/p>\n<p style=\"text-align: justify;\">Que este Fim de Ano seja Repleto de Cores com seus mais diversos e poderosos significados, felizes e produtivos, em todos os campos de sua Vida. Feliz Natal Leitores Amigos! E que venha 2024!<\/p>\n<p style=\"text-align: justify;\">Refer\u00eancias artigos e imagem:<\/p>\n<p style=\"text-align: justify;\">https:\/\/www.casadoformandoce.com.br\/post\/qual-a-cor-que-representa-meu-curso<\/p>\n<p style=\"text-align: justify;\">https:\/\/www.auditorioibirapuera.com.br\/qual-a-cor-de-cada-profissao\/<\/p>\n<p style=\"text-align: justify;\">https:\/\/www.olharconceito.com.br\/noticias\/exibir.asp?id=16175&#038;noticia=consultora-explica-como-as-cores-podem-te-ajudar-em-sua-profissao<\/p>\n<p style=\"text-align: justify;\">https:\/\/blogunigranead.com\/graduacao\/producao-publicitaria\/psicologia-das-cores<\/p>\n<p style=\"text-align: justify;\">&nbsp;<\/p>\n<p>&nbsp;<\/p>\n<p>&nbsp;<\/p>\n<p>&nbsp;<\/p>\n<p>&nbsp;<\/p>\n","protected":false},"excerpt":{"rendered":"<p>Por: Andr\u00e9a Alvarenga Consultora de RH, Palestrante, Multiplicadora Ol\u00e1 Pessoas! \u00c9 chegado o fim de ano, Natal e Ano Novo batendo em nossas portas, e nossa mente j\u00e1 trabalha festejos com fam\u00edlia, amigos, colegas de trabalho. Tudo muito intenso, porque afinal, entramos em clima de alegrias, de auto avalia\u00e7\u00f5es, reavalia\u00e7\u00f5es de projetos, renova\u00e7\u00f5es de esperan\u00e7a [&hellip;]<\/p>\n","protected":false},"author":1,"featured_media":34430,"comment_status":"open","ping_status":"open","sticky":false,"template":"","format":"standard","meta":{"ngg_post_thumbnail":0,"footnotes":""},"categories":[2,155,41],"tags":[],"class_list":["post-34429","post","type-post","status-publish","format-standard","has-post-thumbnail","hentry","category-destaques","category-mercado-de-trabalho-2","category-ultimasnoticias"],"_links":{"self":[{"href":"https:\/\/somdepapo.com.br\/portal\/wp-json\/wp\/v2\/posts\/34429","targetHints":{"allow":["GET"]}}],"collection":[{"href":"https:\/\/somdepapo.com.br\/portal\/wp-json\/wp\/v2\/posts"}],"about":[{"href":"https:\/\/somdepapo.com.br\/portal\/wp-json\/wp\/v2\/types\/post"}],"author":[{"embeddable":true,"href":"https:\/\/somdepapo.com.br\/portal\/wp-json\/wp\/v2\/users\/1"}],"replies":[{"embeddable":true,"href":"https:\/\/somdepapo.com.br\/portal\/wp-json\/wp\/v2\/comments?post=34429"}],"version-history":[{"count":1,"href":"https:\/\/somdepapo.com.br\/portal\/wp-json\/wp\/v2\/posts\/34429\/revisions"}],"predecessor-version":[{"id":34431,"href":"https:\/\/somdepapo.com.br\/portal\/wp-json\/wp\/v2\/posts\/34429\/revisions\/34431"}],"wp:featuredmedia":[{"embeddable":true,"href":"https:\/\/somdepapo.com.br\/portal\/wp-json\/wp\/v2\/media\/34430"}],"wp:attachment":[{"href":"https:\/\/somdepapo.com.br\/portal\/wp-json\/wp\/v2\/media?parent=34429"}],"wp:term":[{"taxonomy":"category","embeddable":true,"href":"https:\/\/somdepapo.com.br\/portal\/wp-json\/wp\/v2\/categories?post=34429"},{"taxonomy":"post_tag","embeddable":true,"href":"https:\/\/somdepapo.com.br\/portal\/wp-json\/wp\/v2\/tags?post=34429"}],"curies":[{"name":"wp","href":"https:\/\/api.w.org\/{rel}","templated":true}]}}