{"id":34472,"date":"2023-12-21T06:38:27","date_gmt":"2023-12-21T09:38:27","guid":{"rendered":"https:\/\/somdepapo.com.br\/portal\/?p=34472"},"modified":"2023-12-21T06:38:37","modified_gmt":"2023-12-21T09:38:37","slug":"que-tal-ser-o-papai-noel-e-conquistar-uma-renda-extra-no-fim-do-ano","status":"publish","type":"post","link":"https:\/\/somdepapo.com.br\/portal\/que-tal-ser-o-papai-noel-e-conquistar-uma-renda-extra-no-fim-do-ano\/","title":{"rendered":"Que tal ser o Papai Noel e conquistar uma Renda Extra no Fim do Ano?"},"content":{"rendered":"<p style=\"text-align: right;\">Por: Andr\u00e9a Alvarenga<\/p>\n<p style=\"text-align: justify;\">Consultora de RH, Palestrante, Multiplicadora.<\/p>\n<p style=\"text-align: justify;\">Ol\u00e1 Pessoas! Olha que oportunidade bacana no Mercado de Trabalho, que apesar de existir todo ano, n\u00e3o \u00e9 algo que se fale muito: a profiss\u00e3o Papai Noel, o bom velhinho que toda \u00e9poca de Natal, encontramos em shoppings, lojas, clubes, pra\u00e7as, resid\u00eancias, hospitais, escolas, empresas e comerciais de TV, dando aquele brilho super especial aos ambientes e festas natalinas. As crian\u00e7as adoram, mas os adultos tamb\u00e9m curtem muito, tiram fotos e se encantam com a magia que o bom velhinho emana. Normalmente trabalham de outubro e\/ou novembro at\u00e9 o dia 24 de dezembro.<\/p>\n<p style=\"text-align: justify;\">Temos no Mercado de Trabalho tamb\u00e9m a Mam\u00e3e Noel, ocupando toda empoderada, o trono do Papai Noel. E n\u00e3o pensem que n\u00e3o foi recebida com alegria, foi sim, e teve aqueles que preferiram ter a mam\u00e3e Noel no Trono este ano.<\/p>\n<p style=\"text-align: justify;\">A Mam\u00e3e Noel pode substituir o Papai Noel ou apenas ser auxiliar dele na produ\u00e7\u00e3o e supervis\u00e3o dos Elfos. E tem os ajudantes de Papai Noel que ganham entre R$ 35 a 70 reais por hora, e fazem de tudo um pouco.<\/p>\n<p style=\"text-align: justify;\">A imagem do papai Noel incentiva vendas, atrai clientes e promove alegria, e as vezes algumas tristezas com desabafos tamb\u00e9m, aos fillhos, pais e outros que v\u00e3o visit\u00e1-lo.<\/p>\n<p style=\"text-align: justify;\">Para se destacar e conseguir contratos que v\u00e3o de R$ 2 a 15 mil, e at\u00e9 25 mil reais, tem que se preparar. Para conseguir se promover nessa \u00e1rea, alguns pr\u00e9-requisitos b\u00e1sicos s\u00e3o exigidos: ser simp\u00e1tico, sorridente, ter uma comunica\u00e7\u00e3o verbal e n\u00e3o verbal expressiva, ter higiene, n\u00e3o fumar e n\u00e3o beber, adorar crian\u00e7a e dominar o Ho!Ho!Ho!. \u00c9 pr\u00e9-requisito tamb\u00e9m, ter mais de 50 anos, parecer o mais pr\u00f3ximo poss\u00edvel do perfil f\u00edsico, al\u00e9m de darem prefer\u00eancia aos cabelos e barbas grisalhas de verdade, o que n\u00e3o impede de usar as falsas. A prefer\u00eancia \u00e9 sempre o tipo f\u00edsico Plus. Voc\u00ea precisa investir numa linda fantasia. Normalmente o profissional Papai Noel trabalha um turno de 6h.<\/p>\n<p style=\"text-align: justify;\">No Rio de Janeiro existe a escola de Papais No\u00e9is, desde 1993. N\u00e3o cobra inscri\u00e7\u00f5es e j\u00e1 formou mais de 700 bons velhinhos em mais de 30 anos. Ensina exerc\u00edcios teatrais, musicais e din\u00e2micas com o corpo, aulas de improvisa\u00e7\u00e3o, dic\u00e7\u00e3o, postura, figurino, din\u00e2mica de grupo, maquiagem, caracteriza\u00e7\u00e3o e psicologia.<\/p>\n<p style=\"text-align: justify;\">O trabalho de Papai Noel \u00e9 complexo, porque envolve esta prepara\u00e7\u00e3o, al\u00e9m do estudo sobre a sua hist\u00f3ria, que exigir\u00e1 respostas para a mais curiosa das criaturinhas: a crian\u00e7a, levando a um mundo m\u00e1gico e feliz. Deve representar o altru\u00edsmo e os sentimentos de bondade e gratid\u00e3o que invade os cora\u00e7\u00f5es nessa \u00e9poca festiva que celebra o nascimento do Menino Jesus.<\/p>\n<p style=\"text-align: justify;\">Voc\u00ea pode entrar na atividade por ag\u00eancias ou direto nas empresas, com seu curr\u00edculo e fotos, vestido com as roupas.<\/p>\n<p style=\"text-align: justify;\">Algumas curiosidades sobre o Bom Velhinho:<\/p>\n<p style=\"text-align: justify;\">&#8211; As crian\u00e7as levam cartas e contam seus desejos.<\/p>\n<p style=\"text-align: justify;\">&#8211; A roupa do papai Noel, que antes era magro, era verde e marron, e o vermelho veio depois e tamb\u00e9m a op\u00e7\u00e3o pelo Plus.<\/p>\n<p style=\"text-align: justify;\">&#8211; Em 1931, com a primeira campanha da Coca-Cola, define-se o formato do Papai Noel.<\/p>\n<p style=\"text-align: justify;\">&#8211; Na cultura americana, o Papai Noel mora no Polo Norte. J\u00e1 na europeia, ele mora na Lap\u00f4nia, Finl\u00e2ndia, onde fica sua Aldeia.<\/p>\n<p style=\"text-align: justify;\">&#8211; Em Portugal, o Papai Noel \u00e9 chamado de \u201cPai Natal\u201d. Nos Estados Unidos, de Santa Claus.<\/p>\n<p style=\"text-align: justify;\">&#8211; Para alegrar ainda mais as crian\u00e7as, o site do Comando de Defesa Aeroespacial da Am\u00e9rica do Norte (Norad), apresenta todos os anos a rota do Papai Noel, para saberem o seu percurso.<\/p>\n<p style=\"text-align: justify;\">Se voc\u00ea tem esse perfil carism\u00e1tico, prepare-se para fazer parte do imagin\u00e1rio das crian\u00e7as e das emo\u00e7\u00f5es dos adultos.<\/p>\n<p style=\"text-align: justify;\">Feliz Natal, Pessoas! Que o bom velhinho visite a todos voc\u00eas e suas fam\u00edlias, trazendo de presente, sa\u00fade, amor, paz e sucesso.<\/p>\n<p style=\"text-align: justify;\">Refer\u00eancias de texto e imagem:<\/p>\n<p style=\"text-align: justify;\">https:\/\/g1.globo.com\/sp\/ribeirao-preto-franca\/noticia\/2023\/11\/07\/procura-se-papai-noel-salario-pode-chegar-a-r-20-mil-em-ribeirao-preto-sp.ghtml<\/p>\n<p style=\"text-align: justify;\">https:\/\/exame.com\/carreira\/papai-noel-em-topo-de-carreira-fatura-ate-15-mil-por-mes\/<\/p>\n<p style=\"text-align: justify;\">https:\/\/www.facebook.com\/photo\/<\/p>\n<p style=\"text-align: justify;\">&nbsp;<\/p>\n<p>&nbsp;<\/p>\n<p>&nbsp;<\/p>\n<p>&nbsp;<\/p>\n<p>&nbsp;<\/p>\n<p>&nbsp;<\/p>\n","protected":false},"excerpt":{"rendered":"<p>Por: Andr\u00e9a Alvarenga Consultora de RH, Palestrante, Multiplicadora. Ol\u00e1 Pessoas! Olha que oportunidade bacana no Mercado de Trabalho, que apesar de existir todo ano, n\u00e3o \u00e9 algo que se fale muito: a profiss\u00e3o Papai Noel, o bom velhinho que toda \u00e9poca de Natal, encontramos em shoppings, lojas, clubes, pra\u00e7as, resid\u00eancias, hospitais, escolas, empresas e comerciais [&hellip;]<\/p>\n","protected":false},"author":1,"featured_media":34473,"comment_status":"open","ping_status":"open","sticky":false,"template":"","format":"standard","meta":{"ngg_post_thumbnail":0,"footnotes":""},"categories":[2,155,41],"tags":[],"class_list":["post-34472","post","type-post","status-publish","format-standard","has-post-thumbnail","hentry","category-destaques","category-mercado-de-trabalho-2","category-ultimasnoticias"],"_links":{"self":[{"href":"https:\/\/somdepapo.com.br\/portal\/wp-json\/wp\/v2\/posts\/34472","targetHints":{"allow":["GET"]}}],"collection":[{"href":"https:\/\/somdepapo.com.br\/portal\/wp-json\/wp\/v2\/posts"}],"about":[{"href":"https:\/\/somdepapo.com.br\/portal\/wp-json\/wp\/v2\/types\/post"}],"author":[{"embeddable":true,"href":"https:\/\/somdepapo.com.br\/portal\/wp-json\/wp\/v2\/users\/1"}],"replies":[{"embeddable":true,"href":"https:\/\/somdepapo.com.br\/portal\/wp-json\/wp\/v2\/comments?post=34472"}],"version-history":[{"count":1,"href":"https:\/\/somdepapo.com.br\/portal\/wp-json\/wp\/v2\/posts\/34472\/revisions"}],"predecessor-version":[{"id":34474,"href":"https:\/\/somdepapo.com.br\/portal\/wp-json\/wp\/v2\/posts\/34472\/revisions\/34474"}],"wp:featuredmedia":[{"embeddable":true,"href":"https:\/\/somdepapo.com.br\/portal\/wp-json\/wp\/v2\/media\/34473"}],"wp:attachment":[{"href":"https:\/\/somdepapo.com.br\/portal\/wp-json\/wp\/v2\/media?parent=34472"}],"wp:term":[{"taxonomy":"category","embeddable":true,"href":"https:\/\/somdepapo.com.br\/portal\/wp-json\/wp\/v2\/categories?post=34472"},{"taxonomy":"post_tag","embeddable":true,"href":"https:\/\/somdepapo.com.br\/portal\/wp-json\/wp\/v2\/tags?post=34472"}],"curies":[{"name":"wp","href":"https:\/\/api.w.org\/{rel}","templated":true}]}}