{"id":34642,"date":"2024-01-10T13:33:08","date_gmt":"2024-01-10T16:33:08","guid":{"rendered":"https:\/\/somdepapo.com.br\/portal\/?p=34642"},"modified":"2024-01-10T13:36:22","modified_gmt":"2024-01-10T16:36:22","slug":"como-proteger-o-cabelo-no-verao","status":"publish","type":"post","link":"https:\/\/somdepapo.com.br\/portal\/como-proteger-o-cabelo-no-verao\/","title":{"rendered":"Como proteger o cabelo no Ver\u00e3o?"},"content":{"rendered":"<p style=\"text-align: right;\">Por Gilbertinho Cabelereiro&nbsp;<\/p>\n<p style=\"text-align: justify;\">O primeiro passo para cuidar bem dos fios durante o ver\u00e3o \u00e9 caprichar na hidrata\u00e7\u00e3o. Aqui, voc\u00ea precisa apostar em produtos que tenham, em sua composi\u00e7\u00e3o, subst\u00e2ncias altamente hidratantes.&nbsp;<\/p>\n<p style=\"text-align: justify;\">Alguns ingredientes que merecem a sua aten\u00e7\u00e3o s\u00e3o: pantenol, glicerina, aloe vera, \u00f3leos e manteigas. Eles v\u00e3o ajudar na recupera\u00e7\u00e3o de \u00e1gua pelos fios e na nutri\u00e7\u00e3o deles, colaborando para uma textura mais sedosa.<\/p>\n<p style=\"text-align: justify;\">Quando entramos no mar ou na piscina, nossos cabelos mudam da \u00e1gua para o vinho (mas n\u00e3o de um jeito bom). Eles ficam ressecados, sem movimento e podem at\u00e9 mesmo quebrar na hora de serem penteados. Isso acontece gra\u00e7as ao efeito do sal e do cloro nos fios. \u00c9 sempre importante enxaguar os cabelos assim que voc\u00ea voltar do seu mergulho. Ainda que n\u00e3o evite completamente o problema, essa t\u00e9cnica auxilia na remo\u00e7\u00e3o do excesso desses compostos.<\/p>\n<p style=\"text-align: justify;\">Por fim, nada de prender os seus fios ou usar chap\u00e9u enquanto eles est\u00e3o molhados! Isso \u00e9 v\u00e1lido para todos os momentos porque seus fios ficam fragilizados enquanto est\u00e3o \u00famidos, al\u00e9m de serem mais propensos a embara\u00e7ar. Portanto, podem acabar quebrando, fazendo com que voc\u00ea fique com muito frizz e fios de tamanhos diferentes.<\/p>\n<p>Att,<\/p>\n<p>Gilbertinho Cabeleireiro \ud83d\udc87\u200d\u2640\ufe0f\ud83d\udc87\u200d\u2642\ufe0f<\/p>\n<p>Cr\u00e9dito: Chocobronze<\/p>\n<p>Instagram @gilbertinhocabeleireiro&nbsp;<\/p>\n<p>&nbsp;<\/p>\n","protected":false},"excerpt":{"rendered":"<p>Por Gilbertinho Cabelereiro&nbsp; O primeiro passo para cuidar bem dos fios durante o ver\u00e3o \u00e9 caprichar na hidrata\u00e7\u00e3o. Aqui, voc\u00ea precisa apostar em produtos que tenham, em sua composi\u00e7\u00e3o, subst\u00e2ncias altamente hidratantes.&nbsp; Alguns ingredientes que merecem a sua aten\u00e7\u00e3o s\u00e3o: pantenol, glicerina, aloe vera, \u00f3leos e manteigas. Eles v\u00e3o ajudar na recupera\u00e7\u00e3o de \u00e1gua pelos [&hellip;]<\/p>\n","protected":false},"author":1,"featured_media":34644,"comment_status":"open","ping_status":"open","sticky":false,"template":"","format":"standard","meta":{"ngg_post_thumbnail":0,"footnotes":""},"categories":[2,32,41],"tags":[],"class_list":["post-34642","post","type-post","status-publish","format-standard","has-post-thumbnail","hentry","category-destaques","category-estetica","category-ultimasnoticias"],"_links":{"self":[{"href":"https:\/\/somdepapo.com.br\/portal\/wp-json\/wp\/v2\/posts\/34642","targetHints":{"allow":["GET"]}}],"collection":[{"href":"https:\/\/somdepapo.com.br\/portal\/wp-json\/wp\/v2\/posts"}],"about":[{"href":"https:\/\/somdepapo.com.br\/portal\/wp-json\/wp\/v2\/types\/post"}],"author":[{"embeddable":true,"href":"https:\/\/somdepapo.com.br\/portal\/wp-json\/wp\/v2\/users\/1"}],"replies":[{"embeddable":true,"href":"https:\/\/somdepapo.com.br\/portal\/wp-json\/wp\/v2\/comments?post=34642"}],"version-history":[{"count":3,"href":"https:\/\/somdepapo.com.br\/portal\/wp-json\/wp\/v2\/posts\/34642\/revisions"}],"predecessor-version":[{"id":34646,"href":"https:\/\/somdepapo.com.br\/portal\/wp-json\/wp\/v2\/posts\/34642\/revisions\/34646"}],"wp:featuredmedia":[{"embeddable":true,"href":"https:\/\/somdepapo.com.br\/portal\/wp-json\/wp\/v2\/media\/34644"}],"wp:attachment":[{"href":"https:\/\/somdepapo.com.br\/portal\/wp-json\/wp\/v2\/media?parent=34642"}],"wp:term":[{"taxonomy":"category","embeddable":true,"href":"https:\/\/somdepapo.com.br\/portal\/wp-json\/wp\/v2\/categories?post=34642"},{"taxonomy":"post_tag","embeddable":true,"href":"https:\/\/somdepapo.com.br\/portal\/wp-json\/wp\/v2\/tags?post=34642"}],"curies":[{"name":"wp","href":"https:\/\/api.w.org\/{rel}","templated":true}]}}