{"id":34694,"date":"2024-01-14T14:37:25","date_gmt":"2024-01-14T17:37:25","guid":{"rendered":"https:\/\/somdepapo.com.br\/portal\/?p=34694"},"modified":"2024-01-14T14:37:25","modified_gmt":"2024-01-14T17:37:25","slug":"trabalho-temporario-de-verao-oportunidades-com-muitas-opcoes","status":"publish","type":"post","link":"https:\/\/somdepapo.com.br\/portal\/trabalho-temporario-de-verao-oportunidades-com-muitas-opcoes\/","title":{"rendered":"Trabalho Tempor\u00e1rio de Ver\u00e3o: Oportunidades com muitas op\u00e7\u00f5es!"},"content":{"rendered":"<p style=\"text-align: right;\">Por: Andr\u00e9a Alvarenga<br \/>\nConsultora de RH, Palestrante e Multiplicadora<\/p>\n<p style=\"text-align: justify;\">Se voc\u00ea quer iniciar a sua carreira profissional ou busca recoloca\u00e7\u00e3o, a oportunidade pode estar nos empregos tempor\u00e1rios de ver\u00e3o. Apesar de muitos n\u00e3o vislumbrarem essa condi\u00e7\u00e3o como algo interessante e favor\u00e1vel, exatamente por ser tempor\u00e1rio, a verdade \u00e9 que muitas das novas e promissoras carreiras t\u00eam seus in\u00edcios nessa modalidade, que por sinal, \u00e9 coberta pela legisla\u00e7\u00e3o trabalhista de acordo a Lei n\u00ba 6.019, de 3 de janeiro de 1974, onde informa sobre os tipos de contrato tempor\u00e1rios, normalmente com dura\u00e7\u00e3o de 3 a 6 meses; por\u00e9m existe o contrato por prazo determinado, de 90 dias at\u00e9 2 anos. Outro modelo \u00e9 o contrato intermitente, que a pessoa ser\u00e1 chamada conforme a demanda. O contrato tempor\u00e1rio n\u00e3o tem tempo m\u00ednimo mas h\u00e1 um limite de at\u00e9 180 dias. Os pagamentos s\u00e3o baseados no sal\u00e1rio da categoria e todas as modalidades tem os benef\u00edcios de um trabalhador fixo, como 13\u00ba proporcional ao tempo de trabalho, INSS, FGTS, registro na Carteira de Trabalho, seguro acidente, adicional noturno, pagamento de horas extras.<br \/>\nEstas presta\u00e7\u00f5es de servi\u00e7os tempor\u00e1rias, oportunizam ao trabalhador aprender novas profiss\u00f5es, conquistar a t\u00e3o requisitada experi\u00eancia exigida em sele\u00e7\u00f5es, desenvolver habilidades diversas, e ainda construir uma rede de contato fant\u00e1stica (o necess\u00e1rio networking), que pode levar a outras oportunidades profissionais.<br \/>\nN\u00e3o s\u00f3 no fim de ano, mas os servi\u00e7os tempor\u00e1rios surgem em datas comemorativas diversas, como Carnaval, P\u00e1scoa, Dia das Crian\u00e7as, S\u00e3o Jo\u00e3o, Feriad\u00f5es&#8230; proporcionando n\u00e3o somente as oportunidades supracitadas mas uma graninha extra, num curto per\u00edodo.<br \/>\nAs \u00e1reas que mais contratam no ver\u00e3o s\u00e3o:<br \/>\n\u2022 COMERCIAL<br \/>\n&#8211; Atendente\/Vendedor<br \/>\n&#8211; Operador de Caixa<br \/>\n&#8211; Estoquista<br \/>\n&#8211; Promotor de Vendas<br \/>\n&#8211; motoristas (especialmente distribuidora de alimentos e bebidas)<br \/>\n&#8211; Entregadores<\/p>\n<p style=\"text-align: justify;\">\n\u2022 SERVI\u00c7OS: hotelaria, turismo, beleza, moda, limpeza, cuidados.<br \/>\n&#8211; Recepcionistas, gar\u00e7ons, camareiras, monitores de crian\u00e7as e idosos, bab\u00e1s<br \/>\n&#8211; Cabelereiros e maquiadores, costureiras, servi\u00e7os gerais e montadores<br \/>\n&#8211; Bombeiros, seguran\u00e7as, salva-vidas e porteiros<\/p>\n<p style=\"text-align: justify;\">\u2022 IND\u00daSTRIA<br \/>\n&#8211; Montador<br \/>\n&#8211; T\u00e9cnicos de manuten\u00e7\u00e3o<br \/>\n&#8211; Auxiliar de produ\u00e7\u00e3o<br \/>\n&#8211; Pintor Industrial<br \/>\n&#8211; Profissionais da log\u00edstica<br \/>\n&#8211; Operador de empilhadeira<\/p>\n<p style=\"text-align: justify;\">E o melhor de tudo \u00e9 que a maioria das empresas n\u00e3o exigem experi\u00eancia nesse per\u00edodo. Elas iniciam as sele\u00e7\u00f5es em Setembro e Outubro, oferecendo tamb\u00e9m os treinamentos t\u00e9cnicos e comportamentais necess\u00e1rios para atender a temporada. \u00c0 exce\u00e7\u00e3o claro, das vagas t\u00e9cnicas, como manuten\u00e7\u00e3o ou outra especialidade, que exige a experi\u00eancia. Esteja preparado para este momento, fa\u00e7a alguns cursos nas suas \u00e1reas de interesse. A sele\u00e7\u00e3o \u00e9 mais r\u00e1pida nessa \u00e9poca, esteja atento.<br \/>\nNormalmente ap\u00f3s a temporada, aqueles que se destacam ficam nas vagas, porque algumas empresas aproveitam para demitir os que j\u00e1 n\u00e3o est\u00e3o alinhados \u00e0 empresa, substituindo por quem se destacou. Um trabalho bem realizado pode lhe garantir a perman\u00eancia ou um convite de um cliente para trabalhar na empresa dele.<br \/>\nA Associa\u00e7\u00e3o Brasileira do Trabalho Tempor\u00e1rio (Asserttem) divulgou previs\u00e3o de mais de 680 mil vagas tempor\u00e1rias para 2023\/2024.<br \/>\nAgora que voc\u00ea j\u00e1 sabe o quanto pode ser positivo trabalhar como tempor\u00e1rio e conquistar seu espa\u00e7o profissional, jogue os preconceitos de lado e corra atr\u00e1s de qualificar-se e participar das sele\u00e7\u00f5es. E fique ligado, porque h\u00e1 empresas que continuam a selecionar durante a temporada, aumentando o quadro ou substituindo quem precisou sair. Sucesso na Temporada!<\/p>\n<p style=\"text-align: justify;\">Refer\u00eancia artigos e imagem:<\/p>\n<blockquote class=\"wp-embedded-content\" data-secret=\"m69vbE4EmC\"><p><a href=\"https:\/\/carreiras.empregos.com.br\/noticias\/trabalho-temporario-de-fim-de-ano\/\">Temporada de oportunidades: encontre o emprego nos eventos de fim de ano com trabalho tempor\u00e1rio<\/a><\/p><\/blockquote>\n<p><iframe class=\"wp-embedded-content\" sandbox=\"allow-scripts\" security=\"restricted\" style=\"position: absolute; visibility: hidden;\" title=\"&#8220;Temporada de oportunidades: encontre o emprego nos eventos de fim de ano com trabalho tempor\u00e1rio&#8221; &#8212; Carreiras | Empregos\" src=\"https:\/\/carreiras.empregos.com.br\/noticias\/trabalho-temporario-de-fim-de-ano\/embed\/#?secret=gTxslQJfQA#?secret=m69vbE4EmC\" data-secret=\"m69vbE4EmC\" width=\"500\" height=\"282\" frameborder=\"0\" marginwidth=\"0\" marginheight=\"0\" scrolling=\"no\"><\/iframe><\/p>\n<blockquote class=\"wp-embedded-content\" data-secret=\"v3JrNbJ9p6\"><p><a href=\"https:\/\/www.rhnossa.com.br\/a-hora-e-agora-para-conseguir-um-emprego-temporario-de-fim-de-ano\/\">A hora \u00e9 agora para conseguir um emprego tempor\u00e1rio de fim de ano<\/a><\/p><\/blockquote>\n<p><iframe class=\"wp-embedded-content\" sandbox=\"allow-scripts\" security=\"restricted\" style=\"position: absolute; visibility: hidden;\" title=\"&#8220;A hora \u00e9 agora para conseguir um emprego tempor\u00e1rio de fim de ano&#8221; &#8212; RH Nossa\" src=\"https:\/\/www.rhnossa.com.br\/a-hora-e-agora-para-conseguir-um-emprego-temporario-de-fim-de-ano\/embed\/#?secret=ewQ7ZdM8ki#?secret=v3JrNbJ9p6\" data-secret=\"v3JrNbJ9p6\" width=\"500\" height=\"282\" frameborder=\"0\" marginwidth=\"0\" marginheight=\"0\" scrolling=\"no\"><\/iframe><br \/>\nhttps:\/\/www.sindilojas.rio\/2023\/09\/21\/trabalho-temporario\/<\/p>\n","protected":false},"excerpt":{"rendered":"<p>Por: Andr\u00e9a Alvarenga Consultora de RH, Palestrante e Multiplicadora Se voc\u00ea quer iniciar a sua carreira profissional ou busca recoloca\u00e7\u00e3o, a oportunidade pode estar nos empregos tempor\u00e1rios de ver\u00e3o. Apesar de muitos n\u00e3o vislumbrarem essa condi\u00e7\u00e3o como algo interessante e favor\u00e1vel, exatamente por ser tempor\u00e1rio, a verdade \u00e9 que muitas das novas e promissoras carreiras [&hellip;]<\/p>\n","protected":false},"author":1,"featured_media":34695,"comment_status":"open","ping_status":"open","sticky":false,"template":"","format":"standard","meta":{"ngg_post_thumbnail":0,"footnotes":""},"categories":[2,155,41],"tags":[],"class_list":["post-34694","post","type-post","status-publish","format-standard","has-post-thumbnail","hentry","category-destaques","category-mercado-de-trabalho-2","category-ultimasnoticias"],"_links":{"self":[{"href":"https:\/\/somdepapo.com.br\/portal\/wp-json\/wp\/v2\/posts\/34694","targetHints":{"allow":["GET"]}}],"collection":[{"href":"https:\/\/somdepapo.com.br\/portal\/wp-json\/wp\/v2\/posts"}],"about":[{"href":"https:\/\/somdepapo.com.br\/portal\/wp-json\/wp\/v2\/types\/post"}],"author":[{"embeddable":true,"href":"https:\/\/somdepapo.com.br\/portal\/wp-json\/wp\/v2\/users\/1"}],"replies":[{"embeddable":true,"href":"https:\/\/somdepapo.com.br\/portal\/wp-json\/wp\/v2\/comments?post=34694"}],"version-history":[{"count":1,"href":"https:\/\/somdepapo.com.br\/portal\/wp-json\/wp\/v2\/posts\/34694\/revisions"}],"predecessor-version":[{"id":34696,"href":"https:\/\/somdepapo.com.br\/portal\/wp-json\/wp\/v2\/posts\/34694\/revisions\/34696"}],"wp:featuredmedia":[{"embeddable":true,"href":"https:\/\/somdepapo.com.br\/portal\/wp-json\/wp\/v2\/media\/34695"}],"wp:attachment":[{"href":"https:\/\/somdepapo.com.br\/portal\/wp-json\/wp\/v2\/media?parent=34694"}],"wp:term":[{"taxonomy":"category","embeddable":true,"href":"https:\/\/somdepapo.com.br\/portal\/wp-json\/wp\/v2\/categories?post=34694"},{"taxonomy":"post_tag","embeddable":true,"href":"https:\/\/somdepapo.com.br\/portal\/wp-json\/wp\/v2\/tags?post=34694"}],"curies":[{"name":"wp","href":"https:\/\/api.w.org\/{rel}","templated":true}]}}