{"id":34753,"date":"2024-01-19T10:50:33","date_gmt":"2024-01-19T13:50:33","guid":{"rendered":"https:\/\/somdepapo.com.br\/portal\/?p=34753"},"modified":"2024-01-19T10:50:33","modified_gmt":"2024-01-19T13:50:33","slug":"segundo-passo-do-planejamento-acredite-em-voce-na-sua-equipe-e-no-seu-negocio","status":"publish","type":"post","link":"https:\/\/somdepapo.com.br\/portal\/segundo-passo-do-planejamento-acredite-em-voce-na-sua-equipe-e-no-seu-negocio\/","title":{"rendered":"Segundo Passo do Planejamento: Acredite em voc\u00ea, na sua equipe e no seu neg\u00f3cio"},"content":{"rendered":"<p style=\"text-align: right;\">Por Henrique Couto&nbsp;<\/p>\n<p style=\"text-align: justify;\">Falamos aqui nas \u00faltimas semanas sobre planejamento, e toda a sua import\u00e2ncia, e trouxe aspectos relevantes, que se levados a s\u00e9rio s\u00e3o um caminho sem volta para o sucesso. Antes disso falamos de aspectos importantes da Lideran\u00e7a, e dos conceitos que envolvem a atua\u00e7\u00e3o dos L\u00edderes, passamos tamb\u00e9m pela avalia\u00e7\u00e3o das pessoas, e pela import\u00e2ncia da sua empresa ter um m\u00e9todo e um sistema para avalia\u00e7\u00e3o de desempenho. Falamos tamb\u00e9m da estrutura que voc\u00ea precisa ter para levar seu neg\u00f3cio a s\u00e9rio, financeiro, marketing, comercial, administrativo e RH.<\/p>\n<p style=\"text-align: justify;\">Hoje venho aqui falar que esses temas s\u00e3o muito importantes, e precisam ser levados a s\u00e9rio por voc\u00ea que \u00e9 empreendedor e tem um neg\u00f3cio. E que muitos empres\u00e1rios perdem dinheiro e fecham suas empresas, por n\u00e3o terem esse conhecimento ou esse compromisso com seu pr\u00f3prio sonho, sim porque nosso neg\u00f3cio \u00e9 um sonho, um sonho seu, e de todos que convivem e lutam com voc\u00ea por ele todos os dias.<\/p>\n<p style=\"text-align: justify;\">Sonhar exige compromisso, e trabalho duro, voc\u00ea que \u00e9 o dono do seu neg\u00f3cio precisa acreditar em voc\u00ea, acreditar nas pessoas que trabalham com voc\u00ea, e no seu neg\u00f3cio. Voc\u00ea \u00e9 o \u00fanico respons\u00e1vel por motivar as pessoas da sua empresa, e faz\u00ea-las acreditarem que est\u00e3o trabalhando num ambiente de aprendizado e de sucesso. Muitos empres\u00e1rios n\u00e3o consideram o que estou dizendo, e focam simplesmente em n\u00fameros, em resultado financeiro no caixa, ou em problemas, infelizmente temos muitas pessoas que amam focar em problemas e n\u00e3o na solu\u00e7\u00e3o deles, e isso \u00e9 um imenso desperd\u00edcio da sua energia e da energia das pessoas, traz cansa\u00e7o e tira todo o foco do caminho do resultado organizado e estruturado de uma empresa.<\/p>\n<p style=\"text-align: justify;\">O Empreendedor precisa ser um sonhador, uma pessoa automotivada, alegre, conectada com sentimentos positivos, que influencia as pessoas de forma positiva a atingirem o resultado esperado. Precisa ser organizado, pacificador, consciente, humano, \u00e9tico e estimular todo o seu time a acreditar que os resultados s\u00e3o poss\u00edveis, se fizer isso com o cora\u00e7\u00e3o e com respeito pelas pessoas, eles ir\u00e3o confirmar que voc\u00ea tamb\u00e9m acredita e respeita elas de verdade, e n\u00e3o da boca pra fora, de forma superficial. Essa responsabilidade \u00e9 sua enquanto empreendedor e respons\u00e1vel pelo neg\u00f3cio, leve ela a s\u00e9rio e fa\u00e7a a reflex\u00e3o de como tem sido sua postura, sua motiva\u00e7\u00e3o, sua voz, sua energia na condu\u00e7\u00e3o das pessoas e da sua empresa. Avalie se tem dado a energia que seu sonho precisa, e o maior conselho \u00e9 compartilhar as responsabilidades, pois ningu\u00e9m consegue conduzir uma empresa sozinho, confiar nas pessoas e delegar responsabilidades, treinando-as e dando suporte \u00e9 importante.<\/p>\n<p style=\"text-align: justify;\">Busque ajuda profissional de um Consultor para ajudar voc\u00ea nessas tarefas t\u00e3o importantes.<\/p>\n<p style=\"text-align: justify;\">M\u00e3os a obra!<\/p>\n<p style=\"text-align: justify;\">Sucesso a todos!<\/p>\n<p style=\"text-align: justify;\">Pense nisso!<\/p>\n<p style=\"text-align: justify;\">Estou \u00e0 disposi\u00e7\u00e3o de todos para juntos aprofundarmos esse aprendizado sobre os temas apresentados aqui hoje.<\/p>\n<p style=\"text-align: justify;\">Boa sorte a todos.<\/p>\n<p style=\"text-align: justify;\">Contrate um Consultor Empresarial, s\u00e9rio, respons\u00e1vel, e d\u00ea in\u00edcio aos trabalhos. Esse investimento \u00e9 o maior respons\u00e1vel pelo crescimento sustent\u00e1vel do seu neg\u00f3cio.<\/p>\n<p style=\"text-align: justify;\">Converse comigo nas redes sociais:<\/p>\n<p style=\"text-align: justify;\">Instagram @hc_consultor &#8211; Whatsapp 81 995904185<\/p>\n<p style=\"text-align: justify;\">&nbsp;<\/p>\n<p>&nbsp;<\/p>\n<p>&nbsp;<\/p>\n<p>&nbsp;<\/p>\n<p>&nbsp;<\/p>\n<p>&nbsp;<\/p>\n","protected":false},"excerpt":{"rendered":"<p>Por Henrique Couto&nbsp; Falamos aqui nas \u00faltimas semanas sobre planejamento, e toda a sua import\u00e2ncia, e trouxe aspectos relevantes, que se levados a s\u00e9rio s\u00e3o um caminho sem volta para o sucesso. Antes disso falamos de aspectos importantes da Lideran\u00e7a, e dos conceitos que envolvem a atua\u00e7\u00e3o dos L\u00edderes, passamos tamb\u00e9m pela avalia\u00e7\u00e3o das pessoas, [&hellip;]<\/p>\n","protected":false},"author":1,"featured_media":34754,"comment_status":"open","ping_status":"open","sticky":false,"template":"","format":"standard","meta":{"ngg_post_thumbnail":0,"footnotes":""},"categories":[2,30,31,41],"tags":[],"class_list":["post-34753","post","type-post","status-publish","format-standard","has-post-thumbnail","hentry","category-destaques","category-negocios","category-noticias","category-ultimasnoticias"],"_links":{"self":[{"href":"https:\/\/somdepapo.com.br\/portal\/wp-json\/wp\/v2\/posts\/34753","targetHints":{"allow":["GET"]}}],"collection":[{"href":"https:\/\/somdepapo.com.br\/portal\/wp-json\/wp\/v2\/posts"}],"about":[{"href":"https:\/\/somdepapo.com.br\/portal\/wp-json\/wp\/v2\/types\/post"}],"author":[{"embeddable":true,"href":"https:\/\/somdepapo.com.br\/portal\/wp-json\/wp\/v2\/users\/1"}],"replies":[{"embeddable":true,"href":"https:\/\/somdepapo.com.br\/portal\/wp-json\/wp\/v2\/comments?post=34753"}],"version-history":[{"count":1,"href":"https:\/\/somdepapo.com.br\/portal\/wp-json\/wp\/v2\/posts\/34753\/revisions"}],"predecessor-version":[{"id":34755,"href":"https:\/\/somdepapo.com.br\/portal\/wp-json\/wp\/v2\/posts\/34753\/revisions\/34755"}],"wp:featuredmedia":[{"embeddable":true,"href":"https:\/\/somdepapo.com.br\/portal\/wp-json\/wp\/v2\/media\/34754"}],"wp:attachment":[{"href":"https:\/\/somdepapo.com.br\/portal\/wp-json\/wp\/v2\/media?parent=34753"}],"wp:term":[{"taxonomy":"category","embeddable":true,"href":"https:\/\/somdepapo.com.br\/portal\/wp-json\/wp\/v2\/categories?post=34753"},{"taxonomy":"post_tag","embeddable":true,"href":"https:\/\/somdepapo.com.br\/portal\/wp-json\/wp\/v2\/tags?post=34753"}],"curies":[{"name":"wp","href":"https:\/\/api.w.org\/{rel}","templated":true}]}}