{"id":34931,"date":"2024-02-04T14:28:49","date_gmt":"2024-02-04T17:28:49","guid":{"rendered":"https:\/\/somdepapo.com.br\/portal\/?p=34931"},"modified":"2024-02-04T14:28:49","modified_gmt":"2024-02-04T17:28:49","slug":"destaque-no-mercado-de-trabalho-qualificacao-e-perfil-valorizado","status":"publish","type":"post","link":"https:\/\/somdepapo.com.br\/portal\/destaque-no-mercado-de-trabalho-qualificacao-e-perfil-valorizado\/","title":{"rendered":"Destaque no Mercado de Trabalho: Qualifica\u00e7\u00e3o e Perfil Valorizado"},"content":{"rendered":"<p style=\"text-align: right;\">Por: Andr\u00e9a Alvarenga<\/p>\n<p style=\"text-align: right;\">Consultora de RH, Palestrante, Multiplicadora<\/p>\n<p style=\"text-align: justify;\">No cen\u00e1rio competitivo do mercado de trabalho contempor\u00e2neo, a busca pela qualifica\u00e7\u00e3o profissional tornou-se essencial para indiv\u00edduos que desejam n\u00e3o apenas ingressar, mas tamb\u00e9m se destacar em suas carreiras. A velocidade das mudan\u00e7as tecnol\u00f3gicas, a globaliza\u00e7\u00e3o e a evolu\u00e7\u00e3o das demandas das empresas t\u00eam moldado um ambiente onde a adaptabilidade e a expertise s\u00e3o cruciais. Nesse contexto, a qualifica\u00e7\u00e3o profissional n\u00e3o \u00e9 apenas um diferencial, mas um requisito b\u00e1sico para o sucesso.<\/p>\n<p style=\"text-align: justify;\">A import\u00e2ncia de se qualificar vai al\u00e9m da obten\u00e7\u00e3o de diplomas. Ela envolve o desenvolvimento continuo de habilidade, conhecimentos e compet\u00eancias que permitam aos profissionais se adaptarem \u00e0s constantes transforma\u00e7\u00f5es do mercado. A educa\u00e7\u00e3o formal, cursos especializados, treinamentos e experi\u00eancias pr\u00e1ticas s\u00e3o componentes fundamentais desse processo. A qualifica\u00e7\u00e3o n\u00e3o s\u00f3 amplia o leque de oportunidades, mas tamb\u00e9m aumenta a efici\u00eancia e a efic\u00e1cia no desempenho das fun\u00e7\u00f5es profissionais.<\/p>\n<p style=\"text-align: justify;\">A era digital trouxe consigo uma revolu\u00e7\u00e3o na forma como as empresas operam, demandando habilidades espec\u00edficas dos profissionais. A capacidade de lidar com dados, compreender e aplicar tecnologias emergentes, al\u00e9m de possuir habilidades interpessoais, s\u00e3o caracter\u00edsticas cada vez mais valorizadas. A r\u00e1pida transforma\u00e7\u00e3o digital torna imprescind\u00edvel a atualiza\u00e7\u00e3o constante, pois aquilo que \u00e9 considerado uma habilidade crucial hoje pode tornar-se obsoleto em quest\u00e3o de anos.<\/p>\n<p style=\"text-align: justify;\">O perfil buscado pelo mercado de trabalho contempor\u00e2neo n\u00e3o se limita apenas \u00e0s compet\u00eancias t\u00e9cnicas. A capacidade de trabalho em equipe, lideran\u00e7a, comunica\u00e7\u00e3o eficaz e resolu\u00e7\u00e3o de problemas s\u00e3o caracter\u00edsticas que ganharam destaque. As empresas buscam profissionais que n\u00e3o apenas realizem tarefas espec\u00edficas, mas que tamb\u00e9m possuam um a vis\u00e3o hol\u00edstica e sejam capazes de contribuir para o desenvolvimento estrat\u00e9gico da organiza\u00e7\u00e3o.<\/p>\n<p style=\"text-align: justify;\">Al\u00e9m disso, a diversidade e a inclus\u00e3o tornaram-se temas centrais nas pol\u00edticas de Recursos Humanos das empresas modernas. Profissionais que demonstram sensibilidade cultural, empatia e habilidades para trabalhar em ambientes diversos t\u00eam vantagens competitiva significativa. O mercado valoriza a capacidade de lidar com a diversidade como um recurso para a inova\u00e7\u00e3o e o crescimento sustent\u00e1vel.<\/p>\n<p style=\"text-align: justify;\">A qualifica\u00e7\u00e3o profissional \u00e9 a chave para enfrentar os desafios do mercado de trabalho atual. A aprendizagem cont\u00ednua, a adapta\u00e7\u00e3o \u00e0s novas tecnologias e a busca por habilidades interpessoais s\u00e3o elementos essenciais para se destacar em um ambiente t\u00e3o din\u00e2mico e competitivo. O profissional que investe em seu desenvolvimento torna-se um ativo valioso, contribuindo n\u00e3o apenas para o pr\u00f3prio sucesso, mas tamb\u00e9m para o crescimento e a inova\u00e7\u00e3o das organiza\u00e7\u00f5es em que est\u00e1 inserido.<\/p>\n<p style=\"text-align: justify;\">Refer\u00eancias texto e imagem:<\/p>\n<p style=\"text-align: justify;\">\u2022 https:\/\/www.prolucro.com.br\/blog\/qualificacao-profissional\/<\/p>\n<p style=\"text-align: justify;\">\u2022 https:\/\/sebrae.com.br\/sites\/PortalSebrae\/artigos\/a-importancia-da-mao-de-obra-qualificada<\/p>\n<p style=\"text-align: justify;\">\u2022 https:\/\/g1.globo.com\/concursos-e-emprego\/noticia\/2013\/11\/nuvem-de-palavras-mostra-o-que-empresas-buscam-nos-profissionais.html<\/p>\n<p style=\"text-align: justify;\">\u2022 https:\/\/www.curriculum.com.br\/blog\/carreira\/nuvem-de-palavras-mostra-o-que-as-empresas-buscam-nos-profissionais\/<\/p>\n<p style=\"text-align: justify;\">&nbsp;<\/p>\n<p>&nbsp;<\/p>\n<p>&nbsp;<\/p>\n<p>&nbsp;<\/p>\n<p>&nbsp;<\/p>\n","protected":false},"excerpt":{"rendered":"<p>Por: Andr\u00e9a Alvarenga Consultora de RH, Palestrante, Multiplicadora No cen\u00e1rio competitivo do mercado de trabalho contempor\u00e2neo, a busca pela qualifica\u00e7\u00e3o profissional tornou-se essencial para indiv\u00edduos que desejam n\u00e3o apenas ingressar, mas tamb\u00e9m se destacar em suas carreiras. A velocidade das mudan\u00e7as tecnol\u00f3gicas, a globaliza\u00e7\u00e3o e a evolu\u00e7\u00e3o das demandas das empresas t\u00eam moldado um ambiente [&hellip;]<\/p>\n","protected":false},"author":1,"featured_media":34932,"comment_status":"open","ping_status":"open","sticky":false,"template":"","format":"standard","meta":{"ngg_post_thumbnail":0,"footnotes":""},"categories":[2,155,41],"tags":[],"class_list":["post-34931","post","type-post","status-publish","format-standard","has-post-thumbnail","hentry","category-destaques","category-mercado-de-trabalho-2","category-ultimasnoticias"],"_links":{"self":[{"href":"https:\/\/somdepapo.com.br\/portal\/wp-json\/wp\/v2\/posts\/34931","targetHints":{"allow":["GET"]}}],"collection":[{"href":"https:\/\/somdepapo.com.br\/portal\/wp-json\/wp\/v2\/posts"}],"about":[{"href":"https:\/\/somdepapo.com.br\/portal\/wp-json\/wp\/v2\/types\/post"}],"author":[{"embeddable":true,"href":"https:\/\/somdepapo.com.br\/portal\/wp-json\/wp\/v2\/users\/1"}],"replies":[{"embeddable":true,"href":"https:\/\/somdepapo.com.br\/portal\/wp-json\/wp\/v2\/comments?post=34931"}],"version-history":[{"count":1,"href":"https:\/\/somdepapo.com.br\/portal\/wp-json\/wp\/v2\/posts\/34931\/revisions"}],"predecessor-version":[{"id":34933,"href":"https:\/\/somdepapo.com.br\/portal\/wp-json\/wp\/v2\/posts\/34931\/revisions\/34933"}],"wp:featuredmedia":[{"embeddable":true,"href":"https:\/\/somdepapo.com.br\/portal\/wp-json\/wp\/v2\/media\/34932"}],"wp:attachment":[{"href":"https:\/\/somdepapo.com.br\/portal\/wp-json\/wp\/v2\/media?parent=34931"}],"wp:term":[{"taxonomy":"category","embeddable":true,"href":"https:\/\/somdepapo.com.br\/portal\/wp-json\/wp\/v2\/categories?post=34931"},{"taxonomy":"post_tag","embeddable":true,"href":"https:\/\/somdepapo.com.br\/portal\/wp-json\/wp\/v2\/tags?post=34931"}],"curies":[{"name":"wp","href":"https:\/\/api.w.org\/{rel}","templated":true}]}}