{"id":34941,"date":"2024-02-05T15:38:29","date_gmt":"2024-02-05T18:38:29","guid":{"rendered":"https:\/\/somdepapo.com.br\/portal\/?p=34941"},"modified":"2024-02-05T15:38:29","modified_gmt":"2024-02-05T18:38:29","slug":"looks-de-penteados-e-maquiagem-para-carnaval","status":"publish","type":"post","link":"https:\/\/somdepapo.com.br\/portal\/looks-de-penteados-e-maquiagem-para-carnaval\/","title":{"rendered":"Looks de Penteados e Maquiagem para Carnaval"},"content":{"rendered":"<div id=\"m#msg-f:1789973749359796034\" class=\"mail-message expanded\">\n<div class=\"mail-message-header spacer\" style=\"text-align: right;\">Por Gilbertinho Cabelereiro&nbsp;<\/div>\n<div class=\"mail-message-content collapsible zoom-normal mail-show-images \" style=\"text-align: justify;\">\n<div class=\"clear\">\n<div dir=\"auto\">\n<div dir=\"auto\">&nbsp;<\/div>\n<div dir=\"auto\">J\u00e1 fazem alguns meses que estamos presenciando o sucesso das tran\u00e7as bolha e \u00e9 um dos penteados f\u00e1ceis mais usados em festivais. Para o carnaval, aposte em el\u00e1sticos com mi\u00e7angas coloridas para trazer o toque de divers\u00e3o que a data pede.<\/div>\n<div dir=\"auto\">&nbsp;<\/div>\n<div dir=\"auto\">O glitter \u00e9 presen\u00e7a confirmada na Make de carnaval e como brilho nunca \u00e9 demais, leve ele para o cabelo tamb\u00e9m. Misture o glitter com o gel de cabelo e, com a ajuda de um pincel, deposite na parte desejada. O resultado fica incr\u00edvel quando combinado com um rabo de cavalo.<\/div>\n<div dir=\"auto\">&nbsp;<\/div>\n<div dir=\"auto\">O strass \u00e9 outro item que saiu da make e invadiu os looks dos&nbsp; penteados. As pedras coloridas ficam lindas quando usadas no baby hair ou at\u00e9 mesmo no comprimento do cabelo.&nbsp;<\/div>\n<div dir=\"auto\">&nbsp;<\/div>\n<div dir=\"auto\">Att,<\/div>\n<div dir=\"auto\">Gilbertinho Cabeleireiro \ud83d\udc86\u200d\u2640\ufe0f<\/div>\n<div dir=\"auto\">&nbsp;<\/div>\n<div dir=\"auto\">Bom Carnaval Para Todos \ud83c\udf8a\ud83c\udf8a\ud83c\udf8a<\/div>\n<\/div>\n<\/div>\n<\/div>\n<div class=\"mail-message-footer spacer collapsible\" style=\"text-align: justify;\">&nbsp;<\/div>\n<\/div>\n","protected":false},"excerpt":{"rendered":"<p>Por Gilbertinho Cabelereiro&nbsp; &nbsp; J\u00e1 fazem alguns meses que estamos presenciando o sucesso das tran\u00e7as bolha e \u00e9 um dos penteados f\u00e1ceis mais usados em festivais. Para o carnaval, aposte em el\u00e1sticos com mi\u00e7angas coloridas para trazer o toque de divers\u00e3o que a data pede. &nbsp; O glitter \u00e9 presen\u00e7a confirmada na Make de carnaval [&hellip;]<\/p>\n","protected":false},"author":1,"featured_media":34942,"comment_status":"open","ping_status":"open","sticky":false,"template":"","format":"standard","meta":{"ngg_post_thumbnail":0,"footnotes":""},"categories":[2,32,41],"tags":[],"class_list":["post-34941","post","type-post","status-publish","format-standard","has-post-thumbnail","hentry","category-destaques","category-estetica","category-ultimasnoticias"],"_links":{"self":[{"href":"https:\/\/somdepapo.com.br\/portal\/wp-json\/wp\/v2\/posts\/34941","targetHints":{"allow":["GET"]}}],"collection":[{"href":"https:\/\/somdepapo.com.br\/portal\/wp-json\/wp\/v2\/posts"}],"about":[{"href":"https:\/\/somdepapo.com.br\/portal\/wp-json\/wp\/v2\/types\/post"}],"author":[{"embeddable":true,"href":"https:\/\/somdepapo.com.br\/portal\/wp-json\/wp\/v2\/users\/1"}],"replies":[{"embeddable":true,"href":"https:\/\/somdepapo.com.br\/portal\/wp-json\/wp\/v2\/comments?post=34941"}],"version-history":[{"count":1,"href":"https:\/\/somdepapo.com.br\/portal\/wp-json\/wp\/v2\/posts\/34941\/revisions"}],"predecessor-version":[{"id":34943,"href":"https:\/\/somdepapo.com.br\/portal\/wp-json\/wp\/v2\/posts\/34941\/revisions\/34943"}],"wp:featuredmedia":[{"embeddable":true,"href":"https:\/\/somdepapo.com.br\/portal\/wp-json\/wp\/v2\/media\/34942"}],"wp:attachment":[{"href":"https:\/\/somdepapo.com.br\/portal\/wp-json\/wp\/v2\/media?parent=34941"}],"wp:term":[{"taxonomy":"category","embeddable":true,"href":"https:\/\/somdepapo.com.br\/portal\/wp-json\/wp\/v2\/categories?post=34941"},{"taxonomy":"post_tag","embeddable":true,"href":"https:\/\/somdepapo.com.br\/portal\/wp-json\/wp\/v2\/tags?post=34941"}],"curies":[{"name":"wp","href":"https:\/\/api.w.org\/{rel}","templated":true}]}}