{"id":34958,"date":"2024-02-07T15:01:46","date_gmt":"2024-02-07T18:01:46","guid":{"rendered":"https:\/\/somdepapo.com.br\/portal\/?p=34958"},"modified":"2024-02-07T15:01:46","modified_gmt":"2024-02-07T18:01:46","slug":"maternidade-solo-a-forca-e-os-desafios-de-criar-filhos-sozinha","status":"publish","type":"post","link":"https:\/\/somdepapo.com.br\/portal\/maternidade-solo-a-forca-e-os-desafios-de-criar-filhos-sozinha\/","title":{"rendered":"Maternidade Solo: A for\u00e7a e os desafios de criar filhos sozinha"},"content":{"rendered":"<p style=\"text-align: right;\">Por Dr. Tiago Carvalho (@tiagocarvalho.tc)<\/p>\n<p style=\"text-align: justify;\">Ser m\u00e3e \u00e9 um dos pap\u00e9is mais exigentes e gratificantes que algu\u00e9m pode assumir. Agora, imagine carregar essa responsabilidade sozinha. A maternidade solo, embora seja uma jornada repleta de amor e dedica\u00e7\u00e3o, enfrenta uma s\u00e9rie de desafios intensos que merecem nossa aten\u00e7\u00e3o e apoio.<\/p>\n<p style=\"text-align: justify;\">As m\u00e3es que criam seus filhos sozinhas enfrentam um fardo significativo. Desde quest\u00f5es financeiras at\u00e9 o equil\u00edbrio entre trabalho e cria\u00e7\u00e3o dos filhos, cada dia \u00e9 um verdadeiro malabarismo entre in\u00fameras tarefas. O peso emocional e f\u00edsico de ser a \u00fanica provedora de amor, cuidado e sustento muitas vezes passa despercebido.<\/p>\n<p style=\"text-align: justify;\">O estigma social em rela\u00e7\u00e3o \u00e0 maternidade solo tamb\u00e9m \u00e9 uma realidade dolorosa. Julgamentos e estere\u00f3tipos muitas vezes obscurecem a verdadeira coragem e determina\u00e7\u00e3o dessas mulheres. A sociedade frequentemente negligencia os obst\u00e1culos que enfrentam, questionando suas decis\u00f5es e capacidades.<\/p>\n<p style=\"text-align: justify;\">Al\u00e9m disso, o sistema muitas vezes falha em oferecer apoio adequado a essas m\u00e3es. Recursos limitados, falta de licen\u00e7a-maternidade estendida e assist\u00eancia insuficiente podem deix\u00e1-las em uma situa\u00e7\u00e3o de vulnerabilidade, lutando para conciliar o papel de m\u00e3e e o sustento da fam\u00edlia.<\/p>\n<p style=\"text-align: justify;\">No entanto, \u00e9 imperativo reconhecer a resili\u00eancia e a for\u00e7a dessas mulheres. Elas s\u00e3o exemplos vivos de determina\u00e7\u00e3o, amor incondicional e coragem. Superam obst\u00e1culos di\u00e1rios com um esp\u00edrito indom\u00e1vel, mostrando aos filhos o verdadeiro significado de persist\u00eancia e bravura.<\/p>\n<p style=\"text-align: justify;\">A maternidade solo n\u00e3o \u00e9 apenas uma luta di\u00e1ria, \u00e9 uma jornada de amor inabal\u00e1vel e sacrif\u00edcio constante. \u00c9 uma demonstra\u00e7\u00e3o poderosa de como o amor materno transcende desafios, moldando crian\u00e7as resilientes e capazes de enfrentar o mundo com coragem.<\/p>\n<p style=\"text-align: justify;\">Precisamos de uma mudan\u00e7a profunda na maneira como a sociedade enxerga e apoia a maternidade solo. Isso implica em oferecer redes de apoio s\u00f3lidas, pol\u00edticas inclusivas que garantam equidade e oportunidades iguais, al\u00e9m de eliminar o estigma social que muitas vezes acompanha essas m\u00e3es.<\/p>\n<p style=\"text-align: justify;\">Oferecer suporte emocional, assist\u00eancia financeira adequada, oportunidades de emprego flex\u00edveis e programas de assist\u00eancia \u00e0 inf\u00e2ncia s\u00e3o passos fundamentais para tornar a jornada da maternidade solo menos \u00e1rdua. Essas medidas n\u00e3o apenas beneficiam as m\u00e3es, mas tamb\u00e9m contribuem para uma sociedade mais justa e emp\u00e1tica.<\/p>\n<p style=\"text-align: justify;\">\u00c9 hora de reconhecer e valorizar a maternidade solo pelo que ela \u00e9: uma prova de amor, resili\u00eancia e for\u00e7a. \u00c9 fundamental estender a m\u00e3o, oferecer apoio e criar um ambiente que permita a essas m\u00e3es criarem seus filhos com dignidade, respeito e oportunidades iguais.<\/p>\n<p style=\"text-align: justify;\">Fonte: InformaSUS, Funbeca<\/p>\n<p style=\"text-align: justify;\">&nbsp;<\/p>\n<p>&nbsp;<\/p>\n<p>&nbsp;<\/p>\n<p>&nbsp;<\/p>\n<p>&nbsp;<\/p>\n<p>&nbsp;<\/p>\n<p>&nbsp;<\/p>\n<p>&nbsp;<\/p>\n<p>&nbsp;<\/p>\n<p>&nbsp;<\/p>\n<p>&nbsp;<\/p>\n","protected":false},"excerpt":{"rendered":"<p>Por Dr. Tiago Carvalho (@tiagocarvalho.tc) Ser m\u00e3e \u00e9 um dos pap\u00e9is mais exigentes e gratificantes que algu\u00e9m pode assumir. Agora, imagine carregar essa responsabilidade sozinha. A maternidade solo, embora seja uma jornada repleta de amor e dedica\u00e7\u00e3o, enfrenta uma s\u00e9rie de desafios intensos que merecem nossa aten\u00e7\u00e3o e apoio. As m\u00e3es que criam seus filhos [&hellip;]<\/p>\n","protected":false},"author":1,"featured_media":34959,"comment_status":"open","ping_status":"open","sticky":false,"template":"","format":"standard","meta":{"ngg_post_thumbnail":0,"footnotes":""},"categories":[2,275,41],"tags":[],"class_list":["post-34958","post","type-post","status-publish","format-standard","has-post-thumbnail","hentry","category-destaques","category-mulher","category-ultimasnoticias"],"_links":{"self":[{"href":"https:\/\/somdepapo.com.br\/portal\/wp-json\/wp\/v2\/posts\/34958","targetHints":{"allow":["GET"]}}],"collection":[{"href":"https:\/\/somdepapo.com.br\/portal\/wp-json\/wp\/v2\/posts"}],"about":[{"href":"https:\/\/somdepapo.com.br\/portal\/wp-json\/wp\/v2\/types\/post"}],"author":[{"embeddable":true,"href":"https:\/\/somdepapo.com.br\/portal\/wp-json\/wp\/v2\/users\/1"}],"replies":[{"embeddable":true,"href":"https:\/\/somdepapo.com.br\/portal\/wp-json\/wp\/v2\/comments?post=34958"}],"version-history":[{"count":1,"href":"https:\/\/somdepapo.com.br\/portal\/wp-json\/wp\/v2\/posts\/34958\/revisions"}],"predecessor-version":[{"id":34960,"href":"https:\/\/somdepapo.com.br\/portal\/wp-json\/wp\/v2\/posts\/34958\/revisions\/34960"}],"wp:featuredmedia":[{"embeddable":true,"href":"https:\/\/somdepapo.com.br\/portal\/wp-json\/wp\/v2\/media\/34959"}],"wp:attachment":[{"href":"https:\/\/somdepapo.com.br\/portal\/wp-json\/wp\/v2\/media?parent=34958"}],"wp:term":[{"taxonomy":"category","embeddable":true,"href":"https:\/\/somdepapo.com.br\/portal\/wp-json\/wp\/v2\/categories?post=34958"},{"taxonomy":"post_tag","embeddable":true,"href":"https:\/\/somdepapo.com.br\/portal\/wp-json\/wp\/v2\/tags?post=34958"}],"curies":[{"name":"wp","href":"https:\/\/api.w.org\/{rel}","templated":true}]}}