{"id":35205,"date":"2024-02-18T14:56:14","date_gmt":"2024-02-18T17:56:14","guid":{"rendered":"https:\/\/somdepapo.com.br\/portal\/?p=35205"},"modified":"2024-02-18T14:56:14","modified_gmt":"2024-02-18T17:56:14","slug":"recuperar-o-cabelo-pos-carnaval-e-importante","status":"publish","type":"post","link":"https:\/\/somdepapo.com.br\/portal\/recuperar-o-cabelo-pos-carnaval-e-importante\/","title":{"rendered":"Recuperar o cabelo P\u00f3s-Carnaval \u00e9 importante"},"content":{"rendered":"<p style=\"text-align: right;\">Por Gilbertinho Cabelereiro&nbsp;<\/p>\n<p style=\"text-align: justify;\">O carnaval chegou ao fim e, consequentemente, ap\u00f3s muita exposi\u00e7\u00e3o ao sol e folia sem fim, o cabelo fica mais fr\u00e1gil e sem brilho. Mas isso n\u00e3o \u00e9 o fim do mundo e, ao seguir algumas dicas b\u00e1sicas, r\u00e1pidas e pr\u00e1ticas, os fios podem voltar ao normal e ficarem sedosos, fortes e brilhantes novamente. Como o cabelo j\u00e1 est\u00e1 fragilizado, evite usar el\u00e1sticos e presilhas nos dias p\u00f3s-Carnaval. Eles podem quebrar ainda mais os fios ou arrebent\u00e1-los, por isso, os deixe soltos. Al\u00e9m disso, quem tem os fios mais lisos, deve usar uma escova raquete, que ajuda a desembara\u00e7ar e n\u00e3o danificam os cabelos.<\/p>\n<p style=\"text-align: justify;\">Shampoo antirresiduos<\/p>\n<p style=\"text-align: justify;\">tamb\u00e9m \u00e9 uma \u00f3tima escolha para o fim do carnaval. Assim, todo o desequil\u00edbrio sofrido durante a folia \u00e9 recuperado, devolvendo a sa\u00fade para as madeixas. Esse tipo de shampoo ajuda a combater o excesso de \u00f3leo na raiz e as pontas ressecadas.<\/p>\n<p style=\"text-align: justify;\">O uso de shampoo\u00b4s antirres\u00edduos pode ser interessante para remover todos os produtos acumulados durante essa \u00e9poca. O cronograma capilar consiste em uma rotina de cuidados para recuperar os fios de diversos tipos de agress\u00f5es. Isso porque o calend\u00e1rio de cuidados combina tratamentos hidratantes, nutritivos e reconstrutores, e o resultado \u00e9 mais vis\u00edvel ap\u00f3s um m\u00eas.&nbsp;<\/p>\n<p>Imagem : Istock<\/p>\n<p style=\"text-align: justify;\">&nbsp;<\/p>\n<p style=\"text-align: justify;\">Att,&nbsp;<\/p>\n<p style=\"text-align: justify;\">Gilbertinho Cabeleireiro \ud83d\udc86\u200d\u2640\ufe0f\ud83d\udc87\u200d\u2640\ufe0f<\/p>\n<p style=\"text-align: justify;\">Instagram @gilbertinhocabeleireiro\ud83d\udc86\ud83c\udffd\u200d\u2640\ufe0f\ud83d\udc87\ud83c\udffd\u200d\u2642\ufe0f\ud83c\udf3b\ud83d\udc87\ud83c\udffc\u200d\u2640\ufe0f<\/p>\n<p style=\"text-align: justify;\">&nbsp;<\/p>\n","protected":false},"excerpt":{"rendered":"<p>Por Gilbertinho Cabelereiro&nbsp; O carnaval chegou ao fim e, consequentemente, ap\u00f3s muita exposi\u00e7\u00e3o ao sol e folia sem fim, o cabelo fica mais fr\u00e1gil e sem brilho. Mas isso n\u00e3o \u00e9 o fim do mundo e, ao seguir algumas dicas b\u00e1sicas, r\u00e1pidas e pr\u00e1ticas, os fios podem voltar ao normal e ficarem sedosos, fortes e [&hellip;]<\/p>\n","protected":false},"author":1,"featured_media":35206,"comment_status":"open","ping_status":"open","sticky":false,"template":"","format":"standard","meta":{"ngg_post_thumbnail":0,"footnotes":""},"categories":[2,32,41],"tags":[],"class_list":["post-35205","post","type-post","status-publish","format-standard","has-post-thumbnail","hentry","category-destaques","category-estetica","category-ultimasnoticias"],"_links":{"self":[{"href":"https:\/\/somdepapo.com.br\/portal\/wp-json\/wp\/v2\/posts\/35205","targetHints":{"allow":["GET"]}}],"collection":[{"href":"https:\/\/somdepapo.com.br\/portal\/wp-json\/wp\/v2\/posts"}],"about":[{"href":"https:\/\/somdepapo.com.br\/portal\/wp-json\/wp\/v2\/types\/post"}],"author":[{"embeddable":true,"href":"https:\/\/somdepapo.com.br\/portal\/wp-json\/wp\/v2\/users\/1"}],"replies":[{"embeddable":true,"href":"https:\/\/somdepapo.com.br\/portal\/wp-json\/wp\/v2\/comments?post=35205"}],"version-history":[{"count":1,"href":"https:\/\/somdepapo.com.br\/portal\/wp-json\/wp\/v2\/posts\/35205\/revisions"}],"predecessor-version":[{"id":35207,"href":"https:\/\/somdepapo.com.br\/portal\/wp-json\/wp\/v2\/posts\/35205\/revisions\/35207"}],"wp:featuredmedia":[{"embeddable":true,"href":"https:\/\/somdepapo.com.br\/portal\/wp-json\/wp\/v2\/media\/35206"}],"wp:attachment":[{"href":"https:\/\/somdepapo.com.br\/portal\/wp-json\/wp\/v2\/media?parent=35205"}],"wp:term":[{"taxonomy":"category","embeddable":true,"href":"https:\/\/somdepapo.com.br\/portal\/wp-json\/wp\/v2\/categories?post=35205"},{"taxonomy":"post_tag","embeddable":true,"href":"https:\/\/somdepapo.com.br\/portal\/wp-json\/wp\/v2\/tags?post=35205"}],"curies":[{"name":"wp","href":"https:\/\/api.w.org\/{rel}","templated":true}]}}