{"id":35233,"date":"2024-02-22T11:37:43","date_gmt":"2024-02-22T14:37:43","guid":{"rendered":"https:\/\/somdepapo.com.br\/portal\/?p=35233"},"modified":"2024-02-22T11:37:43","modified_gmt":"2024-02-22T14:37:43","slug":"sustentabilidade-no-carnaval-de-salvador-ritmo-melodia-e-reciclagem-transformadora","status":"publish","type":"post","link":"https:\/\/somdepapo.com.br\/portal\/sustentabilidade-no-carnaval-de-salvador-ritmo-melodia-e-reciclagem-transformadora\/","title":{"rendered":"Sustentabilidade no Carnaval de Salvador: Ritmo, Melodia e Reciclagem Transformadora"},"content":{"rendered":"<p style=\"text-align: right;\">Por Wellington Groj\u00e3o&nbsp;<\/p>\n<p style=\"text-align: justify;\">No presente ano, o Carnaval de Salvador revelou uma harmonia singular entre a festividade e a sustentabilidade, destacando-se por iniciativas que transcendem os tradicionais trios el\u00e9tricos. A not\u00e1vel atua\u00e7\u00e3o da startup Solos, alinhada ao compromisso ambiental, resultou na impressionante reciclagem de 135 toneladas de materiais recicl\u00e1veis . A colabora\u00e7\u00e3o sin\u00e9rgica entre a empresa e 11 cooperativas e associa\u00e7\u00f5es no F\u00f3rum Lixo Cidadania Bahia culminou na reciclagem adicional de 128 toneladas, deixando uma marca expressiva no meio ambiente e impulsionando a economia circular.<\/p>\n<p style=\"text-align: justify;\">Esta a\u00e7\u00e3o vai al\u00e9m da preserva\u00e7\u00e3o de nossos recursos naturais; ela reverbera nas comunidades locais. A Solos, inserida nesse ciclo econ\u00f4mico sustent\u00e1vel, proporcionou uma renda significativa de 880 mil reais, beneficiando centenas de milhares de fam\u00edlias envolvidas na coleta desses materiais. O Carnaval, para al\u00e9m de seu pulsante ritmo, transformou-se em um cen\u00e1rio prop\u00edcio para transforma\u00e7\u00f5es socioecon\u00f4micas.<\/p>\n<p style=\"text-align: justify;\">O Carnaval de Salvador, reconhecido como o maior evento de rua do mundo, n\u00e3o apenas desfila fantasias coloridas, mas tamb\u00e9m assume uma postura respons\u00e1vel com rela\u00e7\u00e3o ao meio ambiente. Os res\u00edduos s\u00f3lidos gerados pela festividade, quando devidamente separados, tornam-se mat\u00e9ria-prima para novos produtos, evitando assim sua perman\u00eancia na natureza por s\u00e9culos.<\/p>\n<p style=\"text-align: justify;\">Dessa forma, a alegria contagiante do Carnaval de Salvador agora ecoa n\u00e3o apenas nos acordes das m\u00fasicas, mas tamb\u00e9m na harmonia entre festa e responsabilidade s\u00f3cioambiental. O \u00eaxito dessa melodia sustent\u00e1vel ressoa como um exemplo a ser seguido, evidenciando que \u00e9 poss\u00edvel celebrar sem prejudicar nosso planeta. Que essa sinfonia verde inspire outros eventos a adotarem pr\u00e1ticas conscientes, transformando o Carnaval em uma festa para todos, inclusive para o nosso meio ambiente.<\/p>\n<p style=\"text-align: justify;\">Esta transforma\u00e7\u00e3o positiva no Carnaval de Salvador n\u00e3o apenas destaca a import\u00e2ncia da sustentabilidade, mas tamb\u00e9m aponta para o potencial de eventos culturais como agentes de mudan\u00e7a socioambiental. Ao abra\u00e7ar a responsabilidade ambiental, o evento n\u00e3o apenas preserva a natureza, mas tamb\u00e9m impulsiona a prosperidade de comunidades locais, exemplificado pela significativa inje\u00e7\u00e3o financeira da Solos e suas parcerias.<\/p>\n<p style=\"text-align: justify;\">Al\u00e9m de suas dimens\u00f5es festivas, o Carnaval se torna assim um catalisador para a constru\u00e7\u00e3o de um futuro mais consciente e equitativo. A reciclagem em larga escala n\u00e3o apenas reduz o impacto negativo no meio ambiente, mas tamb\u00e9m cria oportunidades de emprego e renda para aqueles que participam ativamente do processo.<\/p>\n<p style=\"text-align: justify;\">O sucesso desta iniciativa n\u00e3o deve ser encarado como um feito isolado, mas como um modelo inspirador para futuros eventos em todo o mundo. A sinergia entre celebra\u00e7\u00e3o e sustentabilidade n\u00e3o s\u00f3 enriquece a experi\u00eancia do Carnaval, mas tamb\u00e9m serve como um farol, guiando outros eventos culturais a adotarem pr\u00e1ticas ecoconscientes.<\/p>\n<p style=\"text-align: justify;\">Em conclus\u00e3o, o Carnaval de Salvador, ao se tornar um palco para a transforma\u00e7\u00e3o sustent\u00e1vel, n\u00e3o s\u00f3 encanta multid\u00f5es com sua m\u00fasica e folia, mas tamb\u00e9m deixa uma pegada positiva e duradoura no cora\u00e7\u00e3o da cidade e no planeta como um todo. Que este exemplo ecoe para al\u00e9m das fronteiras, inspirando n\u00e3o apenas festivais, mas toda uma gera\u00e7\u00e3o a abra\u00e7ar a harmonia entre celebra\u00e7\u00e3o e responsabilidade ambiental.<\/p>\n<p style=\"text-align: justify;\">Refer\u00eancias:<\/p>\n<p style=\"text-align: justify;\">https:\/\/www.instagram.com\/alimentesolos?igsh=a2NmcW11ZjBuZjdj<\/p>\n<p style=\"text-align: justify;\">https:\/\/www.instagram.com\/forumlixocidadaniabahia?igsh=cHZncnRoNXJwNnk0<\/p>\n<p style=\"text-align: justify;\">https:\/\/g1.globo.com\/bahia\/carnaval\/2014\/noticia\/2014\/02\/conheca-historia-do-carnaval-de-salvador-contada-por-jornalista-da-ba.html<\/p>\n<p style=\"text-align: justify;\">Escrita por Wellington Groj\u00e3o<\/p>\n<p style=\"text-align: justify;\">&nbsp;<\/p>\n<p>&nbsp;<\/p>\n<p>&nbsp;<\/p>\n<p>&nbsp;<\/p>\n<p>&nbsp;<\/p>\n<p>&nbsp;<\/p>\n<p>&nbsp;<\/p>\n<p>&nbsp;<\/p>\n<p>&nbsp;<\/p>\n<p>&nbsp;<\/p>\n<p>&nbsp;<\/p>\n<p>&nbsp;<\/p>\n<p>&nbsp;<\/p>\n<p>&nbsp;<\/p>\n<p>&nbsp;<\/p>\n<p>&nbsp;<\/p>\n<p>&nbsp;<\/p>\n<p>&nbsp;<\/p>\n<p>&nbsp;<\/p>\n<p>&nbsp;<\/p>\n<p>&nbsp;<\/p>\n<p>&nbsp;<\/p>\n","protected":false},"excerpt":{"rendered":"<p>Por Wellington Groj\u00e3o&nbsp; No presente ano, o Carnaval de Salvador revelou uma harmonia singular entre a festividade e a sustentabilidade, destacando-se por iniciativas que transcendem os tradicionais trios el\u00e9tricos. A not\u00e1vel atua\u00e7\u00e3o da startup Solos, alinhada ao compromisso ambiental, resultou na impressionante reciclagem de 135 toneladas de materiais recicl\u00e1veis . A colabora\u00e7\u00e3o sin\u00e9rgica entre a [&hellip;]<\/p>\n","protected":false},"author":1,"featured_media":35234,"comment_status":"open","ping_status":"open","sticky":false,"template":"","format":"standard","meta":{"ngg_post_thumbnail":0,"footnotes":""},"categories":[2,227,41],"tags":[],"class_list":["post-35233","post","type-post","status-publish","format-standard","has-post-thumbnail","hentry","category-destaques","category-sustentabilidade","category-ultimasnoticias"],"_links":{"self":[{"href":"https:\/\/somdepapo.com.br\/portal\/wp-json\/wp\/v2\/posts\/35233","targetHints":{"allow":["GET"]}}],"collection":[{"href":"https:\/\/somdepapo.com.br\/portal\/wp-json\/wp\/v2\/posts"}],"about":[{"href":"https:\/\/somdepapo.com.br\/portal\/wp-json\/wp\/v2\/types\/post"}],"author":[{"embeddable":true,"href":"https:\/\/somdepapo.com.br\/portal\/wp-json\/wp\/v2\/users\/1"}],"replies":[{"embeddable":true,"href":"https:\/\/somdepapo.com.br\/portal\/wp-json\/wp\/v2\/comments?post=35233"}],"version-history":[{"count":1,"href":"https:\/\/somdepapo.com.br\/portal\/wp-json\/wp\/v2\/posts\/35233\/revisions"}],"predecessor-version":[{"id":35235,"href":"https:\/\/somdepapo.com.br\/portal\/wp-json\/wp\/v2\/posts\/35233\/revisions\/35235"}],"wp:featuredmedia":[{"embeddable":true,"href":"https:\/\/somdepapo.com.br\/portal\/wp-json\/wp\/v2\/media\/35234"}],"wp:attachment":[{"href":"https:\/\/somdepapo.com.br\/portal\/wp-json\/wp\/v2\/media?parent=35233"}],"wp:term":[{"taxonomy":"category","embeddable":true,"href":"https:\/\/somdepapo.com.br\/portal\/wp-json\/wp\/v2\/categories?post=35233"},{"taxonomy":"post_tag","embeddable":true,"href":"https:\/\/somdepapo.com.br\/portal\/wp-json\/wp\/v2\/tags?post=35233"}],"curies":[{"name":"wp","href":"https:\/\/api.w.org\/{rel}","templated":true}]}}