{"id":35257,"date":"2024-02-25T07:18:40","date_gmt":"2024-02-25T10:18:40","guid":{"rendered":"https:\/\/somdepapo.com.br\/portal\/?p=35257"},"modified":"2024-02-25T07:18:40","modified_gmt":"2024-02-25T10:18:40","slug":"desafios-e-oportunidades-no-mercado-de-trabalho-para-maiores-de-40-anos","status":"publish","type":"post","link":"https:\/\/somdepapo.com.br\/portal\/desafios-e-oportunidades-no-mercado-de-trabalho-para-maiores-de-40-anos\/","title":{"rendered":"Desafios e Oportunidades no Mercado de Trabalho para maiores de 40 anos"},"content":{"rendered":"<p style=\"text-align: right;\">Por: Andr\u00e9a Alvarenga<\/p>\n<p style=\"text-align: justify;\">Consultora de RH, Palestrante, Multiplicadora<\/p>\n<p style=\"text-align: justify;\">No din\u00e2mico mundo contempor\u00e2neo, o mercado de trabalho est\u00e1 em constante evolu\u00e7\u00e3o, apresentando novos desafios e oportunidades para profissionais de todas as idades. Entre esses grupos, os maiores de 40 anos enfrentam uma s\u00e9rie de quest\u00f5es \u00fanicas \u00e0 medida que buscam se manter relevantes e progredir em suas carreiras. Diante desse cen\u00e1rio, \u00e9 essencial explorar os desafios enfrentados por esse grupo demogr\u00e1fico e as estrat\u00e9gias para conquistar oportunidades ao chegarmos nessa fase.<\/p>\n<p><img decoding=\"async\" class=\"alignnone size-full wp-image-35258\" src=\"https:\/\/somdepapo.com.br\/portal\/wp-content\/uploads\/2024\/02\/IMAGEM-40-ANOS-TRABALHO.jpeg\" alt=\"\" width=\"222\" height=\"219\"><\/p>\n<p style=\"text-align: justify;\">O primeiro desafio que os profissionais enfrentam no mercado de trabalho \u00e9 a discrimina\u00e7\u00e3o et\u00e1ria. Muitas empresas t\u00eam preconceitos em rela\u00e7\u00e3o a candidatos mais velhos, associando idade com falta de energia, adaptabilidade ou familiaridade com tecnologia. Entretanto, trabalhadores mais experientes frequentemente trazem uma s\u00e9rie de habilidades valiosas para o local de trabalho, como resili\u00eancia, habilidades interpessoais fluidas, eficazes e uma s\u00f3lida base de conhecimentos adquiridos.<\/p>\n<p style=\"text-align: justify;\">Levando em considera\u00e7\u00e3o que ainda existem empresas que praticam a discrimina\u00e7\u00e3o et\u00e1ria, pela cren\u00e7a da rela\u00e7\u00e3o com a falta de energia, falta de atualiza\u00e7\u00e3o tecnol\u00f3gica, pensamentos e atitudes conservadoras, e por isso, inflex\u00edveis e pouco adapt\u00e1veis, entendo que para entrar no mercado de trabalho ap\u00f3s os 40 anos, \u00e9 necess\u00e1rio que o profissional esteja atento a algumas habilidades que reunidas \u00e0 sua experi\u00eancia, promover\u00e3o sua inser\u00e7\u00e3o e reconhecimento de sua performance, como:<\/p>\n<p style=\"text-align: justify;\">&#8211; atualizar-se e\/ou adquirir habilidades digitais, atrav\u00e9s de cursos, workshops ou programas de treinamento, mentoria ou apoio de profissionais da \u00e1rea, com foco em tecnologia.<\/p>\n<p style=\"text-align: justify;\">&#8211; elaborar um curr\u00edculo diferenciado e que permita mostrar sua experi\u00eancia, que destaque suas conquistas profissionais, seus resultados relevantes nas atividades desenvolvidas, suas forma\u00e7\u00f5es acad\u00eamicas, sua maturidade profissional, com simplicidade e firmeza.<\/p>\n<p style=\"text-align: justify;\">&#8211; desenvolva networking. Frequente rodas de profissionais que possam te ver, te ouvir e que voc\u00ea possa trocar experi\u00eancias, aprender e tamb\u00e9m apoiar. Participe, envolva-se.<\/p>\n<p style=\"text-align: justify;\">&#8211; Utilize bem suas redes sociais movimentando assuntos atuais, inovadores, que envolvam sua \u00e1rea de atua\u00e7\u00e3o, mostre o quanto est\u00e1 por dentro dos assuntos. Coloque fotos interessantes, sem se exceder, mostrando equil\u00edbrio, alegria, disposi\u00e7\u00e3o, rela\u00e7\u00f5es interpessoais.<\/p>\n<p style=\"text-align: justify;\">Muitas empresas h\u00e1 alguns anos est\u00e3o reconhecendo o valor da diversidade geracional e est\u00e3o levando para suas empresas profissionais experientes com as perspectivas \u00fanicas que podem oferecer.<\/p>\n<p style=\"text-align: justify;\">Al\u00e9m disso, h\u00e1 estudos de que at\u00e9 2060, muitos empregados ter\u00e3o mais de 40 anos. Isso significa muito, inclusive em reconhecer a import\u00e2ncia da experi\u00eancia, quando se busca a excel\u00eancia em um nicho de mercado que est\u00e1 cada dia mais oferecendo produtos e servi\u00e7os voltados para esse segmento demogr\u00e1fico, criando oportunidades para quem pode identificar e atender essas necessidades.<\/p>\n<p style=\"text-align: justify;\">\u00c9 importante que os profissionais experientes adotem uma mentalidade de resili\u00eancia e adaptabilidade ao navegar pelo mercado de trabalho em constante mudan\u00e7a, para a constru\u00e7\u00e3o de sua marca pessoal forte e diferenciada.<\/p>\n<p style=\"text-align: justify;\">Ao se comprometer com o aprendizado constante, a inova\u00e7\u00e3o e a busca ativa de novas oportunidades, os profissionais com mais de 40 anos, podem n\u00e3o apenas enfrentar os desafios do mercado de trabalho moderno, mas tamb\u00e9m prosperar e alcan\u00e7ar sucesso significativo em suas carreiras. Seja seu Marketing!<\/p>\n<p style=\"text-align: justify;\">Refer\u00eancias textos e imagem:<\/p>\n<p style=\"text-align: justify;\">https:\/\/carreirafacil.com\/emprego-apos-os-40-anos\/<\/p>\n<p style=\"text-align: justify;\">https:\/\/www.gupy.io\/blog\/trabalho-depois-dos-40<\/p>\n<p style=\"text-align: justify;\">https:\/\/oglobo.globo.com\/economia\/noticia\/2023\/07\/em-2060-maioria-dos-trabalhadores-tera-mais-de-40-anos-empresas-ja-criam-vagas-para-profissionais-mais-velhos.ghtml<\/p>\n<p style=\"text-align: justify;\">&nbsp;<\/p>\n<p>&nbsp;<\/p>\n<p>&nbsp;<\/p>\n<p>&nbsp;<\/p>\n<p>&nbsp;<\/p>\n<p>&nbsp;<\/p>\n<p>&nbsp;<\/p>\n<p>&nbsp;<\/p>\n","protected":false},"excerpt":{"rendered":"<p>Por: Andr\u00e9a Alvarenga Consultora de RH, Palestrante, Multiplicadora No din\u00e2mico mundo contempor\u00e2neo, o mercado de trabalho est\u00e1 em constante evolu\u00e7\u00e3o, apresentando novos desafios e oportunidades para profissionais de todas as idades. Entre esses grupos, os maiores de 40 anos enfrentam uma s\u00e9rie de quest\u00f5es \u00fanicas \u00e0 medida que buscam se manter relevantes e progredir em [&hellip;]<\/p>\n","protected":false},"author":1,"featured_media":35259,"comment_status":"open","ping_status":"open","sticky":false,"template":"","format":"standard","meta":{"ngg_post_thumbnail":0,"footnotes":""},"categories":[2,155,41],"tags":[],"class_list":["post-35257","post","type-post","status-publish","format-standard","has-post-thumbnail","hentry","category-destaques","category-mercado-de-trabalho-2","category-ultimasnoticias"],"_links":{"self":[{"href":"https:\/\/somdepapo.com.br\/portal\/wp-json\/wp\/v2\/posts\/35257","targetHints":{"allow":["GET"]}}],"collection":[{"href":"https:\/\/somdepapo.com.br\/portal\/wp-json\/wp\/v2\/posts"}],"about":[{"href":"https:\/\/somdepapo.com.br\/portal\/wp-json\/wp\/v2\/types\/post"}],"author":[{"embeddable":true,"href":"https:\/\/somdepapo.com.br\/portal\/wp-json\/wp\/v2\/users\/1"}],"replies":[{"embeddable":true,"href":"https:\/\/somdepapo.com.br\/portal\/wp-json\/wp\/v2\/comments?post=35257"}],"version-history":[{"count":1,"href":"https:\/\/somdepapo.com.br\/portal\/wp-json\/wp\/v2\/posts\/35257\/revisions"}],"predecessor-version":[{"id":35260,"href":"https:\/\/somdepapo.com.br\/portal\/wp-json\/wp\/v2\/posts\/35257\/revisions\/35260"}],"wp:featuredmedia":[{"embeddable":true,"href":"https:\/\/somdepapo.com.br\/portal\/wp-json\/wp\/v2\/media\/35259"}],"wp:attachment":[{"href":"https:\/\/somdepapo.com.br\/portal\/wp-json\/wp\/v2\/media?parent=35257"}],"wp:term":[{"taxonomy":"category","embeddable":true,"href":"https:\/\/somdepapo.com.br\/portal\/wp-json\/wp\/v2\/categories?post=35257"},{"taxonomy":"post_tag","embeddable":true,"href":"https:\/\/somdepapo.com.br\/portal\/wp-json\/wp\/v2\/tags?post=35257"}],"curies":[{"name":"wp","href":"https:\/\/api.w.org\/{rel}","templated":true}]}}